{"id":98,"date":"2008-06-05T22:00:47","date_gmt":"2008-06-05T21:00:47","guid":{"rendered":"http:\/\/alexismonville.wordpress.com\/?p=98"},"modified":"2008-06-05T22:00:47","modified_gmt":"2008-06-05T21:00:47","slug":"donnees-personnelles-risques-et-opportunites","status":"publish","type":"post","link":"https:\/\/blog-alexis.monville.com\/fr\/2008\/06\/05\/donnees-personnelles-risques-et-opportunites\/","title":{"rendered":"Donn\u00e9es personnelles : risques et opportunit\u00e9s"},"content":{"rendered":"<p>Voici le th\u00e8me de cette table ronde organis\u00e9e par le Club S\u00e9nat anim\u00e9e par son Secr\u00e9taire g\u00e9n\u00e9ral adjoint Jean-R\u00e9mi GRATADOUR :<\/p>\n<p style=\"padding-left:30px\"><em>Ma\u00eetre Alain BENSOUSSAN, avocat, Cabinet Bensoussan, auteur de \u00ab Informatique et libert\u00e9s \u00bb (Francis Lefebvre), commentera l&rsquo;\u00e9volution juridique du concept de donn\u00e9es personnelles sur Internet.<\/em><\/p>\n<p style=\"padding-left:30px\"><em> Monsieur J\u00e9r\u00f4me BOUTEILLER, r\u00e9dacteur en chef de Neteco, co-auteur de \u00ab Bienvenue sur Facebook ! Le mode d\u2019emploi \u00bb (Albin Michel), \u00e9voquera le r\u00f4le des donn\u00e9es personnelles dans la strat\u00e9gie marketing et commerciale de Facebook. <\/em><\/p>\n<p style=\"padding-left:30px\"><em> Monsieur Jean GONI\u00c9, responsable des Affaires institutionnelles de Microsoft France, pr\u00e9sentera les principes de respect de la vie priv\u00e9e de Live Search et de la publicit\u00e9 en ligne cibl\u00e9e.<\/em><\/p>\n<p style=\"padding-left:30px\"><em>A l&rsquo;issue de ces \u00e9changes, il sera propos\u00e9 \u00e0 Madame Sophie TAVERNIER, Directeur des Affaires juridiques, internationales et de l&rsquo;Expertise de la Commission nationale de l\u2019Informatique et des libert\u00e9s, de reprendre les \u00e9l\u00e9ments de la discussion, de pr\u00e9senter sa perception des \u00e9volutions et le r\u00f4le d\u00e9sormais jou\u00e9 par la CNIL.<\/em><\/p>\n<p>Difficile de restituer l&rsquo;habilet\u00e9 oratoire d&rsquo;Alain Bensoussan, cet \u00ab\u00a0amoureux\u00a0\u00bb de la loi de 78, comme il se qualifie lui-m\u00eame, \u00ab\u00a0d\u00e9\u00e7ue\u00a0\u00bb comme aurait dit le pr\u00e9sident de la CNIL, d\u00e9crit l&rsquo;\u00e9volution de la loi en insistant sur l&rsquo;inversion : \u00ab\u00a0moins d&rsquo;exigence pour le secteur public\u00a0\u00bb (qui \u00e9tait vu comme le big brother en puissance \u00e0 l&rsquo;\u00e9poque) et \u00ab\u00a0plus d&rsquo;exigence pour le secteur priv\u00e9\u00a0\u00bb (dont on avait certainement pas anticip\u00e9 les capacit\u00e9s de traitement\/croisement&#8230; de fichier \u00e0 l&rsquo;\u00e9poque de la r\u00e9daction du texte)&#8230; alors m\u00eame que le secteur public fabrique le passeport biom\u00e9trique&#8230;<\/p>\n<p><!--more--><\/p>\n<p>Alain Bensoussan en appelle \u00e0 la cr\u00e9ation de <em>droit de l&rsquo;homme num\u00e9rique<\/em>, souhaitant passer ainsi de la protection des donn\u00e9es personnelles \u00e0 la propri\u00e9t\u00e9 de ces m\u00eames donn\u00e9es&#8230; Des transformations majeures de notre rapport \u00e0 l&rsquo;informatique justifieraient cela :<\/p>\n<ul>\n<li>le passage de l&rsquo;asynchrone au synchrone dans l&rsquo;identification des personnes ;<\/li>\n<li>le peu d&rsquo;appropriation du concept de protection des donn\u00e9es personnelles qui conduit le grand public \u00e0 livrer beaucoup d&rsquo;information et ne se poser que tardivement les questions d&rsquo;anonymat, d&rsquo;oubli ou de m\u00e9moire&#8230;<\/li>\n<\/ul>\n<p>Les intervenants suivants avaient la lourde tache de succ\u00e9der \u00e0 Alain Bensoussan, J\u00e9r\u00f4me Bouteiller a pr\u00e9senter le concept de facebook, en repartant de l&rsquo;histoire de la cr\u00e9ation de ce r\u00e9seau social, des inqui\u00e9tudes ou rejets li\u00e9s \u00e0 la cr\u00e9ation de certaines fonctionnalit\u00e9s comme les news feed, ou l&rsquo;apparition de la publicit\u00e9&#8230; Il n&#8217;emp\u00eache que malgr\u00e9 quelques inqui\u00e9tudes les utilisateurs livrent de nombreuses donn\u00e9es personnelles contre un service minimum, sans avoir d&rsquo;ailleurs pris connaissance des conditions d&rsquo;utilisation de leur donn\u00e9es (m\u00eame si ils cochent la case indiquant leur accord&#8230;)<\/p>\n<p>Jean Goni\u00e9 pr\u00e9sentait la strat\u00e9gie de Microsoft, en expliquant l&rsquo;int\u00e9r\u00eat de cr\u00e9er un \u00ab\u00a0Internet de Confiance\u00a0\u00bb, d\u00e9montrant par les chiffres la supr\u00e9matie de microsoft dans le domaine de la messagerie instantan\u00e9e (75% de part de march\u00e9 en France, 14 millions d&rsquo;utilisateurs par jour). Microsoft propose, de lui-m\u00eame, 5 \u00ab\u00a0privacy principles\u00a0\u00bb dont l&rsquo;anonymisation des donn\u00e9es au bout de 18 mois <em>[remarques d&rsquo;Alain Bensoussan : pourquoi 18 mois alors que la CNIL pr\u00e9conise 6 mois ? pourquoi pas jamais ? ou tout de suite ? pourquoi ne serait-ce pas \u00e0 l&rsquo;utilisateur de d\u00e9cider ?]<\/em> , et l&rsquo;assurance de confidentialit\u00e9.<\/p>\n<p>Sophie Tavernier montrait une grande ma\u00eetrise de ce sujet, elle introduisait le sujet par le rappel des d\u00e9fis pr\u00e9sent\u00e9 par le Pr\u00e9sident de la CNIL, Alex Turk, lors de la <a href=\"http:\/\/www.cnil.fr\/index.php?id=2152\" target=\"_blank\">conf\u00e9rence de Londres<\/a> :<\/p>\n<ol>\n<li>Technologique : du fait d&rsquo;une acc\u00e9l\u00e9ration des \u00e9volutions technologique, de la globalisation des \u00e9changes, de l&rsquo;ambivalence entre confort et danger apport\u00e9, de la nature impr\u00e9visible des \u00e9volutions technologique, de l&rsquo;apparition de traitement invisible des donn\u00e9es, et du caract\u00e8re irr\u00e9versible de ces \u00e9volutions&#8230;<\/li>\n<li>Normatif : du fait de nouvelles l\u00e9gislations de lutte anti-terroriste, le pi\u00e8ge du manich\u00e9isme, le risque de l&rsquo;engrenage, l&rsquo;illusion d&rsquo;exemplarit\u00e9, le mirage du fichier \u00ab\u00a0rem\u00e8de\u00a0\u00bb et le mythe de l&rsquo;infaillibilit\u00e9 de l&rsquo;informatique&#8230;<\/li>\n<li>R\u00e9putation de la protection des donn\u00e9es : les autorit\u00e9s de protection des donn\u00e9es \u00e9tant desservies par une r\u00e9putation tr\u00e8s n\u00e9gative.<\/li>\n<\/ol>\n<p>Les actions de la commission vont \u00eatre d&rsquo;informer, de d\u00e9velopper son r\u00f4le de conseil et d&rsquo;expertise, d&rsquo;accentuer le contr\u00f4le \u00e0 post\u00e9riori en accroissant ses capacit\u00e9s de sanction.<\/p>\n<p><em>Communiquer vers le grand public sur le capital d&rsquo;identit\u00e9 et de vie priv\u00e9 invisible comme l&rsquo;air que nous respirons, mais dont l&rsquo;absence est tout aussi dramatique lorsqu&rsquo;il vient \u00e0 manquer.<\/em><\/p>\n","protected":false},"excerpt":{"rendered":"<p>Voici le th\u00e8me de cette table ronde organis\u00e9e par le Club S\u00e9nat anim\u00e9e par son Secr\u00e9taire g\u00e9n\u00e9ral adjoint Jean-R\u00e9mi GRATADOUR : Ma\u00eetre Alain BENSOUSSAN, avocat, Cabinet Bensoussan, auteur de \u00ab Informatique et libert\u00e9s \u00bb (Francis Lefebvre), commentera l&rsquo;\u00e9volution juridique du concept de donn\u00e9es personnelles sur Internet. Monsieur J\u00e9r\u00f4me BOUTEILLER, r\u00e9dacteur en chef de Neteco, co-auteur [&hellip;]<\/p>\n","protected":false},"author":1,"featured_media":0,"comment_status":"open","ping_status":"open","sticky":false,"template":"","format":"standard","meta":{"jetpack_post_was_ever_published":false,"_jetpack_newsletter_access":"","_jetpack_dont_email_post_to_subs":false,"_jetpack_newsletter_tier_id":0,"_jetpack_memberships_contains_paywalled_content":false,"_jetpack_memberships_contains_paid_content":false,"footnotes":"","jetpack_publicize_message":"","jetpack_publicize_feature_enabled":true,"jetpack_social_post_already_shared":false,"jetpack_social_options":{"image_generator_settings":{"template":"highway","default_image_id":0,"font":"","enabled":false},"version":2}},"categories":[6],"tags":[234,389],"class_list":["post-98","post","type-post","status-publish","format-standard","hentry","category-general","tag-donnees-personnelles","tag-informatique-et-liberte"],"jetpack_publicize_connections":[],"jetpack_featured_media_url":"","jetpack_sharing_enabled":true,"jetpack_shortlink":"https:\/\/wp.me\/pazAbl-1A","_links":{"self":[{"href":"https:\/\/blog-alexis.monville.com\/fr\/wp-json\/wp\/v2\/posts\/98","targetHints":{"allow":["GET"]}}],"collection":[{"href":"https:\/\/blog-alexis.monville.com\/fr\/wp-json\/wp\/v2\/posts"}],"about":[{"href":"https:\/\/blog-alexis.monville.com\/fr\/wp-json\/wp\/v2\/types\/post"}],"author":[{"embeddable":true,"href":"https:\/\/blog-alexis.monville.com\/fr\/wp-json\/wp\/v2\/users\/1"}],"replies":[{"embeddable":true,"href":"https:\/\/blog-alexis.monville.com\/fr\/wp-json\/wp\/v2\/comments?post=98"}],"version-history":[{"count":0,"href":"https:\/\/blog-alexis.monville.com\/fr\/wp-json\/wp\/v2\/posts\/98\/revisions"}],"wp:attachment":[{"href":"https:\/\/blog-alexis.monville.com\/fr\/wp-json\/wp\/v2\/media?parent=98"}],"wp:term":[{"taxonomy":"category","embeddable":true,"href":"https:\/\/blog-alexis.monville.com\/fr\/wp-json\/wp\/v2\/categories?post=98"},{"taxonomy":"post_tag","embeddable":true,"href":"https:\/\/blog-alexis.monville.com\/fr\/wp-json\/wp\/v2\/tags?post=98"}],"curies":[{"name":"wp","href":"https:\/\/api.w.org\/{rel}","templated":true}]}}