{"id":97,"date":"2008-06-02T17:21:37","date_gmt":"2008-06-02T16:21:37","guid":{"rendered":"http:\/\/alexismonville.wordpress.com\/?p=97"},"modified":"2008-06-02T17:21:37","modified_gmt":"2008-06-02T16:21:37","slug":"assises-du-numerique","status":"publish","type":"post","link":"https:\/\/blog-alexis.monville.com\/fr\/2008\/06\/02\/assises-du-numerique\/","title":{"rendered":"Assises du num\u00e9rique"},"content":{"rendered":"<p>Les assises du num\u00e9rique ont \u00e9t\u00e9 ouvertes ce jeudi 29 mai 2008. Beaucoup de choses ont \u00e9t\u00e9 dites sur ce sujet, j&rsquo;avais simplement envie de revenir sur quelques moments :<\/p>\n<ul>\n<li>Le discours d&rsquo;ouverture d&rsquo;Eric Besson : plan pour le d\u00e9veloppement du num\u00e9rique pour la fin juillet, 27 axes de travail, 90 chantiers, un site collaboratif : <a href=\"http:\/\/assisesdunumerique.fr\" target=\"_blank\">http:\/\/assisesdunumerique.fr<\/a><\/li>\n<li>Le discours d&rsquo;ouverture de Viviane Redding : Beaucoup d&rsquo;enthousiasme ! M\u00eame lorsqu&rsquo;elle rappelle \u00e0 la France ses obligations en mati\u00e8re de d\u00e9ficit, ou que la pr\u00e9sidence de l&rsquo;Europe lui revient dans quelques jours&#8230; Le num\u00e9rique est une opportunit\u00e9 de d\u00e9veloppement&#8230; acc\u00e8s pour tous (40% de personnes n&rsquo;ayant pas acc\u00e8s \u00e0 Internet), contenus pour tous, leadership dans le mobile \u00e0 conserver en prenant les bonnes d\u00e9cisions de lib\u00e9ration de fr\u00e9quence permettant de r\u00e9\u00e9diter le succ\u00e8s du GSM, \u00e9mergence d&rsquo;un r\u00e9gulateur europ\u00e9en avec un v\u00e9ritable pouvoir permettant de d\u00e9passer le niveau du plus petit d\u00e9nominateur&#8230; Annonce du lancement de <a href=\"http:\/\/europeana.eu\/\" target=\"_blank\">Europeana<\/a> pour novembre 2008 2 millions d&rsquo;\u0153uvres accessible \u00e0 tous !!<\/li>\n<li>L&rsquo;Internet 3.0 ou on parle \u00e0 nouveaux du potentiel de partage et d&rsquo;\u00e9change qu&rsquo;apportent les technologies num\u00e9rique, l&rsquo;envie de publier les ressources p\u00e9dagogiques pour aller vers une formation pour tous&#8230;<\/li>\n<\/ul>\n<p>Bien d&rsquo;autres choses au cours de cette journ\u00e9e tr\u00e8s dense laissant peu de place aux contributions et commentaires de l&rsquo;assistance.<\/p>\n","protected":false},"excerpt":{"rendered":"<p>Les assises du num\u00e9rique ont \u00e9t\u00e9 ouvertes ce jeudi 29 mai 2008. Beaucoup de choses ont \u00e9t\u00e9 dites sur ce sujet, j&rsquo;avais simplement envie de revenir sur quelques moments : Le discours d&rsquo;ouverture d&rsquo;Eric Besson : plan pour le d\u00e9veloppement du num\u00e9rique pour la fin juillet, 27 axes de travail, 90 chantiers, un site collaboratif [&hellip;]<\/p>\n","protected":false},"author":1,"featured_media":0,"comment_status":"open","ping_status":"open","sticky":false,"template":"","format":"standard","meta":{"jetpack_post_was_ever_published":false,"_jetpack_newsletter_access":"","_jetpack_dont_email_post_to_subs":false,"_jetpack_newsletter_tier_id":0,"_jetpack_memberships_contains_paywalled_content":false,"_jetpack_memberships_contains_paid_content":false,"footnotes":"","jetpack_publicize_message":"","jetpack_publicize_feature_enabled":true,"jetpack_social_post_already_shared":false,"jetpack_social_options":{"image_generator_settings":{"template":"highway","default_image_id":0,"font":"","enabled":false},"version":2}},"categories":[6],"tags":[510],"class_list":["post-97","post","type-post","status-publish","format-standard","hentry","category-general","tag-numerique"],"jetpack_publicize_connections":[],"jetpack_featured_media_url":"","jetpack_sharing_enabled":true,"jetpack_shortlink":"https:\/\/wp.me\/pazAbl-1z","_links":{"self":[{"href":"https:\/\/blog-alexis.monville.com\/fr\/wp-json\/wp\/v2\/posts\/97","targetHints":{"allow":["GET"]}}],"collection":[{"href":"https:\/\/blog-alexis.monville.com\/fr\/wp-json\/wp\/v2\/posts"}],"about":[{"href":"https:\/\/blog-alexis.monville.com\/fr\/wp-json\/wp\/v2\/types\/post"}],"author":[{"embeddable":true,"href":"https:\/\/blog-alexis.monville.com\/fr\/wp-json\/wp\/v2\/users\/1"}],"replies":[{"embeddable":true,"href":"https:\/\/blog-alexis.monville.com\/fr\/wp-json\/wp\/v2\/comments?post=97"}],"version-history":[{"count":0,"href":"https:\/\/blog-alexis.monville.com\/fr\/wp-json\/wp\/v2\/posts\/97\/revisions"}],"wp:attachment":[{"href":"https:\/\/blog-alexis.monville.com\/fr\/wp-json\/wp\/v2\/media?parent=97"}],"wp:term":[{"taxonomy":"category","embeddable":true,"href":"https:\/\/blog-alexis.monville.com\/fr\/wp-json\/wp\/v2\/categories?post=97"},{"taxonomy":"post_tag","embeddable":true,"href":"https:\/\/blog-alexis.monville.com\/fr\/wp-json\/wp\/v2\/tags?post=97"}],"curies":[{"name":"wp","href":"https:\/\/api.w.org\/{rel}","templated":true}]}}