{"id":936,"date":"2010-11-14T20:40:06","date_gmt":"2010-11-14T18:40:06","guid":{"rendered":"https:\/\/blog-alexis.monville.com\/?p=936"},"modified":"2010-11-14T20:40:06","modified_gmt":"2010-11-14T18:40:06","slug":"tva-revenu-universel","status":"publish","type":"post","link":"https:\/\/blog-alexis.monville.com\/fr\/2010\/11\/14\/tva-revenu-universel\/","title":{"rendered":"TVA \u00e0 100% ?"},"content":{"rendered":"<p><img data-recalc-dims=\"1\" loading=\"lazy\" decoding=\"async\" class=\"alignleft size-full wp-image-942\" style=\"margin: 10px\" title=\"piece-euro\" src=\"https:\/\/i0.wp.com\/blog-alexis.monville.com\/wp-content\/uploads\/2010\/11\/piece-euro.png?resize=150%2C150&#038;ssl=1\" alt=\"\" width=\"150\" height=\"150\" \/>Avec un produit int\u00e9rieur brut d&rsquo;environ 2000 milliards d&rsquo;euros et un budget cumul\u00e9 de l&rsquo;Etat, des collectivit\u00e9s territoriales et des comptes sociaux d&rsquo;environ 1000 milliards d&rsquo;euros, c&rsquo;est en effet \u00e0 100% qu&rsquo;il faudrait fixer le taux de TVA afin de faire de cette taxe le seul imp\u00f4t pr\u00e9lev\u00e9 en France.<\/p>\n<p><strong>TVA \u00e0 100%<\/strong><\/p>\n<p>La moiti\u00e9 du prix des produits consomm\u00e9s servirait \u00e0 financer l&rsquo;ensemble des d\u00e9penses publiques avec une r\u00e9partition pour le niveau local que l&rsquo;on pourrait imaginer bas\u00e9e sur le nombre d&rsquo;habitant.<\/p>\n<p>L&rsquo;avantage principal d&rsquo;un imp\u00f4t sur la consommation est qu&rsquo;il est pay\u00e9 par tout ceux qui vivent dans le pays et qu&rsquo;il est tr\u00e8s difficile d&rsquo;y \u00e9chapper. Le co\u00fbt de collecte est tr\u00e8s faible \u00e0 la fois pour les services publics, pour les entreprises, et pour les particuliers. Le syst\u00e8me est tr\u00e8s simple et permet de mobiliser pratiquement toute l&rsquo;\u00e9nergie des services publics sur les prestations.<\/p>\n<p>Les professionnels, comme les experts comptables par exemple, qui aujourd&rsquo;hui doivent g\u00e9rer cette complexit\u00e9 administrative, pourront se mobiliser sur une activit\u00e9 de conseil en gestion \u00e0 forte valeur ajout\u00e9e pour les entreprises.<\/p>\n<p><strong>Plus d&rsquo;imp\u00f4t sur le travail<\/strong><\/p>\n<p>Cet imp\u00f4t sur la consommation ne p\u00e8se pas sur une seule cat\u00e9gorie comme par exemple sur le travail avec les cotisations sociales. Il permet donc de r\u00e9duire le co\u00fbt du travail et ainsi encourage une fabrication locale, positive pour les personnes et la plan\u00e8te.<\/p>\n<blockquote><p>Illustration :<\/p>\n<p>Pour un produit actuellement \u00e0 100 \u20ac hors taxe, et donc vendu 120 \u20ac TTC et qui \u00e0 un co\u00fbt de main d&rsquo;oeuvre de 70% de la valeur du produit (soit 70 \u20ac).<\/p>\n<p>Avec le passage \u00e0 la TVA \u00e0 100% et la suppression des cotisations sociales, de l&rsquo;IS et des diverses taxes, le cout de main d&rsquo;oeuvre descend \u00e0 35 \u20ac, le co\u00fbt hors main d&rsquo;oeuvre peut descendre \u00e0 25\u20ac&#8230; ce qui nous donne un prix TTC de 120 \u20ac&#8230;<\/p><\/blockquote>\n<p><strong>Injuste ?<\/strong><\/p>\n<p>Le probl\u00e8me pos\u00e9 par une augmentation de la TVA (m\u00eame progressive) est que cet imp\u00f4t est injuste puisque qu&rsquo;il frappe en proportion plus ceux qui \u00ab\u00a0consomment\u00a0\u00bb l&rsquo;int\u00e9gralit\u00e9 de leur revenu que ceux qui ont la possibilit\u00e9 d&rsquo;\u00e9pargner une partie de leur revenu.<\/p>\n<p>Afin de compenser cette injustice, il suffirait de choisir de verser \u00e0 tous une somme \u00e9gale pour tous, suffisante pour vivre : un revenu de vie.<\/p>\n<p><strong>Revenu de vie pour tous ?<\/strong><\/p>\n<p>Le versement \u00e0 tous permet une fois de plus une simplification du syst\u00e8me et permet d&rsquo;\u00e9viter par construction toute fraude puisque tout le monde touche ce revenu de vie.<\/p>\n<ul>\n<li>Une personne ne disposant d&rsquo;aucun revenu toucherait donc le revenu de vie, par exemple 1000 \u20ac.<\/li>\n<li>Une personne disposant d&rsquo;un revenu de 1000 \u20ac toucherait donc le revenu de vie, soit 1000 \u20ac et disposerait donc de 2000 \u20ac.<\/li>\n<\/ul>\n<p><strong>Un revenu progressif pour les enfants ?<\/strong><\/p>\n<p>J&rsquo;imagine que le revenu devrait \u00eatre progressif pour les enfants afin de r\u00e9pondre \u00e0 une inqui\u00e9tude : \u00ab\u00a0mais les gens feraient des enfants pour toucher 1000 \u20ac de plus par mois&#8230;\u00a0\u00bb. Le revenu de vie pourrait \u00eatre index\u00e9 lin\u00e9airement sur l&rsquo;age jusqu&rsquo;\u00e0 20 ans, ce qui, toujours pour une hypoth\u00e8se de revenu de vie \u00e0 1000 \u20ac, ferait 50 \u20ac par mois \u00e0 partir de 1 an, 250 \u20ac par mois \u00e0 5 ans etc&#8230;<\/p>\n<p>Le co\u00fbt direct de la mesure reviendrait pour 65 millions d&rsquo;habitant dont 25% ont moins de 20 ans \u00e0 680 milliards par an&#8230; ce qui suppose de mettre en oeuvre effectivement les \u00e9conomies permises par la simplification de la collecte des taxes et imp\u00f4ts et du versement des prestations.<\/p>\n<p>J&rsquo;imagine que les jeunes seraient moins nombreux \u00e0 choisir de rester chez leurs parents (c&rsquo;est aujourd&rsquo;hui 18% dans les pays nordiques offrants de bonnes prestations pour les jeunes et 35% dans les pays du sud de l&rsquo;Europe ne les offrants pas&#8230;)<\/p>\n<p><strong>Plus personne ne travaillerait ?<\/strong><\/p>\n<p>C&rsquo;est \u00e0 peu pr\u00e8s ce que l&rsquo;on me dit chaque fois que je parle du revenu de vie, et pourtant lorsque je pose la question directement : \u00ab\u00a0est-ce que toi tu, tu arr\u00eaterais de travailler si l&rsquo;on te donnait 1000 \u20ac par mois ?\u00a0\u00bb, la r\u00e9ponse est en g\u00e9n\u00e9ral : \u00ab\u00a0non pas moi, mais&#8230;\u00a0\u00bb. En fait une \u00e9tude a montr\u00e9 que 10% de la population active choisirait probablement la sieste&#8230; mais que c&rsquo;est probablement ce qu&rsquo;elle fait d\u00e9j\u00e0 aujourd&rsquo;hui&#8230; et que pour 60% de la population active cela ne changerait rien&#8230; Ce ne sont que les 30 derniers % qui ren\u00e9gocieraient leur emploi actuel pour un meilleur salaire, pour reprendre des \u00e9tudes, pour une activit\u00e9 \u00e0 temps partiel&#8230;<\/p>\n<p><strong>Substitution \u00e0 toutes les prestations sociales actuelles<\/strong><\/p>\n<p>Le revenu de vie se substituerait \u00e0 toutes les prestations actuelles, RSA bien sur, allocations familiales, allocation logement, allocation chomage et allocation retraite. Cette substitution serait la plus d\u00e9licate pour les plus haut revenus qui perdraient la diff\u00e9rence entre les prestations vers\u00e9es actuellement et le revenu de vie. La transition serait donc probablement n\u00e9cessairement progressive.<\/p>\n<p><strong>On commence maintenant ?<\/strong><\/p>\n<p>Pour aller plus loin :<\/p>\n<ul>\n<li><strong>Le\u00a0<strong>Revenu de Base<\/strong>, un documentaire suisse en fran\u00e7ais :\u00a0<a href=\"http:\/\/www.kultkino.ch\/kultkino\/besonderes\/le_revenu_de_base_film_francaise\" target=\"_blank\">http:\/\/www.kultkino.ch\/kultkino\/besonderes\/le_revenu_de_base_film_francaise<\/a><\/strong><\/li>\n<li><strong>Signer l&rsquo;Appel pour le revenu de vie <\/strong>: <a href=\"http:\/\/appelpourlerevenudevie.org\/\" target=\"_blank\">http:\/\/appelpourlerevenudevie.org\/<\/a><\/li>\n<li>Allocation universelle sur Wikipedia : <a href=\"http:\/\/fr.wikipedia.org\/wiki\/Allocation_universelle\" target=\"_blank\">http:\/\/fr.wikipedia.org\/wiki\/Allocation_universelle<\/a> ou vous pourrez trouver les pays dans le monde ayant d\u00e9j\u00e0 adopt\u00e9 le revenu de vie (Canada, Br\u00e9sil, Namibie&#8230;)<\/li>\n<li>Le dossier \u00ab\u00a0Avoir 20 ans en 2010\u00a0\u00bb dans Courrier International : <a href=\"http:\/\/www.courrierinternational.com\/magazine\/2010\/1044-avoir-20-ans-en-2010\" target=\"_blank\">http:\/\/www.courrierinternational.com\/magazine\/2010\/1044-avoir-20-ans-en-2010<\/a><\/li>\n<li>Revenu universel : <a href=\"http:\/\/www.rezonance.ch\/rezo\/classes\/ft-first-tuesday\/geneve\/20101109\/one-community?page_num=0\" target=\"_blank\">http:\/\/www.rezonance.ch\/rezo\/classes\/ft-first-tuesday\/geneve\/20101109\/one-community?page_num=0<\/a><\/li>\n<li>sur Twitter \u00ab\u00a0on\u00a0\u00bb dit que : <strong>\u00ab\u00a0@OlivierAuber: le #SPD allemand propose un #revenudevie \u00e0 800\u20ac <\/strong><a href=\"http:\/\/is.gd\/gYuzm\" target=\"_blank\"><strong>http:\/\/is.gd\/gYuzm<\/strong><\/a><strong>\u00ab\u00a0<\/strong> Je ne lis pas l&rsquo;Allemand, mais je me dis qu&rsquo;aux prochaines \u00e9lections locales ou nationales je voterai pour le revenu de vie<\/li>\n<\/ul>\n","protected":false},"excerpt":{"rendered":"<p>Avec un produit int\u00e9rieur brut d&rsquo;environ 2000 milliards d&rsquo;euros et un budget cumul\u00e9 de l&rsquo;Etat, des collectivit\u00e9s territoriales et des comptes sociaux d&rsquo;environ 1000 milliards d&rsquo;euros, c&rsquo;est en effet \u00e0 100% qu&rsquo;il faudrait fixer le taux de TVA afin de faire de cette taxe le seul imp\u00f4t pr\u00e9lev\u00e9 en France. TVA \u00e0 100% La moiti\u00e9 [&hellip;]<\/p>\n","protected":false},"author":1,"featured_media":0,"comment_status":"open","ping_status":"open","sticky":false,"template":"","format":"standard","meta":{"jetpack_post_was_ever_published":false,"_jetpack_newsletter_access":"","_jetpack_dont_email_post_to_subs":false,"_jetpack_newsletter_tier_id":0,"_jetpack_memberships_contains_paywalled_content":false,"_jetpack_memberships_contains_paid_content":false,"footnotes":"","jetpack_publicize_message":"","jetpack_publicize_feature_enabled":true,"jetpack_social_post_already_shared":false,"jetpack_social_options":{"image_generator_settings":{"template":"highway","default_image_id":0,"font":"","enabled":false},"version":2}},"categories":[5,6],"tags":[382,497,639,642,720,755],"class_list":["post-936","post","type-post","status-publish","format-standard","hentry","category-explorateurs","category-general","tag-impot","tag-monnaie","tag-revenudevie","tag-revue-eco-sol","tag-taxe","tag-tva"],"jetpack_publicize_connections":[],"jetpack_featured_media_url":"","jetpack_sharing_enabled":true,"jetpack_shortlink":"https:\/\/wp.me\/pazAbl-f6","_links":{"self":[{"href":"https:\/\/blog-alexis.monville.com\/fr\/wp-json\/wp\/v2\/posts\/936","targetHints":{"allow":["GET"]}}],"collection":[{"href":"https:\/\/blog-alexis.monville.com\/fr\/wp-json\/wp\/v2\/posts"}],"about":[{"href":"https:\/\/blog-alexis.monville.com\/fr\/wp-json\/wp\/v2\/types\/post"}],"author":[{"embeddable":true,"href":"https:\/\/blog-alexis.monville.com\/fr\/wp-json\/wp\/v2\/users\/1"}],"replies":[{"embeddable":true,"href":"https:\/\/blog-alexis.monville.com\/fr\/wp-json\/wp\/v2\/comments?post=936"}],"version-history":[{"count":0,"href":"https:\/\/blog-alexis.monville.com\/fr\/wp-json\/wp\/v2\/posts\/936\/revisions"}],"wp:attachment":[{"href":"https:\/\/blog-alexis.monville.com\/fr\/wp-json\/wp\/v2\/media?parent=936"}],"wp:term":[{"taxonomy":"category","embeddable":true,"href":"https:\/\/blog-alexis.monville.com\/fr\/wp-json\/wp\/v2\/categories?post=936"},{"taxonomy":"post_tag","embeddable":true,"href":"https:\/\/blog-alexis.monville.com\/fr\/wp-json\/wp\/v2\/tags?post=936"}],"curies":[{"name":"wp","href":"https:\/\/api.w.org\/{rel}","templated":true}]}}