{"id":866,"date":"2010-07-08T10:38:12","date_gmt":"2010-07-08T08:38:12","guid":{"rendered":"https:\/\/blog-alexis.monville.com\/?p=866"},"modified":"2010-07-08T10:38:12","modified_gmt":"2010-07-08T08:38:12","slug":"ethique-du-numerique","status":"publish","type":"post","link":"https:\/\/blog-alexis.monville.com\/fr\/2010\/07\/08\/ethique-du-numerique\/","title":{"rendered":"Ethique du num\u00e9rique"},"content":{"rendered":"<p>Ce mercredi 7 juillet, j&rsquo;\u00e9tais invit\u00e9 (avec une bonne centaine d&rsquo;autres) \u00e0 un atelier participatif : \u00ab\u00a0Qu&rsquo;est-ce qu&rsquo;une loi 2.0 ?\u00a0\u00bb.<\/p>\n<p>Cette r\u00e9union \u00e9tait organis\u00e9e par les parlementaires UMP pour prolonger les travaux du rapport <a href=\"http:\/\/www.ethique-du-numerique.fr\/tl_files\/rappor_ethique_du_numerique.pdf\" target=\"_blank\">Vive internet ! Libert\u00e9 et r\u00e8gles dans le monde num\u00e9rique<\/a>. La parole est donn\u00e9e sur le site Ethique du num\u00e9rique <a href=\"http:\/\/www.ethique-du-numerique.fr\" target=\"_blank\">http:\/\/www.ethique-du-numerique.fr<\/a> comme il a \u00e9t\u00e9 rappel\u00e9 avec fermet\u00e9 \u00e0 la repr\u00e9sentante de Vivendi regrettant de ne pas avoir \u00e9t\u00e9 auditionn\u00e9e pour la constitution du rapport&#8230;<\/p>\n<p>Jean-Fran\u00e7ois Cop\u00e9 a ouvert les d\u00e9bats en posant quelques questions sur le r\u00f4le du l\u00e9gislateur, suivant 3 axes : r\u00e9gulation d&rsquo;un Internet sans fronti\u00e8re, r\u00f4le du l\u00e9gislateur vis \u00e0 vis d&rsquo;un domaine en \u00e9volution technologique tr\u00e8s rapide (plus rapide que d&rsquo;\u00e9crire une loi en 18 mois), usage de l&rsquo;Internet en s&rsquo;interrogeant sur la gratuit\u00e9 et les tentatives de mon\u00e9tisation.<\/p>\n<p>Jean-Fran\u00e7ois Cop\u00e9 a justifi\u00e9 l&rsquo;approche participative de cet atelier par un m\u00e9a culpa partiel sur Hadopi en expliquant qu&rsquo;ils avaient \u00e9t\u00e9 \u00ab\u00a0maladroits\u00a0\u00bb mais que cela \u00e9tait bas\u00e9 sur des \u00ab\u00a0bons sentiments\u00a0\u00bb&#8230;<\/p>\n<p><a href=\"https:\/\/i0.wp.com\/blog-alexis.monville.com\/wp-content\/uploads\/2010\/07\/Capture-d%E2%80%99%C3%A9cran-2010-07-08-%C3%A0-09.43.11.png?ssl=1\"><img data-recalc-dims=\"1\" loading=\"lazy\" decoding=\"async\" class=\"aligncenter size-full wp-image-867\" title=\"Capture d\u2019\u00e9cran 2010-07-08 \u00e0 09.43.11\" src=\"https:\/\/i0.wp.com\/blog-alexis.monville.com\/wp-content\/uploads\/2010\/07\/Capture-d%E2%80%99%C3%A9cran-2010-07-08-%C3%A0-09.43.11.png?resize=479%2C82&#038;ssl=1\" alt=\"\" width=\"479\" height=\"82\" \/><\/a><\/p>\n<p>Les interventions des gestionnaires de droits d&rsquo;auteurs et des producteurs montrent qu&rsquo;ils semblent toujours croire, \u00e0 l&rsquo;instar de Franck Riester, \u00e0 la possibilit\u00e9 que Hadopi puisse avoir une efficacit\u00e9 r\u00e9elle et semble n\u00e9gliger l&rsquo;effet de bord ind\u00e9sirable d&rsquo;un cryptage global de toutes les transactions des internautes&#8230;<\/p>\n<p>Les d\u00e9put\u00e9s Herv\u00e9 Mariton, Laurence de La Raudi\u00e8re, Lionel Tardy et Franck Riester (qui quittera rapidement les d\u00e9bats) ont ensuite anim\u00e9 les d\u00e9bats suivant 3 th\u00e8mes :<\/p>\n<ul>\n<li>Vie priv\u00e9e<\/li>\n<li>Internet = March\u00e9 ?<\/li>\n<li>Neutralit\u00e9 du Net<\/li>\n<\/ul>\n<p>Sur le th\u00e8me de la vie priv\u00e9e, on rel\u00e8ve la m\u00e9fiance envers le l\u00e9gislateur, l&rsquo;inqui\u00e9tude sur la port\u00e9e d&rsquo;une l\u00e9gislation au del\u00e0 de nos fronti\u00e8res, la n\u00e9cessaire action d&rsquo;information et de formation sur la protection de donn\u00e9es personnelles et la demande de reconnaissance de certaines donn\u00e9es technique (IP&#8230;) ou donn\u00e9es issues de croisement de donn\u00e9es ou analyse d&rsquo;action comme des donn\u00e9es personnelles pour freiner les analyses crois\u00e9es et le profilage&#8230;<\/p>\n<p>Sur le th\u00e8me : Internet est-il un march\u00e9 comme les autres ? la question des monopoles sur Internet et de leur extension \u00e0 d&rsquo;autres march\u00e9s a donn\u00e9 lieu \u00e0 des questionnements sur les moyens d&rsquo;actions. L&rsquo;exigence <strong>d&rsquo;interop\u00e9rabilit\u00e9<\/strong> et d&rsquo;<strong>ouverture des formats de donn\u00e9es<\/strong> en est un essentiel. Les initiatives sur l&rsquo;ouverture des donn\u00e9es \u00e0 travers le monde ont \u00e9t\u00e9 abondamment cit\u00e9 pour encourager nos parlementaires \u00e0 d\u00e9passer la vision \u00e9triqu\u00e9e actuellement en cours en France sur l&rsquo;ouverture de l&rsquo;usage des donn\u00e9es publiques (#opendata).<\/p>\n<p>Sur le th\u00e8me de la <a href=\"http:\/\/fr.wikipedia.org\/wiki\/Neutralit\u00e9_du_r\u00e9seau\" target=\"_blank\">Neutralit\u00e9 du Net<\/a>, il a \u00e9t\u00e9 rappel\u00e9 que si nous disposions aujourd&rsquo;hui d&rsquo;Internet c&rsquo;est parce qu&rsquo;il avait \u00e9t\u00e9 cr\u00e9\u00e9 libre et ouvert et que l&rsquo;initiative \u00e9tait possible sans demander de permission \u00e0 personne. Les arguments de disponibilit\u00e9s de bande passante ou de cr\u00e9ation artificielle de march\u00e9 par une diff\u00e9rentiation des services n&rsquo;apparaissent pas comme recevable par les d\u00e9put\u00e9s qui veulent l\u00e9gif\u00e9rer en decembre-janvier sur ce th\u00e8me. Ce sera sans doute la fin de l&rsquo;utilisation de technologies mettant \u00e0 mal cette neutralit\u00e9 comme l&rsquo;inspection des paquets d&rsquo;informations (<a href=\"http:\/\/fr.wikipedia.org\/wiki\/Deep_packet_inspection\" target=\"_blank\">Deep packet inspection<\/a>) permettant ces diff\u00e9rentiations et ouvrant la voie \u00e0 des possibilit\u00e9s de surveillance, de manipulation et de censure&#8230;\u00a0<a href=\"http:\/\/europa.eu\/rapid\/pressReleasesAction.do?reference=IP\/10\/860&amp;format=HTML&amp;aged=0&amp;language=FR\" target=\"_blank\">Une consultation sur la Neutralit\u00e9 du Net vient d&rsquo;\u00eatre lanc\u00e9e par la commission europ\u00e9enne<\/a>.<\/p>\n<p>L&rsquo;initiative de cet atelier participatif est int\u00e9ressante, et veut semble-t-il tirer les enseignements du peu de concertation ayant eu lieu sur les pr\u00e9c\u00e9dentes l\u00e9gislation (DADVSI, HADOPI, LOPSSI&#8230;). J&rsquo;aurais pr\u00e9f\u00e9r\u00e9 une initiative qui aille au del\u00e0 d&rsquo;un groupe parlementaire et j&rsquo;esp\u00e8re que les contributions des associations comme <a href=\"http:\/\/www.april.org\" target=\"_blank\">l&rsquo;APRIL<\/a> et <a href=\"http:\/\/www.laquadrature.net\/\" target=\"_blank\">La Quadrature du Net<\/a> permettront d&rsquo;am\u00e9liorer notre l\u00e9gislation.<\/p>\n","protected":false},"excerpt":{"rendered":"<p>Ce mercredi 7 juillet, j&rsquo;\u00e9tais invit\u00e9 (avec une bonne centaine d&rsquo;autres) \u00e0 un atelier participatif : \u00ab\u00a0Qu&rsquo;est-ce qu&rsquo;une loi 2.0 ?\u00a0\u00bb. Cette r\u00e9union \u00e9tait organis\u00e9e par les parlementaires UMP pour prolonger les travaux du rapport Vive internet ! Libert\u00e9 et r\u00e8gles dans le monde num\u00e9rique. La parole est donn\u00e9e sur le site Ethique du num\u00e9rique [&hellip;]<\/p>\n","protected":false},"author":1,"featured_media":0,"comment_status":"open","ping_status":"open","sticky":false,"template":"","format":"standard","meta":{"jetpack_post_was_ever_published":false,"_jetpack_newsletter_access":"","_jetpack_dont_email_post_to_subs":false,"_jetpack_newsletter_tier_id":0,"_jetpack_memberships_contains_paywalled_content":false,"_jetpack_memberships_contains_paid_content":false,"footnotes":"","jetpack_publicize_message":"","jetpack_publicize_feature_enabled":true,"jetpack_social_post_already_shared":false,"jetpack_social_options":{"image_generator_settings":{"template":"highway","default_image_id":0,"font":"","enabled":false},"version":2}},"categories":[6],"tags":[92,235,257,358,397,429,452,455,506,510,527,580,643,775],"class_list":["post-866","post","type-post","status-publish","format-standard","hentry","category-general","tag-assemblee-nationale","tag-donnees-publiques","tag-economie","tag-hadopi","tag-internet","tag-la-quadrature-du-net","tag-logiciel-libre","tag-loi20","tag-neutralite","tag-numerique","tag-opendata","tag-politique","tag-revue-reseau-tic","tag-vie-prive"],"jetpack_publicize_connections":[],"jetpack_featured_media_url":"","jetpack_sharing_enabled":true,"jetpack_shortlink":"https:\/\/wp.me\/pazAbl-dY","_links":{"self":[{"href":"https:\/\/blog-alexis.monville.com\/fr\/wp-json\/wp\/v2\/posts\/866","targetHints":{"allow":["GET"]}}],"collection":[{"href":"https:\/\/blog-alexis.monville.com\/fr\/wp-json\/wp\/v2\/posts"}],"about":[{"href":"https:\/\/blog-alexis.monville.com\/fr\/wp-json\/wp\/v2\/types\/post"}],"author":[{"embeddable":true,"href":"https:\/\/blog-alexis.monville.com\/fr\/wp-json\/wp\/v2\/users\/1"}],"replies":[{"embeddable":true,"href":"https:\/\/blog-alexis.monville.com\/fr\/wp-json\/wp\/v2\/comments?post=866"}],"version-history":[{"count":0,"href":"https:\/\/blog-alexis.monville.com\/fr\/wp-json\/wp\/v2\/posts\/866\/revisions"}],"wp:attachment":[{"href":"https:\/\/blog-alexis.monville.com\/fr\/wp-json\/wp\/v2\/media?parent=866"}],"wp:term":[{"taxonomy":"category","embeddable":true,"href":"https:\/\/blog-alexis.monville.com\/fr\/wp-json\/wp\/v2\/categories?post=866"},{"taxonomy":"post_tag","embeddable":true,"href":"https:\/\/blog-alexis.monville.com\/fr\/wp-json\/wp\/v2\/tags?post=866"}],"curies":[{"name":"wp","href":"https:\/\/api.w.org\/{rel}","templated":true}]}}