{"id":851,"date":"2010-06-26T10:59:11","date_gmt":"2010-06-26T08:59:11","guid":{"rendered":"https:\/\/blog-alexis.monville.com\/?p=851"},"modified":"2010-06-26T10:59:11","modified_gmt":"2010-06-26T08:59:11","slug":"forum-des-usages-cooperatifs","status":"publish","type":"post","link":"https:\/\/blog-alexis.monville.com\/fr\/2010\/06\/26\/forum-des-usages-cooperatifs\/","title":{"rendered":"Forum des usages coop\u00e9ratifs"},"content":{"rendered":"<p><a href=\"http:\/\/forum-usages-cooperatifs.net\"><img data-recalc-dims=\"1\" loading=\"lazy\" decoding=\"async\" class=\"alignleft\" style=\"margin: 10px\" src=\"https:\/\/i0.wp.com\/forum-usages-cooperatifs.net\/images\/thumb\/d\/da\/Logo-p.jpg\/120px-Logo-p.jpg?resize=120%2C119\" alt=\"\" width=\"120\" height=\"119\" \/><\/a>Le 4\u00e8me <a href=\"http:\/\/forum-usages-cooperatifs.net\" target=\"_blank\">Forum des usages coop\u00e9ratifs<\/a> se d\u00e9roule \u00e0 Brest du 30 juin au 2 juillet. Une occasion d&rsquo;innover et d&rsquo;entreprendre ensemble avec ce Forum bien install\u00e9 dans le paysage.<\/p>\n<p>Le programme de se Forum\u00a0allie sur 3 jours :\u00a0des conf\u00e9rences qui cadrent des probl\u00e9matiques,\u00a0des sessions th\u00e9matiques, rencontres professionnelles ouvertes,\u00a0des ateliers transverses qui font se croiser les publics,\u00a0des s\u00e9ances pratiques et animations d\u00e9couverte d&rsquo;outils et usages\u00a0une ouverture aux outils du web 2 par les \u00ab\u00a0exploriou\u00a0\u00bb\u00a0<strong>dans un mode de travail participatif \u00ab\u00a0tous acteurs\u00a0\u00bb et convivial qui a fait le succ\u00e8s des trois premi\u00e8res \u00e9ditions.<\/strong><\/p>\n<p>Les pl\u00e9ni\u00e8res introductives s&rsquo;annoncent passionnantes :<\/p>\n<ul>\n<li><em>Mercredi<\/em> :\u00a0<a title=\"Territoires en transition\" href=\"http:\/\/forum-usages-cooperatifs.net\/index.php\/Territoires_en_transition\">Territoires en transition<\/a>Thanh Nghiem,\u00a0<em>Pr\u00e9sidente fondatrice de l&rsquo;Institut Ingenius<\/em><\/li>\n<\/ul>\n<ul>\n<li><em>Jeudi<\/em> :\u00a0<a title=\"Des monnaies compl\u00e9mentaires pour l'innovation\" href=\"http:\/\/forum-usages-cooperatifs.net\/index.php\/Des_monnaies_compl%C3%A9mentaires_pour_l%27innovation\">Des monnaies compl\u00e9mentaires pour l&rsquo;innovation<\/a>,\u00a0Jean Michel Cornu,<em>directeur scientifique de la FING<\/em><\/li>\n<\/ul>\n<ul>\n<li><em>Vendredi<\/em> :\u00a0<a title=\"Culture \u00e9crite et num\u00e9rique\" href=\"http:\/\/forum-usages-cooperatifs.net\/index.php\/Culture_%C3%A9crite_et_num%C3%A9rique\">Culture \u00e9crite et num\u00e9rique<\/a>,\u00a0Alain Giffard,\u00a0<em>Directeur de projet Minist\u00e8re de la culture<\/em><\/li>\n<\/ul>\n<p>Et le jeudi soir se tiendra\u00a0le 6\u00e8me Carrefour des Possibles en Bretagne.<\/p>\n<p><em>Je ne peux y \u00eatre et c&rsquo;est bien dommage&#8230; J&rsquo;esp\u00e8re que vous pourrez sauter dans un train et&#8230;<\/em><\/p>\n","protected":false},"excerpt":{"rendered":"<p>Le 4\u00e8me Forum des usages coop\u00e9ratifs se d\u00e9roule \u00e0 Brest du 30 juin au 2 juillet. Une occasion d&rsquo;innover et d&rsquo;entreprendre ensemble avec ce Forum bien install\u00e9 dans le paysage. Le programme de se Forum\u00a0allie sur 3 jours :\u00a0des conf\u00e9rences qui cadrent des probl\u00e9matiques,\u00a0des sessions th\u00e9matiques, rencontres professionnelles ouvertes,\u00a0des ateliers transverses qui font se croiser [&hellip;]<\/p>\n","protected":false},"author":1,"featured_media":0,"comment_status":"open","ping_status":"open","sticky":false,"template":"","format":"standard","meta":{"jetpack_post_was_ever_published":false,"_jetpack_newsletter_access":"","_jetpack_dont_email_post_to_subs":false,"_jetpack_newsletter_tier_id":0,"_jetpack_memberships_contains_paywalled_content":false,"_jetpack_memberships_contains_paid_content":false,"footnotes":"","jetpack_publicize_message":"","jetpack_publicize_feature_enabled":true,"jetpack_social_post_already_shared":false,"jetpack_social_options":{"image_generator_settings":{"template":"highway","default_image_id":0,"font":"","enabled":false},"version":2}},"categories":[5,6],"tags":[141,184,312,321,767,782,783],"class_list":["post-851","post","type-post","status-publish","format-standard","hentry","category-explorateurs","category-general","tag-carrefour-des-possibles","tag-cooperation","tag-fing","tag-forum","tag-usage","tag-web","tag-web-20"],"jetpack_publicize_connections":[],"jetpack_featured_media_url":"","jetpack_sharing_enabled":true,"jetpack_shortlink":"https:\/\/wp.me\/pazAbl-dJ","_links":{"self":[{"href":"https:\/\/blog-alexis.monville.com\/fr\/wp-json\/wp\/v2\/posts\/851","targetHints":{"allow":["GET"]}}],"collection":[{"href":"https:\/\/blog-alexis.monville.com\/fr\/wp-json\/wp\/v2\/posts"}],"about":[{"href":"https:\/\/blog-alexis.monville.com\/fr\/wp-json\/wp\/v2\/types\/post"}],"author":[{"embeddable":true,"href":"https:\/\/blog-alexis.monville.com\/fr\/wp-json\/wp\/v2\/users\/1"}],"replies":[{"embeddable":true,"href":"https:\/\/blog-alexis.monville.com\/fr\/wp-json\/wp\/v2\/comments?post=851"}],"version-history":[{"count":0,"href":"https:\/\/blog-alexis.monville.com\/fr\/wp-json\/wp\/v2\/posts\/851\/revisions"}],"wp:attachment":[{"href":"https:\/\/blog-alexis.monville.com\/fr\/wp-json\/wp\/v2\/media?parent=851"}],"wp:term":[{"taxonomy":"category","embeddable":true,"href":"https:\/\/blog-alexis.monville.com\/fr\/wp-json\/wp\/v2\/categories?post=851"},{"taxonomy":"post_tag","embeddable":true,"href":"https:\/\/blog-alexis.monville.com\/fr\/wp-json\/wp\/v2\/tags?post=851"}],"curies":[{"name":"wp","href":"https:\/\/api.w.org\/{rel}","templated":true}]}}