{"id":723,"date":"2010-01-12T21:20:16","date_gmt":"2010-01-12T20:20:16","guid":{"rendered":"https:\/\/blog-alexis.monville.com\/?p=723"},"modified":"2010-01-12T21:20:16","modified_gmt":"2010-01-12T20:20:16","slug":"la-cantine-2-ans","status":"publish","type":"post","link":"https:\/\/blog-alexis.monville.com\/fr\/2010\/01\/12\/la-cantine-2-ans\/","title":{"rendered":"La Cantine . . . . . . 2 ans !"},"content":{"rendered":"<p><a href=\"https:\/\/i0.wp.com\/blog-alexis.monville.com\/wp-content\/uploads\/2010\/01\/cantine.jpg?ssl=1\"><img data-recalc-dims=\"1\" loading=\"lazy\" decoding=\"async\" class=\"size-medium wp-image-730 alignleft\" src=\"https:\/\/i0.wp.com\/blog-alexis.monville.com\/files\/2010\/01\/cantine-300x231.jpg?resize=300%2C231&#038;ssl=1\" alt=\"cantine\" width=\"300\" height=\"231\" \/><\/a>Un cadeau pour les deux ans de <a href=\"http:\/\/lacantine.org\" target=\"_blank\">La Cantine<\/a> ?<\/p>\n<p>Je me suis dit : \u00ab\u00a0facile ! Je vais raconter ma premi\u00e8re fois&#8230;\u00a0\u00bb Seulement voil\u00e0, c&rsquo;\u00e9tait quand la premi\u00e8re fois ? \u00c9tait-ce \u00e0 l&rsquo;occasion de cet ExplorCamp du mois d&rsquo;Avril 2008 ? A moins que ce ne soit pour un OpenDay ? Un AperoPlone ? Un barcamp ? Collibri ?\u00a0Cherchons voir dans les archives quand \u00e9tait cette premi\u00e8re fois&#8230;<\/p>\n<p>Roulements de tambour&#8230;<\/p>\n<p>En fait la vraie premi\u00e8re fois c\u2019\u00e9tait une rencontre des Amis de La Cantine cela devait se d\u00e9rouler au dernier trimestre de 2007. Je me souviens de quelques t\u00eates lors de cette r\u00e9union, de l\u2019enthousiasme des participants \u00e0 pr\u00e9parer la cr\u00e9ation de ce nouveau lieu. Je me souviens avoir parl\u00e9 du projet sur lequel j\u2019avais travaill\u00e9 avec quelques amis, ou nous travaillions dans des caf\u00e9s, des restos ou dans nos apparts respectifs, et que ce manque de lieu de travail en commun avait rendu si difficile la r\u00e9ussite du projet.<\/p>\n<p>Je me souviens (un peu) de la soir\u00e9e d&rsquo;ouverture du 3 mars qui avait r\u00e9uni vraiment beaucoup de monde !<\/p>\n<p>Je me souviens surtout des journ\u00e9es pass\u00e9es \u00e0 La Cantine pour monter <a href=\"http:\/\/ayeba.fr\" target=\"_blank\">ayeba<\/a>. Des journ\u00e9es ou j\u2019ai pu \u00e9prouver que ce n\u2019\u00e9tait pas seulement l&rsquo;infrastructure (bureau, salle de r\u00e9union, wifi&#8230;) mais les rencontres vari\u00e9es permettant d\u2019\u00e9changer sur la pertinence d\u2019une id\u00e9e, l\u2019int\u00e9r\u00eat d\u2019une orientation, d\u2019identifier des contacts permettant d\u2019avancer sur un sujet.<\/p>\n<p>Et maintenant que la soci\u00e9t\u00e9\u00a0<a href=\"http:\/\/ayeba.fr\" target=\"_blank\">ayeba<\/a> existe ? Et bien, j\u2019ai rempli ma demande d\u2019adh\u00e9sion \u00e0 <a href=\"http:\/\/siliconsentier.org\/\" target=\"_blank\">Silicon Sentier<\/a> afin de contribuer moi aussi \u00e0 faire exister ce lieu magique !<\/p>\n","protected":false},"excerpt":{"rendered":"<p>Un cadeau pour les deux ans de La Cantine ? Je me suis dit : \u00ab\u00a0facile ! Je vais raconter ma premi\u00e8re fois&#8230;\u00a0\u00bb Seulement voil\u00e0, c&rsquo;\u00e9tait quand la premi\u00e8re fois ? \u00c9tait-ce \u00e0 l&rsquo;occasion de cet ExplorCamp du mois d&rsquo;Avril 2008 ? A moins que ce ne soit pour un OpenDay ? Un AperoPlone ? [&hellip;]<\/p>\n","protected":false},"author":1,"featured_media":0,"comment_status":"open","ping_status":"open","sticky":false,"template":"","format":"standard","meta":{"jetpack_post_was_ever_published":false,"_jetpack_newsletter_access":"","_jetpack_dont_email_post_to_subs":false,"_jetpack_newsletter_tier_id":0,"_jetpack_memberships_contains_paywalled_content":false,"_jetpack_memberships_contains_paid_content":false,"footnotes":"","jetpack_publicize_message":"","jetpack_publicize_feature_enabled":true,"jetpack_social_post_already_shared":false,"jetpack_social_options":{"image_generator_settings":{"template":"highway","default_image_id":0,"font":"","enabled":false},"version":2}},"categories":[5,6],"tags":[15,72,103,427,681],"class_list":["post-723","post","type-post","status-publish","format-standard","hentry","category-explorateurs","category-general","tag-cantinermx","tag-anniversaire","tag-ayeba","tag-la-cantine","tag-silicon-sentier"],"jetpack_publicize_connections":[],"jetpack_featured_media_url":"","jetpack_sharing_enabled":true,"jetpack_shortlink":"https:\/\/wp.me\/pazAbl-bF","_links":{"self":[{"href":"https:\/\/blog-alexis.monville.com\/fr\/wp-json\/wp\/v2\/posts\/723","targetHints":{"allow":["GET"]}}],"collection":[{"href":"https:\/\/blog-alexis.monville.com\/fr\/wp-json\/wp\/v2\/posts"}],"about":[{"href":"https:\/\/blog-alexis.monville.com\/fr\/wp-json\/wp\/v2\/types\/post"}],"author":[{"embeddable":true,"href":"https:\/\/blog-alexis.monville.com\/fr\/wp-json\/wp\/v2\/users\/1"}],"replies":[{"embeddable":true,"href":"https:\/\/blog-alexis.monville.com\/fr\/wp-json\/wp\/v2\/comments?post=723"}],"version-history":[{"count":0,"href":"https:\/\/blog-alexis.monville.com\/fr\/wp-json\/wp\/v2\/posts\/723\/revisions"}],"wp:attachment":[{"href":"https:\/\/blog-alexis.monville.com\/fr\/wp-json\/wp\/v2\/media?parent=723"}],"wp:term":[{"taxonomy":"category","embeddable":true,"href":"https:\/\/blog-alexis.monville.com\/fr\/wp-json\/wp\/v2\/categories?post=723"},{"taxonomy":"post_tag","embeddable":true,"href":"https:\/\/blog-alexis.monville.com\/fr\/wp-json\/wp\/v2\/tags?post=723"}],"curies":[{"name":"wp","href":"https:\/\/api.w.org\/{rel}","templated":true}]}}