{"id":72,"date":"2007-09-06T20:55:33","date_gmt":"2007-09-06T19:55:33","guid":{"rendered":"http:\/\/alexismonville.wordpress.com\/2007\/09\/06\/l%e2%80%99administration-electronique-levier-de-performance-des-politiques-publiques\/"},"modified":"2007-09-06T20:55:33","modified_gmt":"2007-09-06T19:55:33","slug":"ladministration-electronique-levier-de-performance-des-politiques-publiques","status":"publish","type":"post","link":"https:\/\/blog-alexis.monville.com\/fr\/2007\/09\/06\/ladministration-electronique-levier-de-performance-des-politiques-publiques\/","title":{"rendered":"L\u2019administration \u00e9lectronique levier de performance des politiques publiques"},"content":{"rendered":"<p>La <a href=\"http:\/\/www.rgpp.modernisation.gouv.fr\/\" title=\"r\u00e9vision g\u00e9n\u00e9rale des politiques publiques\" target=\"_blank\" id=\"ci6h\">r\u00e9vision g\u00e9n\u00e9rale des politiques publiques<\/a>, lanc\u00e9e le 10 juillet par le Premier ministre, a pour ambition de remettre \u00e0 plat l\u2019ensemble des missions de l\u2019\u00c9tat pour adapter les administrations aux besoins des citoyens.<\/p>\n<p>Le travail d&rsquo;audit et d&rsquo;\u00e9laboration de propositions se d\u00e9roule jusqu&rsquo;en mai 2008, date \u00e0 laquelle le Conseil de la modernisation des politiques publiques adoptera les principales d\u00e9cisions de r\u00e9organisation \u00e0 mettre en oeuvre sur la p\u00e9riode 2009-2011.<\/p>\n<p>Cette r\u00e9vision repr\u00e9sente donc une opportunit\u00e9 de synchronisation des travaux d&rsquo;alignement des syst\u00e8mes d&rsquo;information sur ces nouvelles politiques publiques que vont mener les minist\u00e8res, synchronisation assortie d&rsquo;une mise en commun de ressources afin de traiter en commun les sujets qui peuvent l&rsquo;\u00eatre dans le cadre des initiatives du sch\u00e9ma directeur de l&rsquo;administration \u00e9lectronique.<\/p>\n<p>Ces 20 initiatives interminist\u00e9rielles sont destin\u00e9es, d&rsquo;une part \u00e0 permettre la transformation des services aux usagers (particuliers, entreprises, associations et collectivit\u00e9s) et d&rsquo;autre part \u00e0 maximiser l&rsquo;usage des ressources sur des sujets techniques ou fonctionnels communs (de la production informatique, en passant par le poste de travail, jusqu&rsquo;\u00e0 l&rsquo;identit\u00e9 num\u00e9rique ou l&rsquo;information g\u00e9ographique).<\/p>\n<p>La prochaine version du sch\u00e9ma directeur administration \u00e9lectronique &#8211; pr\u00e9vue pour le comit\u00e9 des DSI du mois d&rsquo;octobre &#8211; devrait prendre en compte ces orientations et montrer les apports des technologies de l&rsquo;information et de la communication dans la mise en oeuvre des transformations des politiques publiques.<\/p>\n","protected":false},"excerpt":{"rendered":"<p>La r\u00e9vision g\u00e9n\u00e9rale des politiques publiques, lanc\u00e9e le 10 juillet par le Premier ministre, a pour ambition de remettre \u00e0 plat l\u2019ensemble des missions de l\u2019\u00c9tat pour adapter les administrations aux besoins des citoyens. Le travail d&rsquo;audit et d&rsquo;\u00e9laboration de propositions se d\u00e9roule jusqu&rsquo;en mai 2008, date \u00e0 laquelle le Conseil de la modernisation des [&hellip;]<\/p>\n","protected":false},"author":1,"featured_media":0,"comment_status":"open","ping_status":"open","sticky":false,"template":"","format":"standard","meta":{"jetpack_post_was_ever_published":false,"_jetpack_newsletter_access":"","_jetpack_dont_email_post_to_subs":false,"_jetpack_newsletter_tier_id":0,"_jetpack_memberships_contains_paywalled_content":false,"_jetpack_memberships_contains_paid_content":false,"footnotes":"","jetpack_publicize_message":"","jetpack_publicize_feature_enabled":true,"jetpack_social_post_already_shared":false,"jetpack_social_options":{"image_generator_settings":{"template":"highway","default_image_id":0,"font":"","enabled":false},"version":2}},"categories":[6],"tags":[43],"class_list":["post-72","post","type-post","status-publish","format-standard","hentry","category-general","tag-administration-electronique"],"jetpack_publicize_connections":[],"jetpack_featured_media_url":"","jetpack_sharing_enabled":true,"jetpack_shortlink":"https:\/\/wp.me\/pazAbl-1a","_links":{"self":[{"href":"https:\/\/blog-alexis.monville.com\/fr\/wp-json\/wp\/v2\/posts\/72","targetHints":{"allow":["GET"]}}],"collection":[{"href":"https:\/\/blog-alexis.monville.com\/fr\/wp-json\/wp\/v2\/posts"}],"about":[{"href":"https:\/\/blog-alexis.monville.com\/fr\/wp-json\/wp\/v2\/types\/post"}],"author":[{"embeddable":true,"href":"https:\/\/blog-alexis.monville.com\/fr\/wp-json\/wp\/v2\/users\/1"}],"replies":[{"embeddable":true,"href":"https:\/\/blog-alexis.monville.com\/fr\/wp-json\/wp\/v2\/comments?post=72"}],"version-history":[{"count":0,"href":"https:\/\/blog-alexis.monville.com\/fr\/wp-json\/wp\/v2\/posts\/72\/revisions"}],"wp:attachment":[{"href":"https:\/\/blog-alexis.monville.com\/fr\/wp-json\/wp\/v2\/media?parent=72"}],"wp:term":[{"taxonomy":"category","embeddable":true,"href":"https:\/\/blog-alexis.monville.com\/fr\/wp-json\/wp\/v2\/categories?post=72"},{"taxonomy":"post_tag","embeddable":true,"href":"https:\/\/blog-alexis.monville.com\/fr\/wp-json\/wp\/v2\/tags?post=72"}],"curies":[{"name":"wp","href":"https:\/\/api.w.org\/{rel}","templated":true}]}}