{"id":68,"date":"2007-06-10T17:07:24","date_gmt":"2007-06-10T16:07:24","guid":{"rendered":"http:\/\/alexismonville.wordpress.com\/2007\/06\/10\/assemblee-generale-du-cube\/"},"modified":"2007-06-10T17:07:24","modified_gmt":"2007-06-10T16:07:24","slug":"assemblee-generale-du-cube","status":"publish","type":"post","link":"https:\/\/blog-alexis.monville.com\/fr\/2007\/06\/10\/assemblee-generale-du-cube\/","title":{"rendered":"Assembl\u00e9e g\u00e9n\u00e9rale du CUBE"},"content":{"rendered":"<p>J&rsquo;\u00e9tais invit\u00e9 \u00e0 pr\u00e9senter la place des logiciels libres dans la modernisation de l&rsquo;Etat lors de l&rsquo;assembl\u00e9e g\u00e9n\u00e9rale du Club des utilisateurs Bull europ\u00e9ens.<\/p>\n<ul>\n<li>15H00 Comp\u00e9titivit\u00e9 europ\u00e9enne : l\u2019enjeu des technologies de l\u2019information et  l\u2019opportunit\u00e9 des logiciels libres<br \/>\nBernard Carayon, D\u00e9put\u00e9, Pr\u00e9sident de la Fondation Promoth\u00e9us et auteur du rapport au Premier ministre <a href=\"http:\/\/www.ladocumentationfrancaise.fr\/rapports-publics\/064000728\/index.shtml\" title=\"sur le site de la documentation fran\u00e7aise\" target=\"_blank\">\u00ab\u00a0A armes \u00e9gales\u00a0\u00bb<\/a> (2006) (repr\u00e9sent\u00e9 par Christian Daviot)<\/li>\n<\/ul>\n<ul>\n<li>15H30 Place des logiciels libres dans la modernisation des Syst\u00e8mes       d\u2019information des  Services Publics<br \/>\nAlexis Monville, Minist\u00e8re des Finances, DGME<br \/>\nJean-Christophe  N\u2019Guyen, Directeur des SI, Conseil G\u00e9n\u00e9ral de la Moselle (repr\u00e9sent\u00e9 par Francis Pinck)<\/li>\n<\/ul>\n<ul>\n<li>17H30 Bull <a href=\"http:\/\/www.bull.com\/fr\/services\/novaforge.php\" target=\"_blank\">NovaForge<\/a>, la plateforme de d\u00e9veloppement Open Source,<br \/>\nJean-Pierre Barberis, Directeur G\u00e9n\u00e9ral, Bull France<\/li>\n<\/ul>\n<ul>\n<li>18H30 Intervention de Didier Lamouche, Pr\u00e9sident Directeur G\u00e9n\u00e9ral, Bull<\/li>\n<\/ul>\n<p>en savoir plus sur le site de l&rsquo;association : <a href=\"http:\/\/www.cube.asso.fr\" target=\"_blank\">http:\/\/www.cube.asso.fr<\/a><\/p>\n<p>et d\u00e9couvrez \u00e9galement les films humoristiques pr\u00e9sentant le <a href=\"http:\/\/www.bull.fr\/7i\" target=\"_blank\">programme 7i<\/a> des SWATS de Bull !<\/p>\n","protected":false},"excerpt":{"rendered":"<p>J&rsquo;\u00e9tais invit\u00e9 \u00e0 pr\u00e9senter la place des logiciels libres dans la modernisation de l&rsquo;Etat lors de l&rsquo;assembl\u00e9e g\u00e9n\u00e9rale du Club des utilisateurs Bull europ\u00e9ens. 15H00 Comp\u00e9titivit\u00e9 europ\u00e9enne : l\u2019enjeu des technologies de l\u2019information et l\u2019opportunit\u00e9 des logiciels libres Bernard Carayon, D\u00e9put\u00e9, Pr\u00e9sident de la Fondation Promoth\u00e9us et auteur du rapport au Premier ministre \u00ab\u00a0A armes [&hellip;]<\/p>\n","protected":false},"author":1,"featured_media":0,"comment_status":"open","ping_status":"open","sticky":false,"template":"","format":"standard","meta":{"jetpack_post_was_ever_published":false,"_jetpack_newsletter_access":"","_jetpack_dont_email_post_to_subs":false,"_jetpack_newsletter_tier_id":0,"_jetpack_memberships_contains_paywalled_content":false,"_jetpack_memberships_contains_paid_content":false,"footnotes":"","jetpack_publicize_message":"","jetpack_publicize_feature_enabled":true,"jetpack_social_post_already_shared":false,"jetpack_social_options":{"image_generator_settings":{"template":"highway","default_image_id":0,"font":"","enabled":false},"version":2}},"categories":[6,7,8],"tags":[],"class_list":["post-68","post","type-post","status-publish","format-standard","hentry","category-general","category-international","category-interventions"],"jetpack_publicize_connections":[],"jetpack_featured_media_url":"","jetpack_sharing_enabled":true,"jetpack_shortlink":"https:\/\/wp.me\/pazAbl-16","_links":{"self":[{"href":"https:\/\/blog-alexis.monville.com\/fr\/wp-json\/wp\/v2\/posts\/68","targetHints":{"allow":["GET"]}}],"collection":[{"href":"https:\/\/blog-alexis.monville.com\/fr\/wp-json\/wp\/v2\/posts"}],"about":[{"href":"https:\/\/blog-alexis.monville.com\/fr\/wp-json\/wp\/v2\/types\/post"}],"author":[{"embeddable":true,"href":"https:\/\/blog-alexis.monville.com\/fr\/wp-json\/wp\/v2\/users\/1"}],"replies":[{"embeddable":true,"href":"https:\/\/blog-alexis.monville.com\/fr\/wp-json\/wp\/v2\/comments?post=68"}],"version-history":[{"count":0,"href":"https:\/\/blog-alexis.monville.com\/fr\/wp-json\/wp\/v2\/posts\/68\/revisions"}],"wp:attachment":[{"href":"https:\/\/blog-alexis.monville.com\/fr\/wp-json\/wp\/v2\/media?parent=68"}],"wp:term":[{"taxonomy":"category","embeddable":true,"href":"https:\/\/blog-alexis.monville.com\/fr\/wp-json\/wp\/v2\/categories?post=68"},{"taxonomy":"post_tag","embeddable":true,"href":"https:\/\/blog-alexis.monville.com\/fr\/wp-json\/wp\/v2\/tags?post=68"}],"curies":[{"name":"wp","href":"https:\/\/api.w.org\/{rel}","templated":true}]}}