{"id":666,"date":"2009-10-17T23:50:19","date_gmt":"2009-10-17T21:50:19","guid":{"rendered":"https:\/\/blog-alexis.monville.com\/?p=666"},"modified":"2009-10-17T23:50:19","modified_gmt":"2009-10-17T21:50:19","slug":"appel-a-communication-pour-solutions-linux-2010","status":"publish","type":"post","link":"https:\/\/blog-alexis.monville.com\/fr\/2009\/10\/17\/appel-a-communication-pour-solutions-linux-2010\/","title":{"rendered":"Appel \u00e0 communication pour Solutions Linux 2010"},"content":{"rendered":"<p><a href=\"http:\/\/www.confsolutionslinuxparis.com\/\"><img data-recalc-dims=\"1\" loading=\"lazy\" decoding=\"async\" class=\"alignleft size-full wp-image-667\" style=\"margin: 10px\" src=\"https:\/\/i0.wp.com\/blog-alexis.monville.com\/wp-content\/uploads\/2009\/10\/image001.jpg?resize=118%2C71&#038;ssl=1\" alt=\"image001\" width=\"118\" height=\"71\" \/><\/a>Une conf\u00e9rence gratuite \u00ab\u00a0L&rsquo;administration et le libre\u00a0\u00bb est propos\u00e9e lors de la prochaine \u00e9dition du salon Solutions Linux qui se d\u00e9roulera du 16 au 18 mars 2010.<\/p>\n<p><a href=\"http:\/\/www.grapheos.com\/confmanager\/2010\/appelacom_solutionslinux2010.pdf\" target=\"_blank\">L&rsquo;appel \u00e0 communication<\/a> est publi\u00e9 et vous avez jusqu&rsquo;au <strong>6 novembre<\/strong> pour proposer <a href=\"http:\/\/www.confsolutionslinuxparis.com\/\" target=\"_blank\">vos interventions <\/a><\/p>\n<p>Pour en savoir plus vous pouvez consulter les billets relatants les \u00e9ditions pr\u00e9c\u00e9dentes : <a href=\"https:\/\/blog-alexis.monville.com\/2009\/04\/09\/solutionslinux-administration-electronique-libre\/\" target=\"_blank\">2009<\/a>, <a href=\"https:\/\/blog-alexis.monville.com\/2007\/06\/19\/solutions-linux-2008-appel-a-communications\/\" target=\"_blank\">2008<\/a>, <a href=\"https:\/\/blog-alexis.monville.com\/2007\/01\/31\/conferences-adele\/\" target=\"_blank\">2007<\/a>&#8230;<\/p>\n<blockquote>\n<p style=\"margin: 0.0px 0.0px 0.0px 0.0px;font: 14.0px Arial\">La France est parmi les pays europ\u00e9ens celui qui utilise et d\u00e9veloppe le plus les logiciels libres pour les besoins de service public. En continuit\u00e9 des conf\u00e9rences administration \u00e9lectronique libre \u00e0 Solutions Linux, cette session veut pr\u00e9senter les chantiers et les enjeux de l\u2019utilisation des logiciels libres et des formats ouverts dans le service public. Vous avez d\u00e9ploy\u00e9 des logiciels libres dans un service public, vous d\u00e9veloppez un logiciel libre qui pourrait y \u00eatre utile, vous mutualisez etc&#8230; apportez votre contribution !<\/p>\n<\/blockquote>\n","protected":false},"excerpt":{"rendered":"<p>Une conf\u00e9rence gratuite \u00ab\u00a0L&rsquo;administration et le libre\u00a0\u00bb est propos\u00e9e lors de la prochaine \u00e9dition du salon Solutions Linux qui se d\u00e9roulera du 16 au 18 mars 2010. L&rsquo;appel \u00e0 communication est publi\u00e9 et vous avez jusqu&rsquo;au 6 novembre pour proposer vos interventions Pour en savoir plus vous pouvez consulter les billets relatants les \u00e9ditions pr\u00e9c\u00e9dentes [&hellip;]<\/p>\n","protected":false},"author":1,"featured_media":0,"comment_status":"open","ping_status":"open","sticky":false,"template":"","format":"standard","meta":{"jetpack_post_was_ever_published":false,"_jetpack_newsletter_access":"","_jetpack_dont_email_post_to_subs":false,"_jetpack_newsletter_tier_id":0,"_jetpack_memberships_contains_paywalled_content":false,"_jetpack_memberships_contains_paid_content":false,"footnotes":"","jetpack_publicize_message":"","jetpack_publicize_feature_enabled":true,"jetpack_social_post_already_shared":false,"jetpack_social_options":{"image_generator_settings":{"template":"highway","default_image_id":0,"font":"","enabled":false},"version":2}},"categories":[6,7],"tags":[43,179,290,452,510,524,684,692,694],"class_list":["post-666","post","type-post","status-publish","format-standard","hentry","category-general","category-international","tag-administration-electronique","tag-conference","tag-explorateurs-du-web","tag-logiciel-libre","tag-numerique","tag-open-source","tag-sl2010","tag-solutionlinux","tag-solutionslinux2010"],"jetpack_publicize_connections":[],"jetpack_featured_media_url":"","jetpack_sharing_enabled":true,"jetpack_shortlink":"https:\/\/wp.me\/pazAbl-aK","_links":{"self":[{"href":"https:\/\/blog-alexis.monville.com\/fr\/wp-json\/wp\/v2\/posts\/666","targetHints":{"allow":["GET"]}}],"collection":[{"href":"https:\/\/blog-alexis.monville.com\/fr\/wp-json\/wp\/v2\/posts"}],"about":[{"href":"https:\/\/blog-alexis.monville.com\/fr\/wp-json\/wp\/v2\/types\/post"}],"author":[{"embeddable":true,"href":"https:\/\/blog-alexis.monville.com\/fr\/wp-json\/wp\/v2\/users\/1"}],"replies":[{"embeddable":true,"href":"https:\/\/blog-alexis.monville.com\/fr\/wp-json\/wp\/v2\/comments?post=666"}],"version-history":[{"count":0,"href":"https:\/\/blog-alexis.monville.com\/fr\/wp-json\/wp\/v2\/posts\/666\/revisions"}],"wp:attachment":[{"href":"https:\/\/blog-alexis.monville.com\/fr\/wp-json\/wp\/v2\/media?parent=666"}],"wp:term":[{"taxonomy":"category","embeddable":true,"href":"https:\/\/blog-alexis.monville.com\/fr\/wp-json\/wp\/v2\/categories?post=666"},{"taxonomy":"post_tag","embeddable":true,"href":"https:\/\/blog-alexis.monville.com\/fr\/wp-json\/wp\/v2\/tags?post=666"}],"curies":[{"name":"wp","href":"https:\/\/api.w.org\/{rel}","templated":true}]}}