{"id":662,"date":"2009-10-04T22:21:29","date_gmt":"2009-10-04T20:21:29","guid":{"rendered":"https:\/\/blog-alexis.monville.com\/?p=662"},"modified":"2009-10-04T22:21:29","modified_gmt":"2009-10-04T20:21:29","slug":"conference-sur-le-facteur-humain","status":"publish","type":"post","link":"https:\/\/blog-alexis.monville.com\/fr\/2009\/10\/04\/conference-sur-le-facteur-humain\/","title":{"rendered":"Conf\u00e9rence sur le facteur humain"},"content":{"rendered":"<p><a href=\"http:\/\/www.flickr.com\/photos\/monville\/3979097399\/sizes\/l\/in\/set-72157622502999988\/\"><img data-recalc-dims=\"1\" loading=\"lazy\" decoding=\"async\" class=\"alignleft\" style=\"margin: 10px\" src=\"https:\/\/i0.wp.com\/farm3.static.flickr.com\/2440\/3979097399_d3d66d6cdb_m.jpg?resize=240%2C160\" alt=\"\" width=\"240\" height=\"160\" \/><\/a><\/p>\n<p><em>Je reprend ici un billet publi\u00e9 sur <a href=\"http:\/\/ayeba.fr\/2009\/10\/04\/le-facteur-humain-au-coeur-de-lindustrie-du-logiciel-libreles\/\" target=\"_blank\">ayeba.fr<\/a>.<\/em><\/p>\n<p>Ce vendredi 2 octobre 2009, de 14h \u00e0 16h, se d\u00e9roulait lors de l&rsquo;<a href=\"http:\/\/openworldforum.org\" target=\"_blank\">OpenWorldForum<\/a>, la conf\u00e9rence : \u00ab\u00a0le facteur humain&#8230; au coeur de l&rsquo;industrie du logiciel libre\u00a0\u00bb.<\/p>\n<p>Une conf\u00e9rence pour aborder le facteur humain au coeur du succ\u00e8s du logiciel libre !<\/p>\n<p>Les onze intervenants ont partag\u00e9s leurs exp\u00e9riences et leurs analyses au cours d&rsquo;un programme dense :<\/p>\n<ul>\n<li><span style=\"font-family: 'Helvetica Neue', 'Times New Roman', 'Bitstream Charter', Times, serif;line-height: normal;font-size: 12px\">Jean-Fran\u00e7ois Noubel, fondateur et Pr\u00e9sident de The Transitioner.org, nous \u00e9clairera sur ce qu\u2019est l\u2019Intelligence Collective.<\/span><\/li>\n<li><span style=\"font-family: 'Helvetica Neue', 'Times New Roman', 'Bitstream Charter', Times, serif;line-height: normal;font-size: 12px\">Louis Suarez Potts de Sun Microsystems, Community Manager de OpenOffice.org. <\/span><\/li>\n<li><span style=\"font-family: 'Helvetica Neue', 'Times New Roman', 'Bitstream Charter', Times, serif;line-height: normal;font-size: 12px\">Florence Devouard, Consultante, \u00e9tait la pr\u00e9sidente du conseil d\u2019administration de la fondation Wikimedia de 2006 \u00e0 2008, nous parlera de l\u2019aventure wikipedia.<\/span><\/li>\n<li><span style=\"font-family: 'Helvetica Neue', 'Times New Roman', 'Bitstream Charter', Times, serif;line-height: normal;font-size: 12px\">Marie Vorgan le Barzic du Silicon Sentier pr\u00e9sentera l\u2019exp\u00e9rience de l\u2019espace de co-working, La Cantine Num\u00e9rique.<\/span><\/li>\n<li><span style=\"font-family: 'Helvetica Neue', 'Times New Roman', 'Bitstream Charter', Times, serif;line-height: normal;font-size: 12px\">La table ronde sur le th\u00e8me de la rencontre entre les entreprises et les communaut\u00e9s a r\u00e9unie :<\/span><\/li>\n<\/ul>\n<ul>\n<li>\n<ul>\n<li>Jean-Michel Huten, Directeur M\u00e9thodes de la DSI de Generali,<\/li>\n<li>Olivier Maurel, responsable de la communication et de l\u2019animation des communaut\u00e9s de l\u2019incubateur de social businesses Danone Communities, au sein du Groupe Danone,<\/li>\n<li>Olivier R\u00e9aud, fondateur de l\u2019entreprise de conseil en management In Principo,<\/li>\n<li>Alain Raynaud du Founder Institute.<\/li>\n<\/ul>\n<\/li>\n<li>la session se concluait en laissant la place \u00e0 l\u2019appel \u00e0 contribution de la fondation umana ae, lanc\u00e9 par ses co-fondateurs : Juliette Compagnion &amp; Laurent Bouffi\u00e8s.<\/li>\n<\/ul>\n<p>Quelques retours sont d\u00e9j\u00e0 pr\u00e9sents sur le web, avec :<\/p>\n<ul>\n<li>Les <a href=\"http:\/\/www.flickr.com\/photos\/monville\/3979097399\/sizes\/l\/in\/set-72157622502999988\/\" target=\"_blank\">dessins<\/a> d&rsquo;Ivan Sigg qui illustrent ce billet,<\/li>\n<li>Les photos de <a href=\"http:\/\/www.flickr.com\/photos\/sylvielebars\/3975700573\/\" target=\"_blank\">Sylvie Le Bars<\/a> et <a href=\"http:\/\/www.flickr.com\/photos\/christopheducamp\/3974243921\/\" target=\"_blank\">Christophe Ducamp<\/a> \u00e0 voir sur <a href=\"http:\/\/www.flickr.com\/search\/?q=owf&amp;m=tags\" target=\"_blank\">flickr.com<\/a>,<\/li>\n<li>Le <a href=\"http:\/\/www.speigallery.com\/post\/2009\/10\/04\/Le-facteur-humain-a-lOpen-World-Forum\" target=\"_blank\">compte-rendu de Spei<\/a>,<\/li>\n<li>et d&rsquo;autres retours que vous allez je l&rsquo;esp\u00e8re nous faire d\u00e9couvrir, \u00e0 vos claviers !<\/li>\n<\/ul>\n","protected":false},"excerpt":{"rendered":"<p>Je reprend ici un billet publi\u00e9 sur ayeba.fr. Ce vendredi 2 octobre 2009, de 14h \u00e0 16h, se d\u00e9roulait lors de l&rsquo;OpenWorldForum, la conf\u00e9rence : \u00ab\u00a0le facteur humain&#8230; au coeur de l&rsquo;industrie du logiciel libre\u00a0\u00bb. Une conf\u00e9rence pour aborder le facteur humain au coeur du succ\u00e8s du logiciel libre ! Les onze intervenants ont partag\u00e9s [&hellip;]<\/p>\n","protected":false},"author":1,"featured_media":0,"comment_status":"open","ping_status":"open","sticky":false,"template":"","format":"standard","meta":{"jetpack_post_was_ever_published":false,"_jetpack_newsletter_access":"","_jetpack_dont_email_post_to_subs":false,"_jetpack_newsletter_tier_id":0,"_jetpack_memberships_contains_paywalled_content":false,"_jetpack_memberships_contains_paid_content":false,"footnotes":"","jetpack_publicize_message":"","jetpack_publicize_feature_enabled":true,"jetpack_social_post_already_shared":false,"jetpack_social_options":{"image_generator_settings":{"template":"highway","default_image_id":0,"font":"","enabled":false},"version":2}},"categories":[2,6,8],"tags":[51,58,169,184,315,393,452,544],"class_list":["post-662","post","type-post","status-publish","format-standard","hentry","category-ayeba","category-general","category-interventions","tag-agile","tag-agilite","tag-collaboration","tag-cooperation","tag-floss","tag-intelligence","tag-logiciel-libre","tag-owf"],"jetpack_publicize_connections":[],"jetpack_featured_media_url":"","jetpack_sharing_enabled":true,"jetpack_shortlink":"https:\/\/wp.me\/pazAbl-aG","_links":{"self":[{"href":"https:\/\/blog-alexis.monville.com\/fr\/wp-json\/wp\/v2\/posts\/662","targetHints":{"allow":["GET"]}}],"collection":[{"href":"https:\/\/blog-alexis.monville.com\/fr\/wp-json\/wp\/v2\/posts"}],"about":[{"href":"https:\/\/blog-alexis.monville.com\/fr\/wp-json\/wp\/v2\/types\/post"}],"author":[{"embeddable":true,"href":"https:\/\/blog-alexis.monville.com\/fr\/wp-json\/wp\/v2\/users\/1"}],"replies":[{"embeddable":true,"href":"https:\/\/blog-alexis.monville.com\/fr\/wp-json\/wp\/v2\/comments?post=662"}],"version-history":[{"count":0,"href":"https:\/\/blog-alexis.monville.com\/fr\/wp-json\/wp\/v2\/posts\/662\/revisions"}],"wp:attachment":[{"href":"https:\/\/blog-alexis.monville.com\/fr\/wp-json\/wp\/v2\/media?parent=662"}],"wp:term":[{"taxonomy":"category","embeddable":true,"href":"https:\/\/blog-alexis.monville.com\/fr\/wp-json\/wp\/v2\/categories?post=662"},{"taxonomy":"post_tag","embeddable":true,"href":"https:\/\/blog-alexis.monville.com\/fr\/wp-json\/wp\/v2\/tags?post=662"}],"curies":[{"name":"wp","href":"https:\/\/api.w.org\/{rel}","templated":true}]}}