{"id":602,"date":"2009-06-19T00:00:46","date_gmt":"2009-06-18T22:00:46","guid":{"rendered":"https:\/\/blog-alexis.monville.com\/?p=602"},"modified":"2009-06-19T00:00:46","modified_gmt":"2009-06-18T22:00:46","slug":"un-jour-une-oeuvre-1-an","status":"publish","type":"post","link":"https:\/\/blog-alexis.monville.com\/fr\/2009\/06\/19\/un-jour-une-oeuvre-1-an\/","title":{"rendered":"Un Jour Une Oeuvre (1 an)"},"content":{"rendered":"<p><a href=\"http:\/\/www.flickr.com\/photos\/sylvielebars\/3629471432\/sizes\/m\/in\/photostream\/\"><img data-recalc-dims=\"1\" loading=\"lazy\" decoding=\"async\" class=\"alignleft\" src=\"https:\/\/i0.wp.com\/farm3.static.flickr.com\/2471\/3629471432_c28076dc07_m_d.jpg?resize=240%2C240\" alt=\"\" width=\"240\" height=\"240\" \/><\/a>Les superbes photographies de <a href=\"http:\/\/www.flickr.com\/photos\/sylvielebars\/\" target=\"_blank\">Sylvie Le Bars<\/a> m&rsquo;ont donn\u00e9es envie de faire un petit article illustr\u00e9 sur le premier anniversaire du site Internet <a href=\"http:\/\/unjouruneoeuvre.eu\/\" target=\"_blank\">Un Jour Une Oeuvre<\/a>. Pour f\u00eater cette premi\u00e8re ann\u00e9e, nous avions rendez-vous pour une cinqui\u00e8me session d&rsquo;<em>Un Jour Une Oeuvre en direct<\/em>, au mus\u00e9e Eug\u00e8ne Delacroix.<\/p>\n<p>Spei nous le raconte : \u00ab\u00a0[&#8230;] Bon, revenons au sujet du jour. La visite du <a href=\"http:\/\/www.musee-delacroix.fr\/\">mus\u00e9e national Eug\u00e8ne Delacroix<\/a>, sis au 6 rue de Furstenberg, Paris 6\u00e8me arrondissement. Quatre personnes qui d\u00e9barquent et qui causent dans un petit mus\u00e9e, \u00e7a ne passe pas toujours inaper\u00e7u, voire, ce n&rsquo;est pas forc\u00e9ment tol\u00e9r\u00e9. Gr\u00e2ce \u00e0 Janick, que je remercie au passage, agent d&rsquo;accueil au mus\u00e9e de son \u00e9tat et amie d&rsquo;Ivan, nous avons eu le privil\u00e8ge exceptionnel de pouvoir passer du temps devant des \u0153uvres de Delacroix. [&#8230;]\u00a0\u00bb la suite est ici : <a href=\"http:\/\/www.speigallery.com\/post\/2009\/06\/10\/UOJO-en-direct\" target=\"_blank\">http:\/\/www.speigallery.com\/post\/2009\/06\/10\/UOJO-en-direct<\/a>.<\/p>\n<p>Une visite avec partage des regards, suivi d&rsquo;un resto ou nous avons \u00e9chang\u00e9 sur la suite du site&#8230; Quelques petites nouveaut\u00e9s en attendant les grandes \u00e9volutions du projet !<\/p>\n<p>Vous pouvez \u00eatre inform\u00e9 des nouvelles publications, les oeuvres et les regards en suivant Un Jour Une Oeuvre sur Twitter : <a rel=\"nofollow\" href=\"http:\/\/twitter.com\/ujuo\">http:\/\/twitter.com\/ujuo<\/a> et\/ou sur FaceBook : <a href=\"http:\/\/fr-fr.facebook.com\/people\/Un-Jour-Une-Oeuvre\/1837546794\">Un Jour Une Oeuvre sur FaceBook<\/a><\/p>\n<p>Vous avez des id\u00e9es pour faire \u00e9voluer le projet ?<\/p>\n<p><strong>Partagez les avec nous !<\/strong><a href=\"http:\/\/www.flickr.com\/photos\/sylvielebars\/3632217964\/in\/photostream\"><img data-recalc-dims=\"1\" loading=\"lazy\" decoding=\"async\" class=\"alignright\" src=\"https:\/\/i0.wp.com\/farm4.static.flickr.com\/3635\/3632217964_d2830eec05_m_d.jpg?resize=240%2C240\" alt=\"\" width=\"240\" height=\"240\" \/><\/a><\/p>\n","protected":false},"excerpt":{"rendered":"<p>Les superbes photographies de Sylvie Le Bars m&rsquo;ont donn\u00e9es envie de faire un petit article illustr\u00e9 sur le premier anniversaire du site Internet Un Jour Une Oeuvre. Pour f\u00eater cette premi\u00e8re ann\u00e9e, nous avions rendez-vous pour une cinqui\u00e8me session d&rsquo;Un Jour Une Oeuvre en direct, au mus\u00e9e Eug\u00e8ne Delacroix. Spei nous le raconte : \u00ab\u00a0[&#8230;] [&hellip;]<\/p>\n","protected":false},"author":1,"featured_media":0,"comment_status":"open","ping_status":"open","sticky":false,"template":"","format":"standard","meta":{"jetpack_post_was_ever_published":false,"_jetpack_newsletter_access":"","_jetpack_dont_email_post_to_subs":false,"_jetpack_newsletter_tier_id":0,"_jetpack_memberships_contains_paywalled_content":false,"_jetpack_memberships_contains_paid_content":false,"footnotes":"","jetpack_publicize_message":"","jetpack_publicize_feature_enabled":true,"jetpack_social_post_already_shared":false,"jetpack_social_options":{"image_generator_settings":{"template":"highway","default_image_id":0,"font":"","enabled":false},"version":2}},"categories":[6],"tags":[88,169,184,199,762,763],"class_list":["post-602","post","type-post","status-publish","format-standard","hentry","category-general","tag-art","tag-collaboration","tag-cooperation","tag-culture","tag-ujuo","tag-un-jour-une-oeuvre"],"jetpack_publicize_connections":[],"jetpack_featured_media_url":"","jetpack_sharing_enabled":true,"jetpack_shortlink":"https:\/\/wp.me\/pazAbl-9I","_links":{"self":[{"href":"https:\/\/blog-alexis.monville.com\/fr\/wp-json\/wp\/v2\/posts\/602","targetHints":{"allow":["GET"]}}],"collection":[{"href":"https:\/\/blog-alexis.monville.com\/fr\/wp-json\/wp\/v2\/posts"}],"about":[{"href":"https:\/\/blog-alexis.monville.com\/fr\/wp-json\/wp\/v2\/types\/post"}],"author":[{"embeddable":true,"href":"https:\/\/blog-alexis.monville.com\/fr\/wp-json\/wp\/v2\/users\/1"}],"replies":[{"embeddable":true,"href":"https:\/\/blog-alexis.monville.com\/fr\/wp-json\/wp\/v2\/comments?post=602"}],"version-history":[{"count":0,"href":"https:\/\/blog-alexis.monville.com\/fr\/wp-json\/wp\/v2\/posts\/602\/revisions"}],"wp:attachment":[{"href":"https:\/\/blog-alexis.monville.com\/fr\/wp-json\/wp\/v2\/media?parent=602"}],"wp:term":[{"taxonomy":"category","embeddable":true,"href":"https:\/\/blog-alexis.monville.com\/fr\/wp-json\/wp\/v2\/categories?post=602"},{"taxonomy":"post_tag","embeddable":true,"href":"https:\/\/blog-alexis.monville.com\/fr\/wp-json\/wp\/v2\/tags?post=602"}],"curies":[{"name":"wp","href":"https:\/\/api.w.org\/{rel}","templated":true}]}}