{"id":53,"date":"2007-03-01T07:40:16","date_gmt":"2007-03-01T06:40:16","guid":{"rendered":"http:\/\/alexismonville.wordpress.com\/2007\/03\/01\/eu-german-presidency-advancing-egovernment\/"},"modified":"2007-03-01T07:40:16","modified_gmt":"2007-03-01T06:40:16","slug":"eu-german-presidency-advancing-egovernment","status":"publish","type":"post","link":"https:\/\/blog-alexis.monville.com\/fr\/2007\/03\/01\/eu-german-presidency-advancing-egovernment\/","title":{"rendered":"EU German Presidency &#8211; Advancing egovernment"},"content":{"rendered":"<p><img data-recalc-dims=\"1\" decoding=\"async\" src=\"https:\/\/i0.wp.com\/www.bmi.bund.de\/cln_012\/nn_122688\/Internet\/Content\/Common\/Bilder\/EU20007__Bilder\/Advancing__E__Government__weiss__en%2CtemplateId%3DrawScaled%2Cproperty%3Dposter%2Cheight%3D130%2Cwidth%3D176.gif\" align=\"left\" \/>1er mars, journ\u00e9e sur l&rsquo;administration \u00e9lectronique organis\u00e9e par la pr\u00e9sidence allemande \u00e0 Berlin. La journ\u00e9e a d\u00e9but\u00e9 par l&rsquo;intervention du DSI du minist\u00e8re de l&rsquo;int\u00e9rieur, Martin Schallbruch, puis les interventions :<\/p>\n<ul>\n<li>Dr. Wolfgang Sch\u00e4uble, Federal Minister, Federal Ministry of the Interior<\/li>\n<li>Viviane Reding, EU Commissioner for Information Society and Media<\/li>\n<li>Thierry Stoll, Deputy Director-General, DG Internal Market and Services<\/li>\n<li>Hermann-Josef Lamberti, Member of the Management Board of Deutsche Bank<\/li>\n<\/ul>\n<p>S\u00e9paration de la d\u00e9l\u00e9gation en quatre pour suivre :<\/p>\n<ul>\n<li>Point d&rsquo;avancement du plan d&rsquo;action europ\u00e9en i2010<\/li>\n<li>Formats de document ouvert<\/li>\n<li>Identit\u00e9 \u00e9lectronique<\/li>\n<li>Pr\u00e9sentation des strat\u00e9gies d&rsquo;Administration \u00e9lectronique de quelques \u00e9tats membres<\/li>\n<\/ul>\n<p>Les conclusions de la pr\u00e9sidence allemande sont disponibles <a href=\"http:\/\/www.bmi.bund.de\/Internet\/Content\/Common\/Anlagen\/Themen\/Europa__Internationales\/Veranstaltungen\/Conclusions_20of_20the_20Presidency__01030,templateId=raw,property=publicationFile.pdf\/Conclusions%20of%20the%20Presidency_01030.pdf\" title=\"Conclusions of the Presidency\" target=\"_blank\">ici<\/a>, rendez-vous a \u00e9t\u00e9 pris pour mesurer l&rsquo;avancement lors de la conf\u00e9rence minist\u00e9rielle de Lisbone du 19 au 21 septembre 2007.<\/p>\n","protected":false},"excerpt":{"rendered":"<p>1er mars, journ\u00e9e sur l&rsquo;administration \u00e9lectronique organis\u00e9e par la pr\u00e9sidence allemande \u00e0 Berlin. La journ\u00e9e a d\u00e9but\u00e9 par l&rsquo;intervention du DSI du minist\u00e8re de l&rsquo;int\u00e9rieur, Martin Schallbruch, puis les interventions : Dr. Wolfgang Sch\u00e4uble, Federal Minister, Federal Ministry of the Interior Viviane Reding, EU Commissioner for Information Society and Media Thierry Stoll, Deputy Director-General, DG [&hellip;]<\/p>\n","protected":false},"author":1,"featured_media":0,"comment_status":"open","ping_status":"open","sticky":false,"template":"","format":"standard","meta":{"jetpack_post_was_ever_published":false,"_jetpack_newsletter_access":"","_jetpack_dont_email_post_to_subs":false,"_jetpack_newsletter_tier_id":0,"_jetpack_memberships_contains_paywalled_content":false,"_jetpack_memberships_contains_paid_content":false,"footnotes":"","jetpack_publicize_message":"","jetpack_publicize_feature_enabled":true,"jetpack_social_post_already_shared":false,"jetpack_social_options":{"image_generator_settings":{"template":"highway","default_image_id":0,"font":"","enabled":false},"version":2}},"categories":[13,6,7],"tags":[43],"class_list":["post-53","post","type-post","status-publish","format-standard","hentry","category-europe","category-general","category-international","tag-administration-electronique"],"jetpack_publicize_connections":[],"jetpack_featured_media_url":"","jetpack_sharing_enabled":true,"jetpack_shortlink":"https:\/\/wp.me\/pazAbl-R","_links":{"self":[{"href":"https:\/\/blog-alexis.monville.com\/fr\/wp-json\/wp\/v2\/posts\/53","targetHints":{"allow":["GET"]}}],"collection":[{"href":"https:\/\/blog-alexis.monville.com\/fr\/wp-json\/wp\/v2\/posts"}],"about":[{"href":"https:\/\/blog-alexis.monville.com\/fr\/wp-json\/wp\/v2\/types\/post"}],"author":[{"embeddable":true,"href":"https:\/\/blog-alexis.monville.com\/fr\/wp-json\/wp\/v2\/users\/1"}],"replies":[{"embeddable":true,"href":"https:\/\/blog-alexis.monville.com\/fr\/wp-json\/wp\/v2\/comments?post=53"}],"version-history":[{"count":0,"href":"https:\/\/blog-alexis.monville.com\/fr\/wp-json\/wp\/v2\/posts\/53\/revisions"}],"wp:attachment":[{"href":"https:\/\/blog-alexis.monville.com\/fr\/wp-json\/wp\/v2\/media?parent=53"}],"wp:term":[{"taxonomy":"category","embeddable":true,"href":"https:\/\/blog-alexis.monville.com\/fr\/wp-json\/wp\/v2\/categories?post=53"},{"taxonomy":"post_tag","embeddable":true,"href":"https:\/\/blog-alexis.monville.com\/fr\/wp-json\/wp\/v2\/tags?post=53"}],"curies":[{"name":"wp","href":"https:\/\/api.w.org\/{rel}","templated":true}]}}