{"id":52,"date":"2007-02-28T07:39:29","date_gmt":"2007-02-28T05:39:29","guid":{"rendered":"http:\/\/alexismonville.wordpress.com\/2007\/02\/28\/eu-german-presidency-odef-workshop\/"},"modified":"2007-02-28T07:39:29","modified_gmt":"2007-02-28T05:39:29","slug":"eu-german-presidency-odef-workshop","status":"publish","type":"post","link":"https:\/\/blog-alexis.monville.com\/fr\/2007\/02\/28\/eu-german-presidency-odef-workshop\/","title":{"rendered":"EU German Presidency &#8211; ODEF Workshop"},"content":{"rendered":"<p><img decoding=\"async\" src=\"http:\/\/ec.europa.eu\/idabc\/servlets\/ImageServer?fuseAction=fetchImage&amp;id=25171&amp;width=174&amp;height=104\" align=\"left\" \/>Ce 28 f\u00e9vrier, j&rsquo;ai particip\u00e9 \u00e0 l&rsquo;atelier organis\u00e9 par <a href=\"http:\/\/ec.europa.eu\/idabc\/\" target=\"_blank\" title=\"IDABC\">IDABC<\/a> \u00e0 Berlin sur le th\u00e8me des formats  ouverts  de documents.<\/p>\n<p>La confrontation de points de vue entre les porteurs des deux formats s&rsquo;opposant pour l&rsquo;adoption par les pays membres \u00e9tait int\u00e9ressante. Jean Paoli de Microsoft avait la t\u00e2che difficile de d\u00e9fendre le format Open XML propos\u00e9 r\u00e9cemment \u00e0 la normalisation, tandis que Doug Heintzman d&rsquo;IBM repr\u00e9sentait le format OpenDocument Format &#8211; ISO 26300 depuis mi-2005. Lors des diff\u00e9rents ateliers &#8211; r\u00e9serv\u00e9s aux repr\u00e9sentants du secteur public &#8211; la n\u00e9cessit\u00e9 de n&rsquo;avoir qu&rsquo;un seul standard ISO est apparue comme absolue.<\/p>\n<p>Aucun argument ne subsistant pour choisir un autre format que le format ODF<br \/>\napr\u00e8s les interventions des industriels, il est envisag\u00e9 de pousser ce choix dans les semaines \u00e0 venir pour une adoption g\u00e9n\u00e9ralis\u00e9e &#8211; Microsoft ayant la capacit\u00e9 autant technique que financi\u00e8re de s&rsquo;adapter \u00e0 ce changement.<\/p>\n<p>Du cot\u00e9 des formats de document non r\u00e9visable la confirmation par Jim King de Adobe, de la soumission du format pdf \u00e0 l&rsquo;ISO (et non pas seulement du PDF\/A qui est d\u00e9j\u00e0 un format ISO) \u00e9tait une excellente nouvelle.<\/p>\n","protected":false},"excerpt":{"rendered":"<p>Ce 28 f\u00e9vrier, j&rsquo;ai particip\u00e9 \u00e0 l&rsquo;atelier organis\u00e9 par IDABC \u00e0 Berlin sur le th\u00e8me des formats ouverts de documents. La confrontation de points de vue entre les porteurs des deux formats s&rsquo;opposant pour l&rsquo;adoption par les pays membres \u00e9tait int\u00e9ressante. Jean Paoli de Microsoft avait la t\u00e2che difficile de d\u00e9fendre le format Open XML [&hellip;]<\/p>\n","protected":false},"author":1,"featured_media":0,"comment_status":"open","ping_status":"open","sticky":false,"template":"","format":"standard","meta":{"jetpack_post_was_ever_published":false,"_jetpack_newsletter_access":"","_jetpack_dont_email_post_to_subs":false,"_jetpack_newsletter_tier_id":0,"_jetpack_memberships_contains_paywalled_content":false,"_jetpack_memberships_contains_paid_content":false,"footnotes":"","jetpack_publicize_message":"","jetpack_publicize_feature_enabled":true,"jetpack_social_post_already_shared":false,"jetpack_social_options":{"image_generator_settings":{"template":"highway","default_image_id":0,"font":"","enabled":false},"version":2}},"categories":[13,6,7],"tags":[],"class_list":["post-52","post","type-post","status-publish","format-standard","hentry","category-europe","category-general","category-international"],"jetpack_publicize_connections":[],"jetpack_featured_media_url":"","jetpack_sharing_enabled":true,"jetpack_shortlink":"https:\/\/wp.me\/pazAbl-Q","_links":{"self":[{"href":"https:\/\/blog-alexis.monville.com\/fr\/wp-json\/wp\/v2\/posts\/52","targetHints":{"allow":["GET"]}}],"collection":[{"href":"https:\/\/blog-alexis.monville.com\/fr\/wp-json\/wp\/v2\/posts"}],"about":[{"href":"https:\/\/blog-alexis.monville.com\/fr\/wp-json\/wp\/v2\/types\/post"}],"author":[{"embeddable":true,"href":"https:\/\/blog-alexis.monville.com\/fr\/wp-json\/wp\/v2\/users\/1"}],"replies":[{"embeddable":true,"href":"https:\/\/blog-alexis.monville.com\/fr\/wp-json\/wp\/v2\/comments?post=52"}],"version-history":[{"count":0,"href":"https:\/\/blog-alexis.monville.com\/fr\/wp-json\/wp\/v2\/posts\/52\/revisions"}],"wp:attachment":[{"href":"https:\/\/blog-alexis.monville.com\/fr\/wp-json\/wp\/v2\/media?parent=52"}],"wp:term":[{"taxonomy":"category","embeddable":true,"href":"https:\/\/blog-alexis.monville.com\/fr\/wp-json\/wp\/v2\/categories?post=52"},{"taxonomy":"post_tag","embeddable":true,"href":"https:\/\/blog-alexis.monville.com\/fr\/wp-json\/wp\/v2\/tags?post=52"}],"curies":[{"name":"wp","href":"https:\/\/api.w.org\/{rel}","templated":true}]}}