{"id":49,"date":"2007-01-31T00:38:15","date_gmt":"2007-01-30T23:38:15","guid":{"rendered":"http:\/\/alexismonville.wordpress.com\/2007\/01\/31\/conferences-adele\/"},"modified":"2007-01-31T00:38:15","modified_gmt":"2007-01-30T23:38:15","slug":"conferences-adele","status":"publish","type":"post","link":"https:\/\/blog-alexis.monville.com\/fr\/2007\/01\/31\/conferences-adele\/","title":{"rendered":"Conf\u00e9rences ADELE"},"content":{"rendered":"<p style=\"margin-bottom:0\">J&rsquo;ai eu le grand plaisir de pr\u00e9sider les conf\u00e9rences ADELE sur le salon solutions linux, je viens de mettre en ligne les pr\u00e9sentation sur <a target=\"_blank\" href=\"http:\/\/synergies.modernisation.gouv.fr\/article.php3?id_article=167\">Synergies<\/a>.<\/p>\n<p style=\"margin-bottom:0\">Le programme des interventions :<\/p>\n<p style=\"margin-bottom:0\">Conf\u00e9rences Ad\u00e8le au Salon Solution Linux 2007<\/p>\n<p style=\"margin-bottom:0\">31 janvier 2007 &#8211; 9h30 \u00e0 12h30 &#8211; CNIT \u2013 S5 \u2013 Doppler 1 &amp;2<\/p>\n<p style=\"margin-top:0.3cm;margin-bottom:0\"><font face=\"Times New Roman, serif\"><font size=\"2\"><em>L\u2019administration est \u00e0 pr\u00e9sent plus m\u00fbre dans son usage et son appropriation des logiciels libres, les conf\u00e9rences ADELE pr\u00e9senteront les m\u00e9thodes et outils permettant l\u2019usage des solutions sous licence libre comme vecteur de la mutualisation, les enjeux de la standardisation, les aspects juridiques de l\u2019utilisation des licences libres.<\/em><\/font><\/font><\/p>\n<p style=\"margin-bottom:0\">\n<p style=\"margin-bottom:0\">9h30 \u2013 9h45<\/p>\n<ul>\n<li>\n<p style=\"margin-bottom:0\">Quelques \tnouvelles d&rsquo;ADELE<br \/>\n<font size=\"2\">Alexis MONVILLE,<br \/>\n<span>Direction \tg\u00e9n\u00e9rale de la modernisation de l&rsquo;Etat,<br \/>\nMinist\u00e8re \tde l&rsquo;Economie, des Finances et de l&rsquo;Industrie.<\/span><\/font><\/li>\n<\/ul>\n<p style=\"margin-bottom:0\">\n<p style=\"margin-bottom:0\">9h45 \u2013 10h45 : Le libre comme vecteur de la mutualisation, comment s&rsquo;op\u00e8re cette transformation (m\u00e9thodes et outils) ?<\/p>\n<ul>\n<li>\n<p style=\"margin-bottom:0\">Open Source \tObservatory and Repository<br \/>\n<font size=\"2\">Barbara \tHELD<br \/>\nIDABC,<br \/>\nCommission europ\u00e9enne.<\/font><\/li>\n<li>\n<p style=\"margin-bottom:0\">La forge \tadmisource.gouv.fr<br \/>\n<font size=\"2\">Thierry AIME,<br \/>\nDirection \tg\u00e9n\u00e9rale de la modernisation de l&rsquo;Etat,<br \/>\n<span>Minist\u00e8re \tde l&rsquo;Economie, des Finances et de l&rsquo;Industrie.<\/span><\/font><\/li>\n<li>\n<p style=\"margin-bottom:0\"><span>La \tforge adullact.net et la dynamique Hephaestos<br \/>\n<\/span><font size=\"2\">Fran\u00e7ois \tELIE,<br \/>\nPr\u00e9sident de l&rsquo;Adullact<\/font><\/li>\n<\/ul>\n<p style=\"margin-bottom:0\">\n<p style=\"margin-bottom:0\">10h45 \u2013 11h30 : Les enjeux de la standardisation<\/p>\n<ul>\n<li>\n<p style=\"margin-bottom:0\">La \tstandardisation des SIC au minist\u00e8re de la d\u00e9fense<br \/>\n<font size=\"2\">Thierry \tLEBLOND,<br \/>\nDirection g\u00e9n\u00e9rale des Syst\u00e8mes \td&rsquo;Information et de Communication,<br \/>\nMinist\u00e8re de la \td\u00e9fense.<\/font><\/li>\n<\/ul>\n<ul>\n<li>\n<p style=\"margin-bottom:0\"><font size=\"2\">Guy \tDUPLAQUET,<br \/>\nDirection des Syst\u00e8mes d&rsquo;Information,<br \/>\nMinist\u00e8re \tde la Justice.<\/font><\/li>\n<\/ul>\n<p style=\"margin-bottom:0\">\n<p style=\"margin-bottom:0\">11h30 \u2013 11h55 : Les aspects juridiques de l\u2019usage de logiciels<\/p>\n<ul>\n<li>\n<p style=\"margin-bottom:0\">Logiciels \tlibres et March\u00e9 Publics<br \/>\n<font size=\"2\">Marie-Jos\u00e9 \tPALASZ, Direction des Affaires Juridiques,<br \/>\nElise DEBIES<span>, \tDirection g\u00e9n\u00e9rale de la modernisation de \tl&rsquo;Etat,<br \/>\nMinist\u00e8re de l&rsquo;Economie, des Finances et de \tl&rsquo;Industrie.<\/span><\/font><\/li>\n<\/ul>\n<p style=\"margin-bottom:0\">\n<p style=\"margin-bottom:0\">12h00-12h30 : Table ronde avec les intervenants auxquels s&rsquo;ajoutera :<\/p>\n<ul>\n<li>\n<p style=\"margin-bottom:0\"><font size=\"2\">Denis ODDOUX,<br \/>\nDirection g\u00e9n\u00e9rale des \timp\u00f4ts,<br \/>\nMinist\u00e8re de l&rsquo;Economie, des Finances et de \tl&rsquo;Industrie.<\/font><\/li>\n<\/ul>\n","protected":false},"excerpt":{"rendered":"<p>J&rsquo;ai eu le grand plaisir de pr\u00e9sider les conf\u00e9rences ADELE sur le salon solutions linux, je viens de mettre en ligne les pr\u00e9sentation sur Synergies. Le programme des interventions : Conf\u00e9rences Ad\u00e8le au Salon Solution Linux 2007 31 janvier 2007 &#8211; 9h30 \u00e0 12h30 &#8211; CNIT \u2013 S5 \u2013 Doppler 1 &amp;2 L\u2019administration est \u00e0 [&hellip;]<\/p>\n","protected":false},"author":1,"featured_media":0,"comment_status":"open","ping_status":"open","sticky":false,"template":"","format":"standard","meta":{"jetpack_post_was_ever_published":false,"_jetpack_newsletter_access":"","_jetpack_dont_email_post_to_subs":false,"_jetpack_newsletter_tier_id":0,"_jetpack_memberships_contains_paywalled_content":false,"_jetpack_memberships_contains_paid_content":false,"footnotes":"","jetpack_publicize_message":"","jetpack_publicize_feature_enabled":true,"jetpack_social_post_already_shared":false,"jetpack_social_options":{"image_generator_settings":{"template":"highway","default_image_id":0,"font":"","enabled":false},"version":2}},"categories":[6,7,8],"tags":[43],"class_list":["post-49","post","type-post","status-publish","format-standard","hentry","category-general","category-international","category-interventions","tag-administration-electronique"],"jetpack_publicize_connections":[],"jetpack_featured_media_url":"","jetpack_sharing_enabled":true,"jetpack_shortlink":"https:\/\/wp.me\/pazAbl-N","_links":{"self":[{"href":"https:\/\/blog-alexis.monville.com\/fr\/wp-json\/wp\/v2\/posts\/49","targetHints":{"allow":["GET"]}}],"collection":[{"href":"https:\/\/blog-alexis.monville.com\/fr\/wp-json\/wp\/v2\/posts"}],"about":[{"href":"https:\/\/blog-alexis.monville.com\/fr\/wp-json\/wp\/v2\/types\/post"}],"author":[{"embeddable":true,"href":"https:\/\/blog-alexis.monville.com\/fr\/wp-json\/wp\/v2\/users\/1"}],"replies":[{"embeddable":true,"href":"https:\/\/blog-alexis.monville.com\/fr\/wp-json\/wp\/v2\/comments?post=49"}],"version-history":[{"count":0,"href":"https:\/\/blog-alexis.monville.com\/fr\/wp-json\/wp\/v2\/posts\/49\/revisions"}],"wp:attachment":[{"href":"https:\/\/blog-alexis.monville.com\/fr\/wp-json\/wp\/v2\/media?parent=49"}],"wp:term":[{"taxonomy":"category","embeddable":true,"href":"https:\/\/blog-alexis.monville.com\/fr\/wp-json\/wp\/v2\/categories?post=49"},{"taxonomy":"post_tag","embeddable":true,"href":"https:\/\/blog-alexis.monville.com\/fr\/wp-json\/wp\/v2\/tags?post=49"}],"curies":[{"name":"wp","href":"https:\/\/api.w.org\/{rel}","templated":true}]}}