{"id":47,"date":"2006-12-25T21:12:17","date_gmt":"2006-12-25T20:12:17","guid":{"rendered":"http:\/\/alexismonville.wordpress.com\/2006\/12\/25\/adieu-2006-bonjour-2007\/"},"modified":"2006-12-25T21:12:17","modified_gmt":"2006-12-25T20:12:17","slug":"adieu-2006-bonjour-2007","status":"publish","type":"post","link":"https:\/\/blog-alexis.monville.com\/fr\/2006\/12\/25\/adieu-2006-bonjour-2007\/","title":{"rendered":"Adieu 2006\u2026 Bonjour 2007 !"},"content":{"rendered":"<p>2006 va se terminer, c&rsquo;est \u00e9videment l&rsquo;heure r\u00eav\u00e9e pour un bilan qui servira \u00e0 pr\u00e9parer au mieux 2007 !<\/p>\n<p>L&rsquo;ann\u00e9e a commenc\u00e9 avec une nouvelle direction g\u00e9n\u00e9rale de la modernisation de l&rsquo;\u00e9tat du minist\u00e8re de l&rsquo;\u00e9conomie, des finances et de l&rsquo;industrie pour prendre en charge le d\u00e9veloppement de l&rsquo;administration \u00e9lectronique qui \u00e9tait port\u00e9e depuis 2003 par l&rsquo;agence \u00e9ponyme : l&rsquo;<a target=\"_blank\" title=\"Agence pour le D\u00e9veloppement de l'Administration Electronique\" href=\"http:\/\/fr.wikipedia.org\/wiki\/ADAE\">ADAE<\/a>.<\/p>\n<p>Petite s\u00e9lection des actions men\u00e9es avec mon \u00e9quipe :<\/p>\n<ul>\n<li>2006 commence par une premi\u00e8re contribution \u00e0 la valorisation et aux partages d&rsquo;exp\u00e9riences avec les <a target=\"_blank\" href=\"http:\/\/synergies.modernisation.gouv.fr\/article.php3?id_article=160\">conf\u00e9rences ADELE<\/a> au salon solutions linux en f\u00e9vrier ;<\/li>\n<li>Importants efforts pour enrichir le dispositif de mutualisation :<\/li>\n<\/ul>\n<ul>\n<ul>\n<li>ouverture de <a target=\"_blank\" title=\"Synergies\" href=\"http:\/\/synergies.modernisation.gouv.fr\">Synergies &#8211; les ressources d&rsquo;ADELE<\/a>, ADELE pour ADministration ELEctronique, site organis\u00e9 suivant le sch\u00e9ma directeur : points de rencontre des acteurs, permettant la valorisation des exp\u00e9riences, l&rsquo;\u00e9change de pratiques, premier pas, je l&rsquo;esp\u00e8re, vers des contributions de chacun \u00e9vitant de r\u00e9inventer la roue !<\/li>\n<\/ul>\n<ul>\n<li>nouvelle plate-forme collaborative pour les acteurs de l&rsquo;administration \u00e9lectronique, avec <a title=\"Ateliers\" target=\"_blank\" href=\"https:\/\/ateliers.modernisation.gouv.fr\">Ateliers &#8211; les communaut\u00e9s d&rsquo;ADELE<\/a> : partage de documents, forums, listes de diffusion, wiki, blog etc&#8230; qui a pris la suite de vitamin2,<\/li>\n<\/ul>\n<ul>\n<li>mise \u00e0 jour de la plate-forme de d\u00e9veloppement de l&rsquo;administration, <a title=\"AdmiSource\" target=\"_blank\" href=\"http:\/\/admisource.gouv.fr\">AdmiSource &#8211; la forge d&rsquo;ADELE<\/a> : nouvelle ergonomie, int\u00e9gration de subversion et surtout r\u00e9f\u00e9rencement crois\u00e9 d&rsquo;autres forges, comme celle de l&rsquo;Adullact ou ObjectWeb,<\/li>\n<\/ul>\n<ul>\n<li>c&rsquo;est plus difficile pour l&rsquo;aspect formation \u00e0 distance que nous souhaitions repr\u00e9sent\u00e9 par une plate-forme propuls\u00e9e par l&rsquo;outil sous licence libre CybEO&#8230; Elle n&rsquo;est pas encore l\u00e0&#8230; Heureusement la documentation fran\u00e7aise avec <a target=\"_blank\" href=\"http:\/\/www.formation-publique.fr\/\">formation publique<\/a> s&rsquo;est montr\u00e9e plus performante !<\/li>\n<\/ul>\n<li>Contribution aux travaux issus de l&rsquo;accord de coop\u00e9ration franco-chinois de promotion des logiciels libres ;<\/li>\n<li>Participation du directeur \u00e0 la table ronde \u00ab\u00a0e-administration libre : une r\u00e9ussite fran\u00e7aise\u00a0\u00bb lors de la premi\u00e8re \u00e9dition de Paris Capitale du libre ;<\/li>\n<li>Annonce de la contribution de la DGME au projet europ\u00e9en <a target=\"_blank\" href=\"http:\/\/synergies.modernisation.gouv.fr\/rubrique.php3?id_rubrique=289&amp;\">Qualipso<\/a> (Quality Platform for Open Source Software) ;<\/li>\n<li>Participation aux travaux de la commission europ\u00e9enne autour de la promotion de l&rsquo;usage de standards ouverts, de solutions sous licences libres, d&rsquo;organisation favorisant la mutualisation entre les acteurs.<\/li>\n<\/ul>\n<p>Quelques \u00e9v\u00e9nements pris au fil de l&rsquo;ann\u00e9e pour montrer l&rsquo;action importante entreprise pour faire de la coop\u00e9ration la r\u00e9alit\u00e9 des acteurs de l&rsquo;administration \u00e9lectronique.<\/p>\n<p>Enfin, le service d\u00e9veloppement de l&rsquo;administration \u00e9lectronique se mobilise pour faire exister le sch\u00e9ma directeur ADELE  en se r\u00e9organisant pour porter une dizaine d&rsquo;initiatives en novembre 2006.<\/p>\n<p>Ma priorit\u00e9 pour 2007 est la publication du sch\u00e9ma directeur ADELE en d\u00e9but d&rsquo;ann\u00e9e.<\/p>\n<p>Ce sch\u00e9ma directeur r\u00e9affirmera les trois principes :<\/p>\n<ul>\n<li>simplifier la vie de l&rsquo;usager dans sa relation \u00e0 l&rsquo;administration,<\/li>\n<li>am\u00e9liorer l&rsquo;efficience du service public,<\/li>\n<li>valoriser l&rsquo;agent dans sa mission,<\/li>\n<\/ul>\n<p>Il motivera le dialogue entre les acteurs m\u00e9tiers et les acteurs informatiques dans leurs contributions aux initiatives communes.<\/p>\n<p>Il mobilisera les acteurs dans l&rsquo;alimentation et l&rsquo;utilisation des grands r\u00e9f\u00e9rentiels (int\u00e9rop\u00e9rabilit\u00e9, s\u00e9curit\u00e9 et accessibilit\u00e9).<\/p>\n<p>Et tout cela en s&rsquo;appuyant sur le dispositif de mutualisation \u00e9voqu\u00e9 plus haut !<\/p>\n<p>Avec une probable contribution de la direction au futur <a title=\"Ouverture Paris R\u00e9gion\" target=\"_blank\" href=\"http:\/\/www.ouverture-paris-region.org\">p\u00f4le de comp\u00e9titivit\u00e9 logiciels libres<\/a> !<\/p>\n<p>Il me reste \u00e0 vous souhaiter tous mes voeux pour 2007 ! J&rsquo;esp\u00e8re que nos chemins se croiseront nous permettant de joindre nos contributions pour faire un meilleur service public !<\/p>\n","protected":false},"excerpt":{"rendered":"<p>2006 va se terminer, c&rsquo;est \u00e9videment l&rsquo;heure r\u00eav\u00e9e pour un bilan qui servira \u00e0 pr\u00e9parer au mieux 2007 ! L&rsquo;ann\u00e9e a commenc\u00e9 avec une nouvelle direction g\u00e9n\u00e9rale de la modernisation de l&rsquo;\u00e9tat du minist\u00e8re de l&rsquo;\u00e9conomie, des finances et de l&rsquo;industrie pour prendre en charge le d\u00e9veloppement de l&rsquo;administration \u00e9lectronique qui \u00e9tait port\u00e9e depuis 2003 [&hellip;]<\/p>\n","protected":false},"author":1,"featured_media":0,"comment_status":"open","ping_status":"open","sticky":false,"template":"","format":"standard","meta":{"jetpack_post_was_ever_published":false,"_jetpack_newsletter_access":"","_jetpack_dont_email_post_to_subs":false,"_jetpack_newsletter_tier_id":0,"_jetpack_memberships_contains_paywalled_content":false,"_jetpack_memberships_contains_paid_content":false,"footnotes":"","jetpack_publicize_message":"","jetpack_publicize_feature_enabled":true,"jetpack_social_post_already_shared":false,"jetpack_social_options":{"image_generator_settings":{"template":"highway","default_image_id":0,"font":"","enabled":false},"version":2}},"categories":[6],"tags":[43],"class_list":["post-47","post","type-post","status-publish","format-standard","hentry","category-general","tag-administration-electronique"],"jetpack_publicize_connections":[],"jetpack_featured_media_url":"","jetpack_sharing_enabled":true,"jetpack_shortlink":"https:\/\/wp.me\/pazAbl-L","_links":{"self":[{"href":"https:\/\/blog-alexis.monville.com\/fr\/wp-json\/wp\/v2\/posts\/47","targetHints":{"allow":["GET"]}}],"collection":[{"href":"https:\/\/blog-alexis.monville.com\/fr\/wp-json\/wp\/v2\/posts"}],"about":[{"href":"https:\/\/blog-alexis.monville.com\/fr\/wp-json\/wp\/v2\/types\/post"}],"author":[{"embeddable":true,"href":"https:\/\/blog-alexis.monville.com\/fr\/wp-json\/wp\/v2\/users\/1"}],"replies":[{"embeddable":true,"href":"https:\/\/blog-alexis.monville.com\/fr\/wp-json\/wp\/v2\/comments?post=47"}],"version-history":[{"count":0,"href":"https:\/\/blog-alexis.monville.com\/fr\/wp-json\/wp\/v2\/posts\/47\/revisions"}],"wp:attachment":[{"href":"https:\/\/blog-alexis.monville.com\/fr\/wp-json\/wp\/v2\/media?parent=47"}],"wp:term":[{"taxonomy":"category","embeddable":true,"href":"https:\/\/blog-alexis.monville.com\/fr\/wp-json\/wp\/v2\/categories?post=47"},{"taxonomy":"post_tag","embeddable":true,"href":"https:\/\/blog-alexis.monville.com\/fr\/wp-json\/wp\/v2\/tags?post=47"}],"curies":[{"name":"wp","href":"https:\/\/api.w.org\/{rel}","templated":true}]}}