{"id":463,"date":"2009-03-30T22:31:42","date_gmt":"2009-03-30T21:31:42","guid":{"rendered":"https:\/\/blog-alexis.monville.com\/?p=463"},"modified":"2009-03-30T22:31:42","modified_gmt":"2009-03-30T21:31:42","slug":"solutions-linux-2009-2","status":"publish","type":"post","link":"https:\/\/blog-alexis.monville.com\/fr\/2009\/03\/30\/solutions-linux-2009-2\/","title":{"rendered":"Solutions Linux 2009"},"content":{"rendered":"<p><a href=\"http:\/\/www.solutionslinux.fr\"><img data-recalc-dims=\"1\" loading=\"lazy\" decoding=\"async\" class=\"alignleft\" style=\"border: 0pt none;margin: 10px\" src=\"https:\/\/i0.wp.com\/www.solutionslinux.fr\/images\/index_07.jpg?resize=246%2C157\" alt=\"\" width=\"246\" height=\"157\" \/><\/a>Le Salon Solutions Linux ouvrira ses portes les 31 mars, 1er et 2 avril au Parc des Expositions de la Porte de Versailles.<\/p>\n<p>Le salon f\u00eate cette ann\u00e9e ses 10 ans et j&rsquo;esp\u00e8re qu&rsquo;il vous comptera parmi ses visiteurs.<\/p>\n<p>Je serai sur le salon le 1er avril pour animer la session de conf\u00e9rences consacr\u00e9es \u00e0 l&rsquo;Administration Electronique Libre (9h30 \u00e0 13h), dont voici le programme :<\/p>\n<p><!--  --><\/p>\n<ul class=\"unIndentedList\">\n<li>9h30 &#8211; 9h40 &#8211; Introduction<br \/>\nAlexis Monville<\/li>\n<\/ul>\n<ul class=\"unIndentedList\">\n<li>9h40 &#8211; 10h00 &#8211; Pr@tic, plate-forme de t\u00e9l\u00e9services libre du Centre de Gestion du Nord<br \/>\nMaurice Debosscher, Responsable Technique au Centre de Gestion du Nord (CDG59) et Pierre Cros (Entr&rsquo;ouvert)<\/li>\n<\/ul>\n<ul class=\"unIndentedList\">\n<li>10h00 &#8211; 10h20 &#8211; Le projet PLUME<br \/>\nJean-Luc Archimbaud (CNRS)<\/li>\n<\/ul>\n<ul class=\"unIndentedList\">\n<li>10h20 &#8211; 10h40 &#8211; BI Open Source &#8211; le portail \u00e9nergie de la ville de Chateauroux<br \/>\nS\u00e9bastien Bernard (Chef de projet de la ville de Ch\u00e2teauroux) et Marc Salli\u00e8res (ALTIC)<\/li>\n<\/ul>\n<ul class=\"unIndentedList\">\n<li>10h40 &#8211; 11h00 &#8211; La pr\u00e9servation num\u00e9rique de la collection d&rsquo;une biblioth\u00e8que \u00e0 l&rsquo;aide de logiciels libres<br \/>\nThomas Ledoux (Chef de projet SPAR de la BnF) et Laurent Sollier (AtosOrigin)<\/li>\n<\/ul>\n<ul class=\"unIndentedList\">\n<li>11h00 &#8211; 11h20 &#8211; D\u00e9ploiement et \u00e9volution d&rsquo;une solution de travail collaboratif Open Source au sein de l&rsquo;INSERM<br \/>\nPatrick LEROUGE (DSI de l&rsquo;INSERM) et Pierre Baudracco (leader du projet OBM, Aliasource)<\/li>\n<\/ul>\n<ul class=\"unIndentedList\">\n<li>11h30 \u00e0 13h00 &#8211; Table-ronde<br \/>\nAnim\u00e9e par Fran\u00e7ois Elie, Pr\u00e9sident de l&rsquo;Adullact<br \/>\nVincent Mazelaigue, Ville de Paris<br \/>\nNicolas Tissot, R\u00e9gion Ile de France<\/li>\n<\/ul>\n","protected":false},"excerpt":{"rendered":"<p>Le Salon Solutions Linux ouvrira ses portes les 31 mars, 1er et 2 avril au Parc des Expositions de la Porte de Versailles. Le salon f\u00eate cette ann\u00e9e ses 10 ans et j&rsquo;esp\u00e8re qu&rsquo;il vous comptera parmi ses visiteurs. Je serai sur le salon le 1er avril pour animer la session de conf\u00e9rences consacr\u00e9es \u00e0 [&hellip;]<\/p>\n","protected":false},"author":1,"featured_media":0,"comment_status":"open","ping_status":"open","sticky":false,"template":"","format":"standard","meta":{"jetpack_post_was_ever_published":false,"_jetpack_newsletter_access":"","_jetpack_dont_email_post_to_subs":false,"_jetpack_newsletter_tier_id":0,"_jetpack_memberships_contains_paywalled_content":false,"_jetpack_memberships_contains_paid_content":false,"footnotes":"","jetpack_publicize_message":"","jetpack_publicize_feature_enabled":true,"jetpack_social_post_already_shared":false,"jetpack_social_options":{"image_generator_settings":{"template":"highway","default_image_id":0,"font":"","enabled":false},"version":2}},"categories":[6,7,8],"tags":[43,79,247,315,444,452,510,683,693],"class_list":["post-463","post","type-post","status-publish","format-standard","hentry","category-general","category-international","category-interventions","tag-administration-electronique","tag-april","tag-dsi","tag-floss","tag-linux","tag-logiciel-libre","tag-numerique","tag-sl2009","tag-solutions-linux-2009"],"jetpack_publicize_connections":[],"jetpack_featured_media_url":"","jetpack_sharing_enabled":true,"jetpack_shortlink":"https:\/\/wp.me\/pazAbl-7t","_links":{"self":[{"href":"https:\/\/blog-alexis.monville.com\/fr\/wp-json\/wp\/v2\/posts\/463","targetHints":{"allow":["GET"]}}],"collection":[{"href":"https:\/\/blog-alexis.monville.com\/fr\/wp-json\/wp\/v2\/posts"}],"about":[{"href":"https:\/\/blog-alexis.monville.com\/fr\/wp-json\/wp\/v2\/types\/post"}],"author":[{"embeddable":true,"href":"https:\/\/blog-alexis.monville.com\/fr\/wp-json\/wp\/v2\/users\/1"}],"replies":[{"embeddable":true,"href":"https:\/\/blog-alexis.monville.com\/fr\/wp-json\/wp\/v2\/comments?post=463"}],"version-history":[{"count":0,"href":"https:\/\/blog-alexis.monville.com\/fr\/wp-json\/wp\/v2\/posts\/463\/revisions"}],"wp:attachment":[{"href":"https:\/\/blog-alexis.monville.com\/fr\/wp-json\/wp\/v2\/media?parent=463"}],"wp:term":[{"taxonomy":"category","embeddable":true,"href":"https:\/\/blog-alexis.monville.com\/fr\/wp-json\/wp\/v2\/categories?post=463"},{"taxonomy":"post_tag","embeddable":true,"href":"https:\/\/blog-alexis.monville.com\/fr\/wp-json\/wp\/v2\/tags?post=463"}],"curies":[{"name":"wp","href":"https:\/\/api.w.org\/{rel}","templated":true}]}}