{"id":45,"date":"2006-12-11T00:37:43","date_gmt":"2006-12-10T22:37:43","guid":{"rendered":"http:\/\/alexismonville.wordpress.com\/2006\/12\/11\/les-instruments-economiques-du-developpement-durable\/"},"modified":"2006-12-11T00:37:43","modified_gmt":"2006-12-10T22:37:43","slug":"les-instruments-economiques-du-developpement-durable","status":"publish","type":"post","link":"https:\/\/blog-alexis.monville.com\/fr\/2006\/12\/11\/les-instruments-economiques-du-developpement-durable\/","title":{"rendered":"les instruments \u00e9conomiques du d\u00e9veloppement durable"},"content":{"rendered":"<p>Derni\u00e8re session des rencontres \u00e9conomiques pour 2006, toujours brillamment anim\u00e9es par Didier Ades, avec la participation de :<\/p>\n<ul>\n<li><strong>Olivier Godard<\/strong>, directeur de recherches au CNRS : \u00ab <strong>Cadrage th\u00e9orique sur les instruments \u00e9conomiques des politiques de d\u00e9veloppement durable<\/strong> \u00bb<\/li>\n<\/ul>\n<ul>\n<li><strong>Guillaume Sainteny<\/strong>, directeur des \u00e9tudes \u00e9conomiques et de l\u2019\u00e9valuation environnementale au minist\u00e8re de l\u2019\u00c9cologie et du d\u00e9veloppement durable : \u00ab <strong>L&rsquo;usage de la fiscalit\u00e9 en mati\u00e8re d&rsquo;environnement<\/strong> \u00bb<\/li>\n<\/ul>\n<ul>\n<li><strong>Christian Balmes<\/strong>, pr\u00e9sident de Shell : \u00ab <strong>La d\u00e9marche d\u2019une grande entreprise \u00e9nerg\u00e9tique en mati\u00e8re de d\u00e9veloppement durable : l\u2019exemple de Shell<\/strong> \u00bb<\/li>\n<\/ul>\n<ul>\n<li><strong>Alain Lipietz<\/strong>, \u00e9conomiste, d\u00e9put\u00e9 europ\u00e9en : \u00ab <strong>Propositions pour une politique r\u00e9ellement efficace en mati\u00e8re de d\u00e9veloppement durable<\/strong> \u00bb<\/li>\n<\/ul>\n<p>Le questionement (provocateur) de Didier Ades en introduction de cette session : \u00ab\u00a0le d\u00e9veloppement durable n&rsquo;est il pas en train de rater son objectif en cherchant a s&rsquo;inscrire dans la loi ?\u00a0\u00bb<\/p>\n<p><!--more--><\/p>\n<p>De l&rsquo;intervention de cadrage d&rsquo;Olivier Godard, je retiens :<\/p>\n<ul>\n<li>inciter plut\u00f4t que contraindre,<\/li>\n<li>la puissance publique doit faire ce que le march\u00e9 ne fait pas. le march\u00e9 ne s&rsquo;occupe pas de long terme ni de bien collectif.<\/li>\n<\/ul>\n<p>Une remarque : Le probl\u00e8me de l&rsquo;incitation est qu&rsquo;elle doit \u00eatre fonction des ressources de l&rsquo;agent&#8230; Sinon on retrouve le probl\u00e8me de l&rsquo;amende pour mauvais stationnement 75\u20ac pour quelqu&rsquo;un qui en gagne 1000\u20ac (7.5%) pour quelqu&rsquo;un qui en gagne 10000 ce n&rsquo;est plus que 0.75%&#8230;<\/p>\n<p>Guillaume Sainteny donnera quelques indices sur notre capacit\u00e9 \u00e0 faire mieux !<\/p>\n<p>Comme par exemple au chapitre des d\u00e9penses fiscales : 500 millions d&rsquo;euros par an favorable \u00e0 l&rsquo;environnement, 5.5 milliards d&rsquo;euros par an d\u00e9favorable \u00e0 l&rsquo;environnement !!<\/p>\n<p>Ou comme le paradoxe des terrains fonciers non batis, moins rentable mais plus impos\u00e9&#8230;<\/p>\n<p>Et encore les subventions et d\u00e9penses fiscales del&rsquo;UE, 30 milliards d&rsquo;euros par an dont 85% vont ves les \u00e9nergies conventionnelles.<\/p>\n<p>Ou les exon\u00e9rations de TIPP (1 milliards d&rsquo;euros par an) qui profite \u00e0 des acteurs qui ne sont donc pas incit\u00e9s \u00e0 faire mieux&#8230; (taxi, p\u00eache, transport routier et aviation)<\/p>\n<p>Le chiffrage du co\u00fbt mondial du r\u00e9chauffement climatique \u00e0 5500 milliards d&rsquo;euros a fait parler de lui r\u00e9cemment moins que les 74000 milliards chiffr\u00e9s pour la m\u00eame chose par une \u00e9tude command\u00e9e par l&rsquo;union europ\u00e9enne&#8230; Ce qui est int\u00e9ressant dans tout cela, au del\u00e0 de l&rsquo;effet p\u00e9dagogique est que le co\u00fbt d&rsquo;adaptation n&rsquo;est que de 1% du PIB (et encore il est potentiellement nul vu l&rsquo;augmentation d&rsquo;activit\u00e9)<\/p>\n<p>Christian Balmes pr\u00e9sident de Shell a expliqu\u00e9 comment ils allaient devenir un fournisseur d&rsquo;energie durable&#8230;<\/p>\n<p>Evidement, on a tr\u00e8s envie de vouloir lui demander de faire plus et plus vite au vu des profits engrang\u00e9s (promettre d&rsquo;arr\u00eater de torcher le gaz \u00e0 partir de 2010 est peut-\u00eatr eun peu lointain non ?) ne pas souhaiter de notation <a target=\"_blank\" href=\"http:\/\/www.vigeo.fr\/\">vig\u00e9o<\/a>, car ils ne sont pas pr\u00eat est un indicateur de maturit\u00e9 int\u00e9ressant&#8230;<\/p>\n<ul>\n<li>La probl\u00e9matique n&rsquo;est pas le p\u00e9trole qui reste mais l&rsquo;\u00e9mission de CO2.<\/li>\n<li>Le prix de la tonne de GES est trop faible pour \u00eatre incitatif<\/li>\n<li>Un commentaire &#8211; la s\u00e9questration du carbone est d&rsquo;actuellement 1\/10000 \u00e8me de la production, l&rsquo;augmenter est une bonne id\u00e9e&#8230; mais d&rsquo;un facteur combien pour \u00eatre significatif ?<\/li>\n<\/ul>\n<p>Petit commentaire personnel en passant : la seule solution pour faire prendre en compte aux agents les externalit\u00e9s de leurs activit\u00e9s est de ne plus vendre de produits, mais uniquement des services. Exemple, j&rsquo;ach\u00e8te de l&rsquo;\u00e9clairage et non des ampoules, de l&rsquo;\u00e9lectricit\u00e9&#8230; Le fournisseur du service \u00e0 tout int\u00e9r\u00eat \u00e0 utiliser des ampoules le plus efficace possible et le plus durable.<br \/>\nAlain Lipietz a fait une excellente pr\u00e9sentation, le protocole de Kyoto n&rsquo;a pas \u00e9t\u00e9 ratifi\u00e9 par de grands pays comme les USA, le Canada, l&rsquo;Australie et mal appliqu\u00e9 par ceux qui l&rsquo;ont ratifi\u00e9&#8230; 40% de pays ne sont pas vertueux, comme la France et l&rsquo;Espagne par exemple&#8230; On ne va pas s&rsquo;\u00e9gosiller sur les dangers&#8230; ou plut\u00f4t, il est temps d&rsquo;utiliser des arguments qui fonctionnent&#8230; Les g\u00e9n\u00e9rations futures : bof !&#8230; Nos parents, ah oui \u00e7a parle plus&#8230; et en plus on va bient\u00f4t avoir leurs ages&#8230; alors, cela commence \u00e0 vouloir \u00eatre entendu par certain !<\/p>\n<p>Les objectifs de l&rsquo;UE (Lisbonne et Goteborg) sont de plus en plus dissoci\u00e9s et des arguments du genre, nous ne sommes pas comp\u00e9titif sur la connaissance, aussi n&rsquo;essayons pas d&rsquo;etre vertueux sur le d\u00e9veloppement soutenable.<\/p>\n<p>Sur la n\u00e9gociation des gaz \u00e0 effet de serre, le d\u00e9s\u00e9quilibre est important. La division Nord\/Sud est compliqu\u00e9 d&rsquo;une division entre ceux qui ont int\u00e9r\u00eat \u00e0 faire quelque chose et ceux qui pr\u00e9f\u00e8rent ne rien faire&#8230;<\/p>\n<p>Au nord les \u00e9tat unis, 5000 kg par habitant (l&rsquo;objectif est de 500 \u00e0 600 kg par habitant) ne veulent rien faire (\u00ab\u00a0notre mode de vie n&rsquo;est pas n\u00e9gociable\u00a0\u00bb Georges Bush S\u00e9nior), l&rsquo;Europe 2000 kg souhaite atteindre l&rsquo;objectif.<\/p>\n<p>Au sud, le Bangladesh avec 60 kg par habitant a int\u00e9r\u00eat \u00e0 ce que quelque chose soit fait (sinon il disparait sous les eaux), l&rsquo;Inde et la Chine (qui vient de d\u00e9passer les 500 kg) argumentent que depuis 200 ans les \u00e9tats-unis et l&rsquo;Europe polluent, et donc que eux aussi ont le droit de polluer pendant un certain temps avant d&rsquo;appliquer de nouvelles r\u00e8gles&#8230; N\u00e9gociation bloqu\u00e9e&#8230;<\/p>\n<p>Si l&rsquo;on ajoute \u00e0 cela les n\u00e9gociations sur la biodiversit\u00e9, comment les pays du nord vont financer les pays du sud pour qu&rsquo;ils prot\u00e8gent leur biodiversit\u00e9 ? Comment \u00e9quilibrer entre protection intellectuelle et production de ressources ?<\/p>\n<p>En jumelant les diff\u00e9rentes n\u00e9gociations, on peut esp\u00e9rer faire entrer l&rsquo;ensemble des pays dans les cadres internationaux ?<\/p>\n<p>L&rsquo;Europe devrait peut-\u00eatre partir seule et maintenant ?<\/p>\n","protected":false},"excerpt":{"rendered":"<p>Derni\u00e8re session des rencontres \u00e9conomiques pour 2006, toujours brillamment anim\u00e9es par Didier Ades, avec la participation de : Olivier Godard, directeur de recherches au CNRS : \u00ab Cadrage th\u00e9orique sur les instruments \u00e9conomiques des politiques de d\u00e9veloppement durable \u00bb Guillaume Sainteny, directeur des \u00e9tudes \u00e9conomiques et de l\u2019\u00e9valuation environnementale au minist\u00e8re de l\u2019\u00c9cologie et du [&hellip;]<\/p>\n","protected":false},"author":1,"featured_media":0,"comment_status":"open","ping_status":"open","sticky":false,"template":"","format":"standard","meta":{"jetpack_post_was_ever_published":false,"_jetpack_newsletter_access":"","_jetpack_dont_email_post_to_subs":false,"_jetpack_newsletter_tier_id":0,"_jetpack_memberships_contains_paywalled_content":false,"_jetpack_memberships_contains_paid_content":false,"footnotes":"","jetpack_publicize_message":"","jetpack_publicize_feature_enabled":true,"jetpack_social_post_already_shared":false,"jetpack_social_options":{"image_generator_settings":{"template":"highway","default_image_id":0,"font":"","enabled":false},"version":2}},"categories":[6],"tags":[],"class_list":["post-45","post","type-post","status-publish","format-standard","hentry","category-general"],"jetpack_publicize_connections":[],"jetpack_featured_media_url":"","jetpack_sharing_enabled":true,"jetpack_shortlink":"https:\/\/wp.me\/pazAbl-J","_links":{"self":[{"href":"https:\/\/blog-alexis.monville.com\/fr\/wp-json\/wp\/v2\/posts\/45","targetHints":{"allow":["GET"]}}],"collection":[{"href":"https:\/\/blog-alexis.monville.com\/fr\/wp-json\/wp\/v2\/posts"}],"about":[{"href":"https:\/\/blog-alexis.monville.com\/fr\/wp-json\/wp\/v2\/types\/post"}],"author":[{"embeddable":true,"href":"https:\/\/blog-alexis.monville.com\/fr\/wp-json\/wp\/v2\/users\/1"}],"replies":[{"embeddable":true,"href":"https:\/\/blog-alexis.monville.com\/fr\/wp-json\/wp\/v2\/comments?post=45"}],"version-history":[{"count":0,"href":"https:\/\/blog-alexis.monville.com\/fr\/wp-json\/wp\/v2\/posts\/45\/revisions"}],"wp:attachment":[{"href":"https:\/\/blog-alexis.monville.com\/fr\/wp-json\/wp\/v2\/media?parent=45"}],"wp:term":[{"taxonomy":"category","embeddable":true,"href":"https:\/\/blog-alexis.monville.com\/fr\/wp-json\/wp\/v2\/categories?post=45"},{"taxonomy":"post_tag","embeddable":true,"href":"https:\/\/blog-alexis.monville.com\/fr\/wp-json\/wp\/v2\/tags?post=45"}],"curies":[{"name":"wp","href":"https:\/\/api.w.org\/{rel}","templated":true}]}}