{"id":43,"date":"2006-11-27T13:03:36","date_gmt":"2006-11-27T11:03:36","guid":{"rendered":"http:\/\/alexismonville.wordpress.com\/2006\/11\/27\/idabc-%e2%80%93-reunion-du-groupe-europeen-des-experts-open-source\/"},"modified":"2006-11-27T13:03:36","modified_gmt":"2006-11-27T11:03:36","slug":"idabc-reunion-du-groupe-europeen-des-experts-open-source","status":"publish","type":"post","link":"https:\/\/blog-alexis.monville.com\/fr\/2006\/11\/27\/idabc-reunion-du-groupe-europeen-des-experts-open-source\/","title":{"rendered":"IDABC \u2013 R\u00e9union du Groupe Europ\u00e9en des Experts Open Source"},"content":{"rendered":"<p>R\u00e9union du groupe europ\u00e9en des experts Open Source organis\u00e9e par la commission europ\u00e9enne \u00e0 Bruxelles.<\/p>\n<p><!-- \t\t@page { size: 21cm 29.7cm; margin: 2cm } \t\tP { margin-bottom: 0.21cm } \t--><\/p>\n<p>Consultation dans le cadre de l\u2019\u00e9tude de faisabilit\u00e9 de l\u2019Open Source Observatory and Repository (OSOR), pr\u00e9sentation de l&rsquo;exp\u00e9rience de l&rsquo;\u00e9tat (<a href=\"http:\/\/synergies.modernisation.gouv.fr\" target=\"_blank\">Synergies<\/a>, <a href=\"http:\/\/admisource.gouv.fr\" target=\"_blank\">AdmiSource<\/a>&#8230;), mais aussi de l&rsquo;<a href=\"http:\/\/adullact.org\" target=\"_blank\">Adullact<\/a> et <a href=\"http:\/\/www.objectweb.org\" target=\"_blank\">Objectweb<\/a>.<\/p>\n<p>Pr\u00e9sentation de l&rsquo;exp\u00e9rience espagnole avec les pr\u00e9sentations de <a href=\"http:\/\/forjamari.linex.org\/\" target=\"_blank\">extremadura<\/a> et <a href=\"http:\/\/www.juntadeandalucia.es\/repositorio\/\" target=\"_blank\">andalucia<\/a>, r\u00e9gions particuli\u00e8rement engag\u00e9es puisque les productions dans le cadre de march\u00e9s publics doivent \u00eatre sous licence libre pour l&rsquo;andalousie depuis f\u00e9vrier 2005, et que l&rsquo;extremadure a une r\u00e8glementation r\u00e9gionale rendant les formats ODF et PDF obligatoires, ainsi qu&rsquo;obligeant \u00e0 la migration sous licence libre pour mi-2007.<\/p>\n<p>Pr\u00e9sentation de l&rsquo;exp\u00e9rience des pays-bas avec le programme <a href=\"http:\/\/www.ossos.nl\/\" target=\"_blank\">OSOSS<\/a> et la forge <a href=\"https:\/\/www.uitwisselplatform.nl\/\" target=\"_blank\">uitwisselplatform<\/a>.<\/p>\n<p>Pr\u00e9sentation de l&rsquo;exp\u00e9rience Su\u00e9doise <a href=\"http:\/\/www.skl.se\/\" target=\"_blank\">Sveriges Kommuner och Landsting<\/a>.<\/p>\n<p>Ainsi que des intentions de la r\u00e9publique tch\u00e8que avec <a href=\"http:\/\/www.oss.cz\" target=\"_blank\">OSS Alliance<\/a>.<\/p>\n<p>Il ressort de ces diff\u00e9rentes exp\u00e9riences que la probl\u00e9matique n&rsquo;est pas dans l&rsquo;outillage, mais bien dans l&rsquo;organisation de la collaboration et dans la motivation des contributeurs potentiels. OSOR pourrait apporter une r\u00e9ponse pour permettre la mise en oeuvre de projets transfrontalier et ainsi am\u00e9liorer la diffusion des pratiques li\u00e9s \u00e0 l&rsquo;usage des licences libres dans les syst\u00e8mes d&rsquo;information.<\/p>\n<p>En attendant, consultez l\u2019<a href=\"http:\/\/ec.europa.eu\/idabc\/en\/chapter\/452\" target=\"_blank\">Open Source Observatory<\/a> ou envoyer votre contribution \u00e0 l&rsquo;\u00e9quipe projet !<\/p>\n","protected":false},"excerpt":{"rendered":"<p>R\u00e9union du groupe europ\u00e9en des experts Open Source organis\u00e9e par la commission europ\u00e9enne \u00e0 Bruxelles. Consultation dans le cadre de l\u2019\u00e9tude de faisabilit\u00e9 de l\u2019Open Source Observatory and Repository (OSOR), pr\u00e9sentation de l&rsquo;exp\u00e9rience de l&rsquo;\u00e9tat (Synergies, AdmiSource&#8230;), mais aussi de l&rsquo;Adullact et Objectweb. Pr\u00e9sentation de l&rsquo;exp\u00e9rience espagnole avec les pr\u00e9sentations de extremadura et andalucia, r\u00e9gions [&hellip;]<\/p>\n","protected":false},"author":1,"featured_media":0,"comment_status":"open","ping_status":"open","sticky":false,"template":"","format":"standard","meta":{"jetpack_post_was_ever_published":false,"_jetpack_newsletter_access":"","_jetpack_dont_email_post_to_subs":false,"_jetpack_newsletter_tier_id":0,"_jetpack_memberships_contains_paywalled_content":false,"_jetpack_memberships_contains_paid_content":false,"footnotes":"","jetpack_publicize_message":"","jetpack_publicize_feature_enabled":true,"jetpack_social_post_already_shared":false,"jetpack_social_options":{"image_generator_settings":{"template":"highway","default_image_id":0,"font":"","enabled":false},"version":2}},"categories":[13,6,7,8],"tags":[],"class_list":["post-43","post","type-post","status-publish","format-standard","hentry","category-europe","category-general","category-international","category-interventions"],"jetpack_publicize_connections":[],"jetpack_featured_media_url":"","jetpack_sharing_enabled":true,"jetpack_shortlink":"https:\/\/wp.me\/pazAbl-H","_links":{"self":[{"href":"https:\/\/blog-alexis.monville.com\/fr\/wp-json\/wp\/v2\/posts\/43","targetHints":{"allow":["GET"]}}],"collection":[{"href":"https:\/\/blog-alexis.monville.com\/fr\/wp-json\/wp\/v2\/posts"}],"about":[{"href":"https:\/\/blog-alexis.monville.com\/fr\/wp-json\/wp\/v2\/types\/post"}],"author":[{"embeddable":true,"href":"https:\/\/blog-alexis.monville.com\/fr\/wp-json\/wp\/v2\/users\/1"}],"replies":[{"embeddable":true,"href":"https:\/\/blog-alexis.monville.com\/fr\/wp-json\/wp\/v2\/comments?post=43"}],"version-history":[{"count":0,"href":"https:\/\/blog-alexis.monville.com\/fr\/wp-json\/wp\/v2\/posts\/43\/revisions"}],"wp:attachment":[{"href":"https:\/\/blog-alexis.monville.com\/fr\/wp-json\/wp\/v2\/media?parent=43"}],"wp:term":[{"taxonomy":"category","embeddable":true,"href":"https:\/\/blog-alexis.monville.com\/fr\/wp-json\/wp\/v2\/categories?post=43"},{"taxonomy":"post_tag","embeddable":true,"href":"https:\/\/blog-alexis.monville.com\/fr\/wp-json\/wp\/v2\/tags?post=43"}],"curies":[{"name":"wp","href":"https:\/\/api.w.org\/{rel}","templated":true}]}}