{"id":42,"date":"2006-11-21T20:45:20","date_gmt":"2006-11-21T18:45:20","guid":{"rendered":"http:\/\/alexismonville.wordpress.com\/2006\/11\/21\/rencontres-economiques\/"},"modified":"2006-11-21T20:45:20","modified_gmt":"2006-11-21T18:45:20","slug":"rencontres-economiques","status":"publish","type":"post","link":"https:\/\/blog-alexis.monville.com\/fr\/2006\/11\/21\/rencontres-economiques\/","title":{"rendered":"Rencontres \u00e9conomiques"},"content":{"rendered":"<p>L&rsquo;EFFICACIT\u00c9 DES ACTIONS DE D\u00c9VELOPPEMENT DANS LES PAYS PAUVRES<\/p>\n<p>Toujours anim\u00e9 par Didier ADES, r\u00e9dacteur en chef \u00e0 RAdio-France et avec les interventions de :<\/p>\n<blockquote>\n<div class=\"darkBoxContent\">\n<li>Intervention de Sophie Englebienne, Directrice des programmes d&rsquo;<a target=\"_blank\" href=\"http:\/\/www.oxfam.org\/\">OXFAM<\/a> solidarit\u00e9 en Belgique &#8211; Th\u00e8me : \u00ab Une exp\u00e9rience de terrain : comment mieux valoriser l&rsquo;aide au d\u00e9veloppement ? \u00bb<\/li>\n<li>Intervention de Carlos Santiso, Conseiller en gouvernance et finances publiques, minist\u00e8re britannique pour le d\u00e9veloppement international (DFID) &#8211; Th\u00e8me : \u00ab Comment am\u00e9liorer l&rsquo;efficacit\u00e9 et l&rsquo;harmonisation de l&rsquo;aide ? Perspectives britanniques sur l&rsquo;appui budg\u00e9taire \u00bb<\/li>\n<li>Intervention de Pierre Jacquet, Chef \u00e9conomiste \u00e0 l&rsquo;<a target=\"_blank\" href=\"http:\/\/www.afd.fr\/\">Agence fran\u00e7aise de d\u00e9veloppement<\/a> (AFD), membre du CAE &#8211; Th\u00e8me : \u00abQuels fondamentaux pour une aide aux pays pauvres modernis\u00e9e ? \u00bb<\/li>\n<\/div>\n<\/blockquote>\n<p>Abord\u00e9s par les intervenants, les objectifs du mill\u00e9naire (voir le site de <a target=\"_blank\" href=\"http:\/\/www.un.org\/french\/millenniumgoals\/\">l&rsquo;ONU)<\/a> :<\/p>\n<div align=\"center\"><a href=\"http:\/\/www.un.org\/french\/millenniumgoals\/goal_1.html\"><img data-recalc-dims=\"1\" loading=\"lazy\" decoding=\"async\" width=\"143\" height=\"38\" border=\"0\" alt=\"R\u00e9duire l'extr\u00eame pauvret\u00e9 et la faim\" src=\"https:\/\/i0.wp.com\/www.un.org\/french\/millenniumgoals\/images\/goal1-over.gif?resize=143%2C38\" \/><\/a><a href=\"http:\/\/www.un.org\/french\/millenniumgoals\/goal_2.html\">                                                               <img data-recalc-dims=\"1\" loading=\"lazy\" decoding=\"async\" width=\"143\" height=\"38\" border=\"0\" alt=\"Assurer l'\u00e9ducation primaire pour tous\" src=\"https:\/\/i0.wp.com\/www.un.org\/french\/millenniumgoals\/images\/goal2-over.jpg?resize=143%2C38\" \/><\/a>                                                               <a href=\"http:\/\/www.un.org\/french\/millenniumgoals\/goal_3.html\">                                                                 <img data-recalc-dims=\"1\" loading=\"lazy\" decoding=\"async\" width=\"143\" height=\"44\" border=\"0\" alt=\"Promouvoir l'\u00e9galit\u00e9 et l'autonomisation des femmes\" src=\"https:\/\/i0.wp.com\/www.un.org\/french\/millenniumgoals\/images\/goal3-over.jpg?resize=143%2C44\" \/><\/a>                                                               <a href=\"http:\/\/www.un.org\/french\/millenniumgoals\/goal_4.html\">                                                                 <img data-recalc-dims=\"1\" loading=\"lazy\" decoding=\"async\" width=\"143\" height=\"38\" border=\"0\" alt=\"R\u00e9duire la mortalit\u00e9 infantile\" src=\"https:\/\/i0.wp.com\/www.un.org\/french\/millenniumgoals\/images\/goal4-over.jpg?resize=143%2C38\" \/><\/a>                                                               <a href=\"http:\/\/www.un.org\/french\/millenniumgoals\/goal_5.html\">                                                                 <img data-recalc-dims=\"1\" loading=\"lazy\" decoding=\"async\" width=\"143\" height=\"38\" border=\"0\" alt=\"Am\u00e9liorer la sant\u00e9 maternelle\" src=\"https:\/\/i0.wp.com\/www.un.org\/french\/millenniumgoals\/images\/goal5-over.jpg?resize=143%2C38\" \/><\/a>                                                               <a href=\"http:\/\/www.un.org\/french\/millenniumgoals\/goal_6.html\">                                                                 <img data-recalc-dims=\"1\" loading=\"lazy\" decoding=\"async\" width=\"143\" height=\"44\" border=\"0\" alt=\"Combattre le HIV sida, le paludisme et d'autres maladies\" src=\"https:\/\/i0.wp.com\/www.un.org\/french\/millenniumgoals\/images\/goal6-over.jpg?resize=143%2C44\" \/><\/a>                                                               <a href=\"http:\/\/www.un.org\/french\/millenniumgoals\/goal_7.html\">                                                                 <img data-recalc-dims=\"1\" loading=\"lazy\" decoding=\"async\" width=\"143\" height=\"38\" border=\"0\" alt=\"Assurer un environnement durable\" src=\"https:\/\/i0.wp.com\/www.un.org\/french\/millenniumgoals\/images\/goal7-over.jpg?resize=143%2C38\" \/><\/a>                                                               <a href=\"http:\/\/www.un.org\/french\/millenniumgoals\/goal_8.html\">                                                                 <img data-recalc-dims=\"1\" loading=\"lazy\" decoding=\"async\" width=\"143\" height=\"50\" border=\"0\" alt=\"Mettre en place un partenariat mondial pour le d\u00e9veloppement\" src=\"https:\/\/i0.wp.com\/www.un.org\/french\/millenniumgoals\/images\/goal8-over.jpg?resize=143%2C50\" \/><\/a><\/div>\n<p>Pas de solutions simples pr\u00e9sent\u00e9s par les intervenants, constatation de la faiblesse de l&rsquo;aide, de sa performance limit\u00e9e&#8230; Les discours simplistes sur le sujet sont \u00e0 proscire&#8230; il serait int\u00e9ressant de suivre la contribution de la france et de l&rsquo;UE \u00e0 l&rsquo;avancement des indicateurs de progression par rapport aux objectifs sur mill\u00e9naire&#8230;<\/p>\n<blockquote \/>\n","protected":false},"excerpt":{"rendered":"<p>L&rsquo;EFFICACIT\u00c9 DES ACTIONS DE D\u00c9VELOPPEMENT DANS LES PAYS PAUVRES Toujours anim\u00e9 par Didier ADES, r\u00e9dacteur en chef \u00e0 RAdio-France et avec les interventions de : Intervention de Sophie Englebienne, Directrice des programmes d&rsquo;OXFAM solidarit\u00e9 en Belgique &#8211; Th\u00e8me : \u00ab Une exp\u00e9rience de terrain : comment mieux valoriser l&rsquo;aide au d\u00e9veloppement ? \u00bb Intervention de [&hellip;]<\/p>\n","protected":false},"author":1,"featured_media":0,"comment_status":"open","ping_status":"open","sticky":false,"template":"","format":"standard","meta":{"jetpack_post_was_ever_published":false,"_jetpack_newsletter_access":"","_jetpack_dont_email_post_to_subs":false,"_jetpack_newsletter_tier_id":0,"_jetpack_memberships_contains_paywalled_content":false,"_jetpack_memberships_contains_paid_content":false,"footnotes":"","jetpack_publicize_message":"","jetpack_publicize_feature_enabled":true,"jetpack_social_post_already_shared":false,"jetpack_social_options":{"image_generator_settings":{"template":"highway","default_image_id":0,"font":"","enabled":false},"version":2}},"categories":[6],"tags":[],"class_list":["post-42","post","type-post","status-publish","format-standard","hentry","category-general"],"jetpack_publicize_connections":[],"jetpack_featured_media_url":"","jetpack_sharing_enabled":true,"jetpack_shortlink":"https:\/\/wp.me\/pazAbl-G","_links":{"self":[{"href":"https:\/\/blog-alexis.monville.com\/fr\/wp-json\/wp\/v2\/posts\/42","targetHints":{"allow":["GET"]}}],"collection":[{"href":"https:\/\/blog-alexis.monville.com\/fr\/wp-json\/wp\/v2\/posts"}],"about":[{"href":"https:\/\/blog-alexis.monville.com\/fr\/wp-json\/wp\/v2\/types\/post"}],"author":[{"embeddable":true,"href":"https:\/\/blog-alexis.monville.com\/fr\/wp-json\/wp\/v2\/users\/1"}],"replies":[{"embeddable":true,"href":"https:\/\/blog-alexis.monville.com\/fr\/wp-json\/wp\/v2\/comments?post=42"}],"version-history":[{"count":0,"href":"https:\/\/blog-alexis.monville.com\/fr\/wp-json\/wp\/v2\/posts\/42\/revisions"}],"wp:attachment":[{"href":"https:\/\/blog-alexis.monville.com\/fr\/wp-json\/wp\/v2\/media?parent=42"}],"wp:term":[{"taxonomy":"category","embeddable":true,"href":"https:\/\/blog-alexis.monville.com\/fr\/wp-json\/wp\/v2\/categories?post=42"},{"taxonomy":"post_tag","embeddable":true,"href":"https:\/\/blog-alexis.monville.com\/fr\/wp-json\/wp\/v2\/tags?post=42"}],"curies":[{"name":"wp","href":"https:\/\/api.w.org\/{rel}","templated":true}]}}