{"id":371,"date":"2009-01-31T10:35:14","date_gmt":"2009-01-31T09:35:14","guid":{"rendered":"https:\/\/blog-alexis.monville.com\/?p=371"},"modified":"2009-01-31T10:35:14","modified_gmt":"2009-01-31T09:35:14","slug":"francois-elie-economie-du-logiciel-libre","status":"publish","type":"post","link":"https:\/\/blog-alexis.monville.com\/fr\/2009\/01\/31\/francois-elie-economie-du-logiciel-libre\/","title":{"rendered":"Economie du logiciel libre"},"content":{"rendered":"<p><a href=\"http:\/\/izibook.eyrolles.com\/store\/9782212124637\/Economie+du+logiciel+libre\" target=\"_blank\"><img data-recalc-dims=\"1\" loading=\"lazy\" decoding=\"async\" class=\"alignleft\" style=\"border: 0pt none;margin: 10px\" src=\"https:\/\/i0.wp.com\/izibook.eyrolles.com\/images\/thumbnails\/0000\/0837\/12463_Elie_medium.jpg?resize=130%2C174\" alt=\"\" width=\"130\" height=\"174\" \/><\/a><\/p>\n<p><a href=\"http:\/\/fr.wikipedia.org\/wiki\/Fran%C3%A7ois_Elie\" target=\"_blank\">Fran\u00e7ois Elie<\/a> publie ses r\u00e9flexions sur l&rsquo;\u00e9conomie du logiciel libre dans cet ouvrage qui est arriv\u00e9 en format <a href=\"http:\/\/izibook.eyrolles.com\/store\/9782212124637\/Economie+du+logiciel+libre\" target=\"_blank\">livre \u00e9lectronique<\/a> en novembre 2008 et qui devrait \u00eatre <a href=\"http:\/\/www.eyrolles.com\/Informatique\/Livre\/economie-du-logiciel-libre-9782212124637?xd=35e49a43e76712fc875a37fbaa933dbe\" target=\"_blank\">publi\u00e9 en papier d\u00e9s le mois de f\u00e9vrier<\/a>.<\/p>\n<p>Un <a href=\"http:\/\/www.economiedulogiciellibre.org\/\" target=\"_blank\">blog<\/a> a \u00e9t\u00e9 mis en place afin de poursuivre la discution autour des sujets abord\u00e9s dans le livre, comme par exemple : les forges comme place de march\u00e9 ou le travail non pay\u00e9&#8230; \u00e0 vos claviers !<\/p>\n<p>Une petite remarque sur le mod\u00e8le d&rsquo;\u00e9dtion, le choix d&rsquo;un \u00e9diteur \u00ab\u00a0classique\u00a0\u00bb (m\u00eame si la <a href=\"http:\/\/www.editions-eyrolles.com\/Collection\/1490\/acces-libre\" target=\"_blank\">collection acc\u00e8s libre<\/a> ne l&rsquo;est pas !) conduit \u00e0 cette desynchronisation entre l&rsquo;\u00e9dition \u00e9lectronique et l&rsquo;\u00e9dition papier. <a href=\"http:\/\/fr.wikipedia.org\/wiki\/Philippe_Aigrain\" target=\"_blank\">Philippe Aigrain<\/a> pour la publication de son dernier ouvrage <a href=\"https:\/\/blog-alexis.monville.com\/2008\/11\/02\/internet-creation\/\" target=\"_blank\">Internet &amp; Cr\u00e9ation<\/a> avait choisi l&rsquo;\u00e9diteur <a href=\"http:\/\/www.ilv-experience.net\/blog\/index.php\/2008\/10\/20\/123-internet-creation-le-nouveau-livre-de-philippe-aigrain-edite-chez-inlibroveritas\" target=\"_blank\">InLibroVeritas<\/a> qui proposait le t\u00e9l\u00e9chargement ou l&rsquo;\u00e9dition papier au premier jour.<\/p>\n","protected":false},"excerpt":{"rendered":"<p>Fran\u00e7ois Elie publie ses r\u00e9flexions sur l&rsquo;\u00e9conomie du logiciel libre dans cet ouvrage qui est arriv\u00e9 en format livre \u00e9lectronique en novembre 2008 et qui devrait \u00eatre publi\u00e9 en papier d\u00e9s le mois de f\u00e9vrier. Un blog a \u00e9t\u00e9 mis en place afin de poursuivre la discution autour des sujets abord\u00e9s dans le livre, comme [&hellip;]<\/p>\n","protected":false},"author":1,"featured_media":0,"comment_status":"open","ping_status":"open","sticky":false,"template":"","format":"standard","meta":{"jetpack_post_was_ever_published":false,"_jetpack_newsletter_access":"","_jetpack_dont_email_post_to_subs":false,"_jetpack_newsletter_tier_id":0,"_jetpack_memberships_contains_paywalled_content":false,"_jetpack_memberships_contains_paid_content":false,"footnotes":"","jetpack_publicize_message":"","jetpack_publicize_feature_enabled":true,"jetpack_social_post_already_shared":false,"jetpack_social_options":{"image_generator_settings":{"template":"highway","default_image_id":0,"font":"","enabled":false},"version":2}},"categories":[6],"tags":[257,315,452],"class_list":["post-371","post","type-post","status-publish","format-standard","hentry","category-general","tag-economie","tag-floss","tag-logiciel-libre"],"jetpack_publicize_connections":[],"jetpack_featured_media_url":"","jetpack_sharing_enabled":true,"jetpack_shortlink":"https:\/\/wp.me\/pazAbl-5Z","_links":{"self":[{"href":"https:\/\/blog-alexis.monville.com\/fr\/wp-json\/wp\/v2\/posts\/371","targetHints":{"allow":["GET"]}}],"collection":[{"href":"https:\/\/blog-alexis.monville.com\/fr\/wp-json\/wp\/v2\/posts"}],"about":[{"href":"https:\/\/blog-alexis.monville.com\/fr\/wp-json\/wp\/v2\/types\/post"}],"author":[{"embeddable":true,"href":"https:\/\/blog-alexis.monville.com\/fr\/wp-json\/wp\/v2\/users\/1"}],"replies":[{"embeddable":true,"href":"https:\/\/blog-alexis.monville.com\/fr\/wp-json\/wp\/v2\/comments?post=371"}],"version-history":[{"count":0,"href":"https:\/\/blog-alexis.monville.com\/fr\/wp-json\/wp\/v2\/posts\/371\/revisions"}],"wp:attachment":[{"href":"https:\/\/blog-alexis.monville.com\/fr\/wp-json\/wp\/v2\/media?parent=371"}],"wp:term":[{"taxonomy":"category","embeddable":true,"href":"https:\/\/blog-alexis.monville.com\/fr\/wp-json\/wp\/v2\/categories?post=371"},{"taxonomy":"post_tag","embeddable":true,"href":"https:\/\/blog-alexis.monville.com\/fr\/wp-json\/wp\/v2\/tags?post=371"}],"curies":[{"name":"wp","href":"https:\/\/api.w.org\/{rel}","templated":true}]}}