{"id":291,"date":"2008-12-17T11:47:06","date_gmt":"2008-12-17T10:47:06","guid":{"rendered":"http:\/\/alexismonville.wordpress.com\/?p=291"},"modified":"2008-12-17T11:47:06","modified_gmt":"2008-12-17T10:47:06","slug":"mantegnaun-jour-une-oeuvre-au-louvre","status":"publish","type":"post","link":"https:\/\/blog-alexis.monville.com\/fr\/2008\/12\/17\/mantegnaun-jour-une-oeuvre-au-louvre\/","title":{"rendered":"Un Jour Une \u0152uvre au Louvre"},"content":{"rendered":"<p><a href=\"http:\/\/fr.wikipedia.org\/wiki\/Fichier:Andrea_Mantegna_089.jpg\" target=\"_blank\"><img loading=\"lazy\" decoding=\"async\" class=\"alignleft\" style=\"border:0 none;margin:10px\" src=\"http:\/\/upload.wikimedia.org\/wikipedia\/commons\/thumb\/4\/4d\/Andrea_Mantegna_089.jpg\/257px-Andrea_Mantegna_089.jpg\" alt=\"\" width=\"206\" height=\"478\" \/><\/a>Ce mercredi 12 d\u00e9cembre, nous nous sommes retrouv\u00e9s au Louvre pour visiter <a href=\"http:\/\/mini-site.louvre.fr\/mantegna\/acc\/xmlfr\/\" target=\"_blank\">l\u2019exposition consacr\u00e9e \u00e0 Mantegna<\/a>.<\/p>\n<p>Nous\u00a0?<\/p>\n<p>Nous c\u2019est Ivan (<a href=\"http:\/\/ivansigg.over-blog.com\/article-25678944.html\" target=\"_blank\">qui raconte l\u2019exp\u00e9rience sur son blog<\/a>), <a href=\"http:\/\/www.speigallery.com\/\" target=\"_blank\">Jean-Fran\u00e7ois<\/a> et moi, trois parmi ceux qui avaient envie de participer \u00e0 cette exp\u00e9rience de mutualisation des regards dans le monde r\u00e9el, exp\u00e9rience que nous avons d\u00e9but\u00e9e sur Internet avec Un Jour Une \u0152uvre\u00a0(<a href=\"http:\/\/unjouruneoeuvre.eu\/\">http:\/\/unjouruneoeuvre.eu<\/a>).<\/p>\n<p>Une promenade dans l\u2019exposition pour choisir une premi\u00e8re toile, le choix se porte sur un petit <a href=\"http:\/\/fr.wikipedia.org\/wiki\/Fichier:Andrea_Mantegna_089.jpg\" target=\"_blank\">Saint S\u00e9bastien<\/a>, nous avons pris le temps de regarder, de verbaliser ce que nous regardions, un attroupement s\u2019est cr\u00e9\u00e9 autour de la toile, certains tr\u00e9pignent pour voir, d\u2019autres interagissent avec nous\u00a0: \u00ab\u00a0avez-vous vu le cavalier dans le ciel\u00a0?\u00a0\u00bb, \u00ab\u00a0c\u2019est une souffrance exquise\u00a0\u00bb\u2026 Nous avons reproduit l\u2019exp\u00e9rience pour deux autres toiles avec le m\u00eame effet. Exp\u00e9rience enrichissante que de se laisser porter par ses propres d\u00e9couvertes et par les d\u00e9couvertes des autres, difficile de ne pas se lancer dans l\u2019interpr\u00e9tation de ce que l\u2019on voit, difficile de ne pas lire les petits cartels avant d\u2019avoir vraiment pris le temps de regarder\u00a0! Passionnant donc\u00a0!<\/p>\n<p>A suivre, la retranscription de nos \u00e9changes sous forme de fiche de \u00ab\u00a0lecture\u00a0\u00bb sur <a href=\"http:\/\/unjouruneoeuvre.eu\">Un Jour Une \u0152uvre<\/a>, ainsi que le prochain \u00e9v\u00e8nement \u00ab\u00a0live\u00a0\u00bb le 14 janvier, 17heure, Metro Saint Germain pour une visite de galerie d\u2019art contemporain\u00a0!<\/p>\n","protected":false},"excerpt":{"rendered":"<p>Ce mercredi 12 d\u00e9cembre, nous nous sommes retrouv\u00e9s au Louvre pour visiter l\u2019exposition consacr\u00e9e \u00e0 Mantegna. Nous\u00a0? Nous c\u2019est Ivan (qui raconte l\u2019exp\u00e9rience sur son blog), Jean-Fran\u00e7ois et moi, trois parmi ceux qui avaient envie de participer \u00e0 cette exp\u00e9rience de mutualisation des regards dans le monde r\u00e9el, exp\u00e9rience que nous avons d\u00e9but\u00e9e sur Internet [&hellip;]<\/p>\n","protected":false},"author":1,"featured_media":0,"comment_status":"open","ping_status":"open","sticky":false,"template":"","format":"standard","meta":{"jetpack_post_was_ever_published":false,"_jetpack_newsletter_access":"","_jetpack_dont_email_post_to_subs":false,"_jetpack_newsletter_tier_id":0,"_jetpack_memberships_contains_paywalled_content":false,"_jetpack_memberships_contains_paid_content":false,"footnotes":"","jetpack_publicize_message":"","jetpack_publicize_feature_enabled":true,"jetpack_social_post_already_shared":false,"jetpack_social_options":{"image_generator_settings":{"template":"highway","default_image_id":0,"font":"","enabled":false},"version":2}},"categories":[6],"tags":[88,199,456,464,563,762,763],"class_list":["post-291","post","type-post","status-publish","format-standard","hentry","category-general","tag-art","tag-culture","tag-louvre","tag-mantegna","tag-peinture","tag-ujuo","tag-un-jour-une-oeuvre"],"jetpack_publicize_connections":[],"jetpack_featured_media_url":"","jetpack_sharing_enabled":true,"jetpack_shortlink":"https:\/\/wp.me\/pazAbl-4H","_links":{"self":[{"href":"https:\/\/blog-alexis.monville.com\/fr\/wp-json\/wp\/v2\/posts\/291","targetHints":{"allow":["GET"]}}],"collection":[{"href":"https:\/\/blog-alexis.monville.com\/fr\/wp-json\/wp\/v2\/posts"}],"about":[{"href":"https:\/\/blog-alexis.monville.com\/fr\/wp-json\/wp\/v2\/types\/post"}],"author":[{"embeddable":true,"href":"https:\/\/blog-alexis.monville.com\/fr\/wp-json\/wp\/v2\/users\/1"}],"replies":[{"embeddable":true,"href":"https:\/\/blog-alexis.monville.com\/fr\/wp-json\/wp\/v2\/comments?post=291"}],"version-history":[{"count":0,"href":"https:\/\/blog-alexis.monville.com\/fr\/wp-json\/wp\/v2\/posts\/291\/revisions"}],"wp:attachment":[{"href":"https:\/\/blog-alexis.monville.com\/fr\/wp-json\/wp\/v2\/media?parent=291"}],"wp:term":[{"taxonomy":"category","embeddable":true,"href":"https:\/\/blog-alexis.monville.com\/fr\/wp-json\/wp\/v2\/categories?post=291"},{"taxonomy":"post_tag","embeddable":true,"href":"https:\/\/blog-alexis.monville.com\/fr\/wp-json\/wp\/v2\/tags?post=291"}],"curies":[{"name":"wp","href":"https:\/\/api.w.org\/{rel}","templated":true}]}}