{"id":2438,"date":"2018-07-17T15:31:08","date_gmt":"2018-07-17T13:31:08","guid":{"rendered":"https:\/\/blog-alexis.monville.com\/?p=2438"},"modified":"2018-12-30T10:48:05","modified_gmt":"2018-12-30T09:48:05","slug":"un-message-pour-ledition-2018-de-tedxbordeaux","status":"publish","type":"post","link":"https:\/\/blog-alexis.monville.com\/fr\/2018\/07\/17\/un-message-pour-ledition-2018-de-tedxbordeaux\/","title":{"rendered":"Un message pour l&rsquo;\u00e9dition 2018 de TEDxBordeaux"},"content":{"rendered":"<p>J&rsquo;ai d\u00e9couvert les conf\u00e9rences <a href=\"https:\/\/www.ted.com\/\">TED<\/a> il y a environ 10 ans. L&rsquo;importance et la diversit\u00e9 des sujets abord\u00e9s, la puissance combin\u00e9e des histoires et la courte dur\u00e9e des interventions faisaient que je consommais r\u00e9guli\u00e8rement les enregistrements.<br \/>\nAvec <a href=\"http:\/\/www.monville.com\">Isabel<\/a>, nous nous disions \u00e0 l&rsquo;\u00e9poque que ce serait g\u00e9nial si on pouvait faire cela en fran\u00e7ais.<\/p>\n<p>En 2009, je passais beaucoup de temps \u00e0 <a href=\"https:\/\/www.numa.co\/why-numa\">La Cantine de Paris<\/a>, pour le lancement de <a href=\"http:\/\/ayeba.fr\">Ayeba<\/a>, l&rsquo;entreprise que nous venions de cr\u00e9er. Et c&rsquo;est \u00e0 la Cantine, que l&rsquo;\u00e9quipe de TEDxParis a cr\u00e9er le premier TEDx en Fran\u00e7ais.<\/p>\n<p>Lorsque nous avons souhait\u00e9 d\u00e9m\u00e9nager \u00e0 Bordeaux en 2010, la premi\u00e8re chose que nous avons cherch\u00e9 \u00e9tait un espace de co-working ou nous pourrions retrouver l&rsquo;\u00e9nergie du croisement de communaut\u00e9s diverses. Cela n&rsquo;existait pas encore, mais les \u00e9nergies \u00e9taient l\u00e0, et c&rsquo;est pour cette raison que nous \u00e9tions heureux de soutenir le <a href=\"http:\/\/coworkinginitiatives.com\/2010\/11\/coworking-camp-a-begles-aux-terres-neuves-le-vendredi-1911\/\">CoWorkingCamp<\/a> qui donnera naissance \u00e0 plusieurs espace de coworking comme <a href=\"https:\/\/www.aquinum.fr\/le-node\/c-est-quoi-le-node.html\">Le Node<\/a>, ou <a href=\"https:\/\/www.coolworking.fr\/\">CoolWorking<\/a>.<\/p>\n<p>Nous voulions aussi apporter autre chose, nous voulions apporter l&rsquo;exp\u00e9rience TED en fran\u00e7ais, et nous l&rsquo;avons fait avec la premi\u00e8re \u00e9dition de TEDxBordeaux en 2011.<br \/>\nLa cr\u00e9ation de cette premi\u00e8re \u00e9dition \u00e9tait une aventure pleines de rebondissement et je remercie vivement, les orateurs, les partenaires, les organisateurs et tous les participants qui nous ont soutenu et donner leur confiance.<\/p>\n<p>Nous souhaitions que l&rsquo;\u00e9v\u00e9nement dure et se renouvelle. Pour cela, nous avons souhait\u00e9 que chaque ann\u00e9e, l&rsquo;\u00e9quipe sortante trouve \u00e0 qui transmettre la responsabilit\u00e9 de guider l&rsquo;\u00e9dition suivante.<\/p>\n<p>Bravo et merci \u00e0 toutes ces \u00e9quipes qui ont donn\u00e9es naissances \u00e0 toutes les \u00e9ditions suivantes.<\/p>\n<p>Bravo et merci \u00e0 l&rsquo;\u00e9quipe qui apporte <a href=\"https:\/\/www.tedxbordeaux.com\/edition-2018\/la-conference\/\">cette \u00e9dition 2018<\/a>, je vous souhaite \u00e0 tous un excellent TEDxBordeaux!<\/p>\n<p><iframe loading=\"lazy\" src=\"https:\/\/www.youtube.com\/embed\/Q3Npa4fsmdE\" width=\"560\" height=\"315\" frameborder=\"0\" allowfullscreen=\"allowfullscreen\"><\/iframe><\/p>\n","protected":false},"excerpt":{"rendered":"<p>J&rsquo;ai d\u00e9couvert les conf\u00e9rences TED il y a environ 10 ans. L&rsquo;importance et la diversit\u00e9 des sujets abord\u00e9s, la puissance combin\u00e9e des histoires et la courte dur\u00e9e des interventions faisaient que je consommais r\u00e9guli\u00e8rement les enregistrements. Avec Isabel, nous nous disions \u00e0 l&rsquo;\u00e9poque que ce serait g\u00e9nial si on pouvait faire cela en fran\u00e7ais. En [&hellip;]<\/p>\n","protected":false},"author":1,"featured_media":0,"comment_status":"open","ping_status":"open","sticky":false,"template":"","format":"standard","meta":{"jetpack_post_was_ever_published":false,"_jetpack_newsletter_access":"","_jetpack_dont_email_post_to_subs":false,"_jetpack_newsletter_tier_id":0,"_jetpack_memberships_contains_paywalled_content":false,"_jetpack_memberships_contains_paid_content":false,"footnotes":"","jetpack_publicize_message":"","jetpack_publicize_feature_enabled":true,"jetpack_social_post_already_shared":true,"jetpack_social_options":{"image_generator_settings":{"template":"highway","default_image_id":0,"font":"","enabled":false},"version":2}},"categories":[1],"tags":[],"class_list":["post-2438","post","type-post","status-publish","format-standard","hentry","category-non-classe"],"jetpack_publicize_connections":[],"jetpack_featured_media_url":"","jetpack_sharing_enabled":true,"jetpack_shortlink":"https:\/\/wp.me\/pazAbl-Dk","_links":{"self":[{"href":"https:\/\/blog-alexis.monville.com\/fr\/wp-json\/wp\/v2\/posts\/2438","targetHints":{"allow":["GET"]}}],"collection":[{"href":"https:\/\/blog-alexis.monville.com\/fr\/wp-json\/wp\/v2\/posts"}],"about":[{"href":"https:\/\/blog-alexis.monville.com\/fr\/wp-json\/wp\/v2\/types\/post"}],"author":[{"embeddable":true,"href":"https:\/\/blog-alexis.monville.com\/fr\/wp-json\/wp\/v2\/users\/1"}],"replies":[{"embeddable":true,"href":"https:\/\/blog-alexis.monville.com\/fr\/wp-json\/wp\/v2\/comments?post=2438"}],"version-history":[{"count":2,"href":"https:\/\/blog-alexis.monville.com\/fr\/wp-json\/wp\/v2\/posts\/2438\/revisions"}],"predecessor-version":[{"id":2441,"href":"https:\/\/blog-alexis.monville.com\/fr\/wp-json\/wp\/v2\/posts\/2438\/revisions\/2441"}],"wp:attachment":[{"href":"https:\/\/blog-alexis.monville.com\/fr\/wp-json\/wp\/v2\/media?parent=2438"}],"wp:term":[{"taxonomy":"category","embeddable":true,"href":"https:\/\/blog-alexis.monville.com\/fr\/wp-json\/wp\/v2\/categories?post=2438"},{"taxonomy":"post_tag","embeddable":true,"href":"https:\/\/blog-alexis.monville.com\/fr\/wp-json\/wp\/v2\/tags?post=2438"}],"curies":[{"name":"wp","href":"https:\/\/api.w.org\/{rel}","templated":true}]}}