{"id":228,"date":"2008-10-17T06:40:46","date_gmt":"2008-10-17T05:40:46","guid":{"rendered":"http:\/\/alexismonville.wordpress.com\/?p=228"},"modified":"2008-10-17T06:40:46","modified_gmt":"2008-10-17T05:40:46","slug":"camarade-de-classe","status":"publish","type":"post","link":"https:\/\/blog-alexis.monville.com\/fr\/2008\/10\/17\/camarade-de-classe\/","title":{"rendered":"Camarade de classe"},"content":{"rendered":"<p><a href=\"http:\/\/www.amazon.fr\/gp\/product\/2070120074?ie=UTF8&amp;tag=unjounoe-21&amp;linkCode=as2&amp;camp=1642&amp;creative=6746&amp;creativeASIN=2070120074\"><img data-recalc-dims=\"1\" loading=\"lazy\" decoding=\"async\" class=\"size-full wp-image-227 alignleft\" style=\"border:0 none;margin:10px\" src=\"http:\/\/alexismonville.files.wordpress.com\/2008\/10\/41vp8m0gibl_sl160_.jpg?resize=109%2C160\" alt=\"\" width=\"109\" height=\"160\" \/><\/a><img loading=\"lazy\" decoding=\"async\" style=\"border:none!important;margin:0!important\" src=\"http:\/\/www.assoc-amazon.fr\/e\/ir?t=unjounoe-21&amp;l=as2&amp;o=8&amp;a=2070120074\" border=\"0\" alt=\"\" width=\"1\" height=\"1\" \/><strong>Camarades de classe<\/strong> est un roman de Didier Daeninckx paru d\u00e9but 2008. Ce n&rsquo;est donc pas l&rsquo;actualit\u00e9 qui motive cet article, mais bien le th\u00e8me abord\u00e9 : les r\u00e9seaux sociaux, l&rsquo;usage de ces r\u00e9seaux, les questions sous-jacentes que soul\u00e8ve cet usage sur notre identit\u00e9 et les traces num\u00e9riques de nos actions t\u00e9moins (g\u00eanants ?) de notre \u00e9volution.<\/p>\n<p><strong>Camarades de classe<\/strong> commence par une indiscr\u00e9tion, Dominique prend connaissance d&rsquo;un message \u00e9lectronique qui ne lui \u00e9tait pas destin\u00e9, et d\u00e9cide d&rsquo;usurper l&rsquo;identit\u00e9 du destinataire afin de r\u00e9pondre \u00e0 ce message.<\/p>\n<p>La suite du roman a interrog\u00e9 mon usage des r\u00e9seaux sociaux, mes \u00ab\u00a0amis\u00a0\u00bb du monde num\u00e9rique, ceux du pass\u00e9 ou du pr\u00e9sent. Je me suis pos\u00e9 des questions sur les empreintes laiss\u00e9es dans le pass\u00e9 qui au lieu de sombrer dans l&rsquo;oubli sont \u00ab\u00a0<a href=\"http:\/\/www.google.fr\/search?q=explorateurs%20du%20web\" target=\"_blank\">googler<\/a>\u00a0\u00bb en 0.17 secondes [<em>essayez donc avec votre nom<\/em>].<\/p>\n<p>Les traces de jeunesses sont pour les autres bien sur, les plus jeunes, pour moi les imb\u00e9cilit\u00e9s que j&rsquo;ai pu \u00e9crire dans le journal des \u00e9l\u00e8ves sont du pass\u00e9, et personne, et c&rsquo;est heureux, n&rsquo;a eu l&rsquo;id\u00e9e de prendre en charge l&rsquo;archivage num\u00e9rique de ces fines cr\u00e9ations ! [<em>j&rsquo;en ai retrouv\u00e9 un exemplaire lors du dernier d\u00e9m\u00e9nagement, 15 ans apr\u00e8s cela me fait quand m\u00eame sourire&#8230;<\/em>].<\/p>\n<p>Mais les traces d&rsquo;aujourd&rsquo;hui, celles que je laisse avec cet article par exemple, en ajoutant un commentaire sur un site, en utilisant un moteur de recherche, en envoyant un message&#8230; quelles en seront l&rsquo;usage, lorsque la puissance de calcul disponible aura \u00e9t\u00e9 multipli\u00e9e par 1000 [<em>puissance multipli\u00e9e par 2 tous les 18 mois selon <a title=\"pour les vrais loi de Moore regardez ici\" href=\"http:\/\/fr.wikipedia.org\/wiki\/Loi_de_Moore\" target=\"_blank\">Moore<\/a><\/em>].<\/p>\n<p>Toutes ces interrogations, je les balaye g\u00e9n\u00e9ralement rapidement, pr\u00e9f\u00e9rant contribuer \u00e0 construire des objets utiles avec d&rsquo;autres enthousiastes exploitant le potentiel de ces mises en r\u00e9seaux dans la r\u00e9alisation d&rsquo;objectifs communs. Mais&#8230;<\/p>\n<p>[<em>Pour approfondir le sujet de l&rsquo;identit\u00e9, vous pouvez visiter <a title=\"Programme d'actions initi\u00e9 par la FING\" href=\"http:\/\/www.identitesactives.net\/\">identitesactives.net<\/a><\/em>] <\/p>\n","protected":false},"excerpt":{"rendered":"<p>Camarades de classe est un roman de Didier Daeninckx paru d\u00e9but 2008. Ce n&rsquo;est donc pas l&rsquo;actualit\u00e9 qui motive cet article, mais bien le th\u00e8me abord\u00e9 : les r\u00e9seaux sociaux, l&rsquo;usage de ces r\u00e9seaux, les questions sous-jacentes que soul\u00e8ve cet usage sur notre identit\u00e9 et les traces num\u00e9riques de nos actions t\u00e9moins (g\u00eanants ?) de [&hellip;]<\/p>\n","protected":false},"author":1,"featured_media":0,"comment_status":"open","ping_status":"open","sticky":false,"template":"","format":"standard","meta":{"jetpack_post_was_ever_published":false,"_jetpack_newsletter_access":"","_jetpack_dont_email_post_to_subs":false,"_jetpack_newsletter_tier_id":0,"_jetpack_memberships_contains_paywalled_content":false,"_jetpack_memberships_contains_paid_content":false,"footnotes":"","jetpack_publicize_message":"","jetpack_publicize_feature_enabled":true,"jetpack_social_post_already_shared":false,"jetpack_social_options":{"image_generator_settings":{"template":"highway","default_image_id":0,"font":"","enabled":false},"version":2}},"categories":[5,6],"tags":[200,375,510,629,654],"class_list":["post-228","post","type-post","status-publish","format-standard","hentry","category-explorateurs","category-general","tag-daeninckx","tag-identite","tag-numerique","tag-reseaux-sociaux","tag-roman"],"jetpack_publicize_connections":[],"jetpack_featured_media_url":"","jetpack_sharing_enabled":true,"jetpack_shortlink":"https:\/\/wp.me\/pazAbl-3G","_links":{"self":[{"href":"https:\/\/blog-alexis.monville.com\/fr\/wp-json\/wp\/v2\/posts\/228","targetHints":{"allow":["GET"]}}],"collection":[{"href":"https:\/\/blog-alexis.monville.com\/fr\/wp-json\/wp\/v2\/posts"}],"about":[{"href":"https:\/\/blog-alexis.monville.com\/fr\/wp-json\/wp\/v2\/types\/post"}],"author":[{"embeddable":true,"href":"https:\/\/blog-alexis.monville.com\/fr\/wp-json\/wp\/v2\/users\/1"}],"replies":[{"embeddable":true,"href":"https:\/\/blog-alexis.monville.com\/fr\/wp-json\/wp\/v2\/comments?post=228"}],"version-history":[{"count":0,"href":"https:\/\/blog-alexis.monville.com\/fr\/wp-json\/wp\/v2\/posts\/228\/revisions"}],"wp:attachment":[{"href":"https:\/\/blog-alexis.monville.com\/fr\/wp-json\/wp\/v2\/media?parent=228"}],"wp:term":[{"taxonomy":"category","embeddable":true,"href":"https:\/\/blog-alexis.monville.com\/fr\/wp-json\/wp\/v2\/categories?post=228"},{"taxonomy":"post_tag","embeddable":true,"href":"https:\/\/blog-alexis.monville.com\/fr\/wp-json\/wp\/v2\/tags?post=228"}],"curies":[{"name":"wp","href":"https:\/\/api.w.org\/{rel}","templated":true}]}}