{"id":2115,"date":"2015-09-03T11:39:21","date_gmt":"2015-09-03T09:39:21","guid":{"rendered":"https:\/\/blog-alexis.monville.com\/?p=2115"},"modified":"2015-09-03T11:39:21","modified_gmt":"2015-09-03T09:39:21","slug":"ale15-meilleure-conference-de-lannee","status":"publish","type":"post","link":"https:\/\/blog-alexis.monville.com\/fr\/2015\/09\/03\/ale15-meilleure-conference-de-lannee\/","title":{"rendered":"ALE15 meilleure conf\u00e9rence de l&rsquo;ann\u00e9e"},"content":{"rendered":"<p>Je suis tout juste de retour de ALE15, la cinqui\u00e8me \u00e9dition de la conf\u00e9rence auto-organis\u00e9e du r\u00e9seau Agile Lean Europe. Comme toujours, je me sens vraiment bien lorsque je suis de retour, et je trouve que cette \u00e9dition \u00e9tait la meilleure&#8230; Je commence \u00e0 m&rsquo;habituer \u00e0 ce ressenti, comme je n&rsquo;ai manqu\u00e9 qu&rsquo;une \u00e9dition, en 2013, depuis le d\u00e9but de l&rsquo;aventure.<\/p>\n<p>Pourquoi est-ce si sp\u00e9cial ? Que se passe-t-il dans cette conf\u00e9rence ?<\/p>\n<p>Bien, il y a de nombreuses choses que je pourrais mettre en avant.<\/p>\n<blockquote class=\"twitter-tweet\" lang=\"en\">\n<p lang=\"en\" dir=\"ltr\">Alexis. <a href=\"https:\/\/twitter.com\/hashtag\/ale15?src=hash\">#ale15<\/a> opening <a href=\"http:\/\/t.co\/mMAdx2WSJP\">pic.twitter.com\/mMAdx2WSJP<\/a><\/p>\n<p>&mdash; pablo pernot (@pablopernot) <a href=\"https:\/\/twitter.com\/pablopernot\/status\/636420859113144320\">August 26, 2015<\/a><\/p><\/blockquote>\n<p>La premi\u00e8re, c&rsquo;est auto-organis\u00e9. Cela signifie que tout le monde peut contribuer \u00e0 l&rsquo;organisation de l&rsquo;\u00e9v\u00e9nement. Pour chaque \u00e9dition, plusieurs personnes se rassemble sur un sofa pour accomplir la mission de ce sofa. Par exemple, j&rsquo;\u00e9tais (avec d&rsquo;autres) impliqu\u00e9 dans le sofa d\u00e9di\u00e9 au programme de la conf\u00e9rence, d&rsquo;autres \u00e9taient impliqu\u00e9s dans le sofa de la finance, d&rsquo;autres encore dans celui du marketing et d&rsquo;autres dans celui des \u00e9poux et enfants.<br \/>\nLorsque vous choisissez de contribuer \u00e0 un sofa, vous pouvez contribuer 5 minutes de votre temps pour une suggestion, ou investir bien plus, c&rsquo;est votre choix, pensez juste \u00e0 informer les autres lorsque vous l\u00e2cher un sujet afin qu&rsquo;ils puissent s&rsquo;adapter.<br \/>\nSur la photo, vous pouvez voir la liste des organisateurs de cette ann\u00e9e. Un grand bravo \u00e0 mes pairs ! C&rsquo;\u00e9tait top de faire cela avec vous !<\/p>\n<blockquote class=\"twitter-tweet\" lang=\"en\">\n<p lang=\"en\" dir=\"ltr\"><a href=\"https:\/\/twitter.com\/hashtag\/ale15?src=hash\">#ale15<\/a> the slide with the organizers of this year event \ud83d\ude42 who&#039;s in for next year? <a href=\"https:\/\/twitter.com\/hashtag\/ale16?src=hash\">#ale16<\/a> <a href=\"http:\/\/t.co\/ArmtC7vRg9\">pic.twitter.com\/ArmtC7vRg9<\/a><\/p>\n<p>&mdash; Alexis Monville (@alexismonville) <a href=\"https:\/\/twitter.com\/alexismonville\/status\/637196577933819904\">August 28, 2015<\/a><\/p><\/blockquote>\n<p>Le seconde, il y a un programme pour les \u00e9poux et enfants, cela veut dire que vous allez voir des enfants courir dans les all\u00e9es des salles de conf\u00e9rence, jouer \u00e0 des jeux, ou monter sur la sc\u00e8ne pour une keynote. Cela veut dire que pour cette conf\u00e9rence vous pouvez \u00eatre vous m\u00eame parmi vos pairs et votre famille. Les enfants adorent, ma fille demande chaque ann\u00e9e si nous allons bien \u00e0 l&rsquo;\u00e9dition suivante avant m\u00eame que nous soyons partis de celle en cours. La conf\u00e9rence  est planifi\u00e9e fin ao\u00fbt, juste avant le retour des enfants \u00e0 l&rsquo;\u00e9cole sp\u00e9cialement pour cela.<\/p>\n<blockquote class=\"twitter-tweet\" lang=\"en\">\n<p lang=\"en\" dir=\"ltr\">Kids programming robots, or maybe robots programming kids&#8230; it&#039;s ALEwsome <a href=\"https:\/\/twitter.com\/hashtag\/ale15?src=hash\">#ale15<\/a> <a href=\"http:\/\/t.co\/8YGP8cqWn1\">pic.twitter.com\/8YGP8cqWn1<\/a><\/p>\n<p>&mdash; Wiktor \u017bo\u0142nowski (@streser) <a href=\"https:\/\/twitter.com\/streser\/status\/636875356054683648\">August 27, 2015<\/a><\/p><\/blockquote>\n<p>La troisi\u00e8me, une partie du programme est r\u00e9serv\u00e9e \u00e0 un forum ouvert (open space), ainsi le programme de la conf\u00e9rence est d\u00e9fini en fonction des choses les plus importantes pour les participants sur le moment. Cette ann\u00e9e, j&rsquo;ai eu le plaisir de faciliter l&rsquo;open space avec mon ami <a href=\"https:\/\/twitter.com\/pablopernot\" target=\"_blank\">Pablo<\/a>. C&rsquo;\u00e9tait top et nos exp\u00e9rimentations ont plut\u00f4t bien fonctionn\u00e9es.<\/p>\n<p>Premi\u00e8re exp\u00e9rimentation, comme les participants viennent de toute l&rsquo;Europe (et plus) nous leur avons demand\u00e9 de montrer l&rsquo;opportunit\u00e9 babel en pr\u00e9sentant leurs sujets d&rsquo;abord dans leur langue maternelle puis en anglais. C&rsquo;\u00e9tait \u00e9tonnant de constater la diff\u00e9rence de langage corporelle entre les deux pr\u00e9sentations, et c&rsquo;\u00e9tait bien plus \u00e9nergisant et amusant d&rsquo;entendre des langues que nous ne sommes pas habitu\u00e9s \u00e0 entendre (voir pas du tout pour certaines).<\/p>\n<blockquote class=\"twitter-tweet\" lang=\"en\">\n<p lang=\"en\" dir=\"ltr\">Open space in <a href=\"https:\/\/twitter.com\/hashtag\/ale15?src=hash\">#ale15<\/a> and <a href=\"https:\/\/twitter.com\/Agile_Sebastian\">@Agile_Sebastian<\/a> look for ways to get girls in his team! <a href=\"http:\/\/t.co\/idDBozKsDa\">pic.twitter.com\/idDBozKsDa<\/a><\/p>\n<p>&mdash; Antonio de la Torre (@adelatorrefoss) <a href=\"https:\/\/twitter.com\/adelatorrefoss\/status\/636883168897986562\">August 27, 2015<\/a><\/p><\/blockquote>\n<p>Deuxi\u00e8me exp\u00e9rimentation, comme nous \u00e9tions environ 180 personnes pour l&rsquo;open space, nous savions que nous aurions au moins 12 groupes en parall\u00e8le et nous voulions que les groupes partagent leurs d\u00e9couvertes avec tous. Nous leur avons demand\u00e9 de pr\u00e9parer une restitution de leurs travaux sur une feuille de paperboard et de r\u00e9sumer leur d\u00e9couverte en un tweet avec le hashtag <a href=\"https:\/\/twitter.com\/search?q=%23ale15\">#ale15<\/a>. Nous avons organis\u00e9 20 minutes de restitution globale apr\u00e8s chaque session de 40 minutes en sous-groupe. <\/p>\n<p>Troisi\u00e8me exp\u00e9rimentation, comme nous partagions l&rsquo;avis avec Pablo qu&rsquo;un des grands b\u00e9n\u00e9fices de l\u2019utilisation du format open space est le but commun, nous avons tent\u00e9 de proposer un but commun pour l&rsquo;open space d&rsquo;ALE15&#8230; et cela n&rsquo;a pas du tout fonctionn\u00e9&#8230; Mais nous avons surv\u00e9cu car c&rsquo;\u00e9tait une exp\u00e9rimentation \ud83d\ude09<\/p>\n<blockquote class=\"twitter-tweet\" lang=\"en\">\n<p lang=\"en\" dir=\"ltr\">Big Thanks <a href=\"https:\/\/twitter.com\/alexismonville\">@alexismonville<\/a> <a href=\"https:\/\/twitter.com\/pablopernot\">@pablopernot<\/a> for an awesome <a href=\"https:\/\/twitter.com\/hashtag\/ale15?src=hash\">#ale15<\/a> open space. Not religious, but enabling, inspiring, nurturing outcome<\/p>\n<p>&mdash; Mike Leber (@michael_leber) <a href=\"https:\/\/twitter.com\/michael_leber\/status\/637872194895351808\">August 30, 2015<\/a><\/p><\/blockquote>\n<p>Et bien sur, un peu de magie de la part de grands orateurs et en provenance de grandes discussions.<\/p>\n<p><a href=\"https:\/\/i0.wp.com\/blog-alexis.monville.com\/wp-content\/uploads\/2015\/09\/2015-08-26-09.44.26.jpg?ssl=1\"><img data-recalc-dims=\"1\" loading=\"lazy\" decoding=\"async\" src=\"https:\/\/i0.wp.com\/blog-alexis.monville.com\/wp-content\/uploads\/2015\/09\/2015-08-26-09.44.26-300x223.jpg?resize=300%2C223&#038;ssl=1\" alt=\"2015-08-26 09.44.26\" width=\"300\" height=\"223\" class=\"alignright size-medium wp-image-2118\" \/><\/a><a href=\"https:\/\/twitter.com\/PapaChrisMatts\" target=\"_blank\">Chris Matts<\/a> a mis des mots sur un \u00e9trange ressenti lors de son discours d&rsquo;ouverture le premier jour, il a expliqu\u00e9 l&rsquo;\u00e9volution du mouvement agile en utilisant le mod\u00e8le d&rsquo;adoption de produit et d&rsquo;autres mod\u00e8les, et expliqu\u00e9 que l&rsquo;arriv\u00e9e de cadre permettant de passer l&rsquo;agile \u00e0 l&rsquo;\u00e9chelle avant que les histoires permettant d&rsquo;inventer ces cadres n&rsquo;existent. <a href=\"https:\/\/theitriskmanager.wordpress.com\/2015\/06\/29\/strip-maps-and-risk\/\" target=\"_blank\">Plus sur cette id\u00e9e dans son article<\/a>.<\/p>\n<p>Dans son discours d&rsquo;ouverture du deuxi\u00e8me jour, <a href=\"https:\/\/twitter.com\/OlafLewitz\" target=\"_blank\">Olaf Lewitz<\/a>, nous a fait exp\u00e9rimenter un exercice de m\u00e9morisation qui a bien fontionn\u00e9 : \u00ab options have value, options expires, never commit early unless you know why \u00bb a \u00e9t\u00e9 twitt\u00e9 de nombreuses fois, il a d\u00e9montr\u00e9 dans son discours les m\u00e9faits de la polirasation et notre responsabilit\u00e9 dans la recherche d&rsquo;int\u00e9gration.<\/p>\n<blockquote class=\"twitter-tweet\" lang=\"en\">\n<p lang=\"en\" dir=\"ltr\">Bring it back hone from <a href=\"https:\/\/twitter.com\/hashtag\/ale15?src=hash\">#ale15<\/a> <a href=\"https:\/\/twitter.com\/rachelcdavies\">@rachelcdavies<\/a> <a href=\"http:\/\/t.co\/1BYh8EnsEY\">pic.twitter.com\/1BYh8EnsEY<\/a><\/p>\n<p>&mdash; Wiktor \u017bo\u0142nowski (@streser) <a href=\"https:\/\/twitter.com\/streser\/status\/637262723198361600\">August 28, 2015<\/a><\/p><\/blockquote>\n<p>Beaucoup d&rsquo;inspiration pour nos m\u00e9tiers que nous devrons ramener doucement dans nos organisations comme le recommande <a href=\"https:\/\/twitter.com\/rachelcdavies\" target=\"_blank\">Rachel Davies<\/a> dans son discours de cl\u00f4ture de la conf\u00e9rence.<\/p>\n<blockquote class=\"twitter-tweet\" lang=\"en\">\n<p lang=\"tl\" dir=\"ltr\"><a href=\"https:\/\/twitter.com\/alexismonville\">@alexismonville<\/a> epic <a href=\"https:\/\/twitter.com\/hashtag\/ale15?src=hash\">#ale15<\/a> panorama <a href=\"http:\/\/t.co\/HM2TIFNz81\">pic.twitter.com\/HM2TIFNz81<\/a><\/p>\n<p>&mdash; markus (@themaxxmaster) <a href=\"https:\/\/twitter.com\/themaxxmaster\/status\/637653193137225728\">August 29, 2015<\/a><\/p><\/blockquote>\n<p>J&rsquo;ai \u00e9galement eu le grand plaisir de jouer une nouvelle fois l&rsquo;exp\u00e9rience des billes rouges de Deming, une belle exp\u00e9rience et une belle conversation, les principes de Deming sont tellement actuels.<\/p>\n<p>La suite ?<\/p>\n<p>ALE16 bien sur, vous allez pouvoir contribuer \u00e0 l&rsquo;organisation de la prochaine \u00e9dition de l&rsquo;\u00e9v\u00e9nement en vous asseyant sur l&rsquo;un des sofas. Suivez :<br \/>\nAgile Lean Europe (ALE) sur linkedin et ou sur <a href=\"https:\/\/twitter.com\/AgileLeanEu\" target=\"_blank\">Twitter<\/a><\/p>\n<p>PS : Cette \u00e9dition \u00e9tait un peu difficile sur un plan personnel car Isabel, mon amour de partenaire (dans la vie et dans les affaires) a du supporter un \u00e9pisode m\u00e9dical d\u00e9vastateur. Je la remercie pour son support car elle m&rsquo;a demand\u00e9 de respecter l&rsquo;engagement que j&rsquo;avais fait \u00e0 la communaut\u00e9 ALE et aussi pour permettre \u00e0 notre fille de venir s&rsquo;amuser avec ces pairs dans le programme pour les enfants.<\/p>\n","protected":false},"excerpt":{"rendered":"<p>Je suis tout juste de retour de ALE15, la cinqui\u00e8me \u00e9dition de la conf\u00e9rence auto-organis\u00e9e du r\u00e9seau Agile Lean Europe. Comme toujours, je me sens vraiment bien lorsque je suis de retour, et je trouve que cette \u00e9dition \u00e9tait la meilleure&#8230; Je commence \u00e0 m&rsquo;habituer \u00e0 ce ressenti, comme je n&rsquo;ai manqu\u00e9 qu&rsquo;une \u00e9dition, en [&hellip;]<\/p>\n","protected":false},"author":1,"featured_media":2117,"comment_status":"open","ping_status":"open","sticky":false,"template":"","format":"standard","meta":{"jetpack_post_was_ever_published":false,"_jetpack_newsletter_access":"","_jetpack_dont_email_post_to_subs":false,"_jetpack_newsletter_tier_id":0,"_jetpack_memberships_contains_paywalled_content":false,"_jetpack_memberships_contains_paid_content":false,"footnotes":"","jetpack_publicize_message":"","jetpack_publicize_feature_enabled":true,"jetpack_social_post_already_shared":true,"jetpack_social_options":{"image_generator_settings":{"template":"highway","default_image_id":0,"font":"","enabled":false},"version":2}},"categories":[6,8],"tags":[54,63,65,322,525],"class_list":["post-2115","post","type-post","status-publish","format-standard","has-post-thumbnail","hentry","category-general","category-interventions","tag-agile-lean-europe","tag-ale","tag-ale15","tag-forum-ouvert","tag-open-space"],"jetpack_publicize_connections":[],"jetpack_featured_media_url":"","jetpack_sharing_enabled":true,"jetpack_shortlink":"https:\/\/wp.me\/pazAbl-y7","_links":{"self":[{"href":"https:\/\/blog-alexis.monville.com\/fr\/wp-json\/wp\/v2\/posts\/2115","targetHints":{"allow":["GET"]}}],"collection":[{"href":"https:\/\/blog-alexis.monville.com\/fr\/wp-json\/wp\/v2\/posts"}],"about":[{"href":"https:\/\/blog-alexis.monville.com\/fr\/wp-json\/wp\/v2\/types\/post"}],"author":[{"embeddable":true,"href":"https:\/\/blog-alexis.monville.com\/fr\/wp-json\/wp\/v2\/users\/1"}],"replies":[{"embeddable":true,"href":"https:\/\/blog-alexis.monville.com\/fr\/wp-json\/wp\/v2\/comments?post=2115"}],"version-history":[{"count":0,"href":"https:\/\/blog-alexis.monville.com\/fr\/wp-json\/wp\/v2\/posts\/2115\/revisions"}],"wp:featuredmedia":[{"embeddable":true,"href":"https:\/\/blog-alexis.monville.com\/fr\/wp-json\/"}],"wp:attachment":[{"href":"https:\/\/blog-alexis.monville.com\/fr\/wp-json\/wp\/v2\/media?parent=2115"}],"wp:term":[{"taxonomy":"category","embeddable":true,"href":"https:\/\/blog-alexis.monville.com\/fr\/wp-json\/wp\/v2\/categories?post=2115"},{"taxonomy":"post_tag","embeddable":true,"href":"https:\/\/blog-alexis.monville.com\/fr\/wp-json\/wp\/v2\/tags?post=2115"}],"curies":[{"name":"wp","href":"https:\/\/api.w.org\/{rel}","templated":true}]}}