{"id":194,"date":"2008-10-11T12:44:01","date_gmt":"2008-10-11T11:44:01","guid":{"rendered":"http:\/\/alexismonville.wordpress.com\/?p=194"},"modified":"2008-10-11T12:44:01","modified_gmt":"2008-10-11T11:44:01","slug":"la-collaboration-a-limperatif","status":"publish","type":"post","link":"https:\/\/blog-alexis.monville.com\/fr\/2008\/10\/11\/la-collaboration-a-limperatif\/","title":{"rendered":"La collaboration \u00e0 l\u2019imp\u00e9ratif !"},"content":{"rendered":"<p>J\u2019ai particip\u00e9 ce 9 octobre \u00e0 une matin\u00e9e d\u2019\u00e9changes organis\u00e9e par Forrester : \u00ab\u00a0Collaboration\u00a0: Expanding Knowledge Work\u2019s Frontier\u00a0\u00bb, une trentaine de personne r\u00e9unies pour <span style=\"text-decoration:line-through\">\u00e9couter <\/span><strong>\u00e9changer avec<\/strong> les sp\u00e9cialistes du Knowledge Management et de la Business Intelligence<span style=\"text-decoration:line-through\"> pr\u00e9senter leurs analyses<\/span> (ce que je croyais en arrivant est barr\u00e9).<\/p>\n<p>L\u2019introduction de Laura Koetzle \u00e9voquait l\u2019imp\u00e9ratif de collaboration qui s\u2019imposait aux organisations, d\u2019une part, parce que c\u2019est ce que vivaient les \u00ab\u00a0clients\u00a0\u00bb sur le web et d\u2019autres part, parce que les futurs employ\u00e9s de ces organisations seraient rompus aux techniques de collaboration du web et ne comprendraient pas que cela ne puisse exister.<\/p>\n<p><strong>Du web 2.0 dans l\u2019entreprise\u00a0?<\/strong><\/p>\n<p>C\u2019est ce que pr\u00e9sentait <a href=\"http:\/\/www.forrester.com\/rb\/analyst\/walters_tim\" target=\"_blank\">Tim Walters<\/a> en proposant de d\u00e9passer la gestion de contenu pour aller vers de la gestion de contenu, de communaut\u00e9 et d\u2019exp\u00e9rience utilisateur (en anglais, cela fait WCM to WCCCM\u2026 ce qui est plus dr\u00f4le). Deux axes \u00e0 la pr\u00e9sentation donc, accepter l&rsquo;int\u00e9gration avec des communaut\u00e9s internes et externes, et am\u00e9liorer l&rsquo;exp\u00e9rience utilisateur (<em>cette traduction mot \u00e0 mot de l&rsquo;anglais ne me plait pas&#8230; auriez-vous autre chose ?<\/em>) en allant vers plus de personnalisation, de recommandation&#8230; Les questions des attentes croissantes des utilisateurs du SI et leur utilisation pour leur m\u00e9tier d&rsquo;outils disponibles \u00ab\u00a0dans le nuage\u00a0\u00bb comme facebook, twitter&#8230; ont \u00e9t\u00e9 abord\u00e9es. Plut\u00f4t r\u00e9jouissant de constater que les pratiques du web 2.0 commencent \u00e0 diffuser dans les organisations de toutes tailles et toutes natures !<\/p>\n<p><strong>Marier les informations structur\u00e9es et non structur\u00e9es !<\/strong><\/p>\n<p>La seconde partie \u00e9taient consacr\u00e9e \u00e0 la <em>Business Intelligence<\/em>. Enfin c&rsquo;est ce que je nommais comme cela, avant que les intervenants de cette pr\u00e9sentation, <a href=\"http:\/\/www.forrester.com\/rb\/analyst\/matthew_brown\" target=\"_blank\">Matthew Brown<\/a> et <a href=\"http:\/\/www.forrester.com\/rb\/analyst\/boris_evelson\" target=\"_blank\">Boris Evelson<\/a>, n&rsquo;expliquent qu&rsquo;il fallait plut\u00f4t parler d&rsquo;<em>Information Intelligence<\/em> lorsque l&rsquo;on souhaitait exploiter la richesse des informations structur\u00e9es ainsi que celles non structur\u00e9es d&rsquo;une organisation. Une am\u00e9lioration que j&rsquo;avais int\u00e9gr\u00e9 \u00e0 l&rsquo;informatique d\u00e9cisionnelle sans l&rsquo;expliquer, ce qui m&rsquo;avait mis dans l&#8217;embarras face \u00e0 un sp\u00e9cialiste de l&rsquo;informatique d\u00e9cisionnelle qui me refusait de faire une introduction sur ce que cela apportait \u00e0 la performance des organisations, arguant du fait que la BI \u00e9tait un sujet ancien et connu&#8230; Un sujet tr\u00e8s certainement \u00e0 enrichir des pratiques de collaboration issues du web !<\/p>\n<p class=\"MsoNormal\">\n","protected":false},"excerpt":{"rendered":"<p>J\u2019ai particip\u00e9 ce 9 octobre \u00e0 une matin\u00e9e d\u2019\u00e9changes organis\u00e9e par Forrester : \u00ab\u00a0Collaboration\u00a0: Expanding Knowledge Work\u2019s Frontier\u00a0\u00bb, une trentaine de personne r\u00e9unies pour \u00e9couter \u00e9changer avec les sp\u00e9cialistes du Knowledge Management et de la Business Intelligence pr\u00e9senter leurs analyses (ce que je croyais en arrivant est barr\u00e9). L\u2019introduction de Laura Koetzle \u00e9voquait l\u2019imp\u00e9ratif de [&hellip;]<\/p>\n","protected":false},"author":1,"featured_media":0,"comment_status":"open","ping_status":"open","sticky":false,"template":"","format":"standard","meta":{"jetpack_post_was_ever_published":false,"_jetpack_newsletter_access":"","_jetpack_dont_email_post_to_subs":false,"_jetpack_newsletter_tier_id":0,"_jetpack_memberships_contains_paywalled_content":false,"_jetpack_memberships_contains_paid_content":false,"footnotes":"","jetpack_publicize_message":"","jetpack_publicize_feature_enabled":true,"jetpack_social_post_already_shared":false,"jetpack_social_options":{"image_generator_settings":{"template":"highway","default_image_id":0,"font":"","enabled":false},"version":2}},"categories":[6],"tags":[111,206,386,510],"class_list":["post-194","post","type-post","status-publish","format-standard","hentry","category-general","tag-bi","tag-decisionnel","tag-information","tag-numerique"],"jetpack_publicize_connections":[],"jetpack_featured_media_url":"","jetpack_sharing_enabled":true,"jetpack_shortlink":"https:\/\/wp.me\/pazAbl-38","_links":{"self":[{"href":"https:\/\/blog-alexis.monville.com\/fr\/wp-json\/wp\/v2\/posts\/194","targetHints":{"allow":["GET"]}}],"collection":[{"href":"https:\/\/blog-alexis.monville.com\/fr\/wp-json\/wp\/v2\/posts"}],"about":[{"href":"https:\/\/blog-alexis.monville.com\/fr\/wp-json\/wp\/v2\/types\/post"}],"author":[{"embeddable":true,"href":"https:\/\/blog-alexis.monville.com\/fr\/wp-json\/wp\/v2\/users\/1"}],"replies":[{"embeddable":true,"href":"https:\/\/blog-alexis.monville.com\/fr\/wp-json\/wp\/v2\/comments?post=194"}],"version-history":[{"count":0,"href":"https:\/\/blog-alexis.monville.com\/fr\/wp-json\/wp\/v2\/posts\/194\/revisions"}],"wp:attachment":[{"href":"https:\/\/blog-alexis.monville.com\/fr\/wp-json\/wp\/v2\/media?parent=194"}],"wp:term":[{"taxonomy":"category","embeddable":true,"href":"https:\/\/blog-alexis.monville.com\/fr\/wp-json\/wp\/v2\/categories?post=194"},{"taxonomy":"post_tag","embeddable":true,"href":"https:\/\/blog-alexis.monville.com\/fr\/wp-json\/wp\/v2\/tags?post=194"}],"curies":[{"name":"wp","href":"https:\/\/api.w.org\/{rel}","templated":true}]}}