{"id":134,"date":"2008-09-03T21:14:02","date_gmt":"2008-09-03T20:14:02","guid":{"rendered":"http:\/\/alexismonville.wordpress.com\/?p=134"},"modified":"2008-09-03T21:14:02","modified_gmt":"2008-09-03T20:14:02","slug":"sommes-nous-condamnes-a-lintelligence-individuelle-et-lincapacite-collective","status":"publish","type":"post","link":"https:\/\/blog-alexis.monville.com\/fr\/2008\/09\/03\/sommes-nous-condamnes-a-lintelligence-individuelle-et-lincapacite-collective\/","title":{"rendered":"Sommes-nous condamn\u00e9s \u00e0 l&rsquo;intelligence individuelle et l&rsquo;incapacit\u00e9 collective ?"},"content":{"rendered":"<p>C&rsquo;est par cette question que d\u00e9bute l&rsquo;ouvrage de <a href=\"http:\/\/www.thetransitioner.org\/wikifr\/tiki-index.php?page=Jean-Francois%20Noubel\" target=\"_blank\">Jean-Fran\u00e7ois Noubel<\/a> : <a href=\"http:\/\/www.thetransitioner.org\/Intelligence_Collective_Revolution_Invisible_JFNoubel.pdf\" target=\"_blank\">Intelligence Collective, r\u00e9volution invisible<\/a>.<\/p>\n<p>Question difficile \u00e0 laquelle nous sommes confront\u00e9s dans la plupart des organisations qu&rsquo;elles soient publiques ou priv\u00e9es.<\/p>\n<p>Et pourtant, force est de constater que l&rsquo;intelligence individuelle est vite limit\u00e9e face \u00e0 l&rsquo;augmentation de la complexit\u00e9 des probl\u00e9matiques, et que seule une capacit\u00e9 d&rsquo;adaptation rapide des organisations leur permet de trouver des r\u00e9ponses adapt\u00e9es \u00e0 un environnement en \u00e9volution rapide.<\/p>\n<p>L&rsquo;article d&rsquo;Olivier R\u00e9aud de la soci\u00e9t\u00e9 <a href=\"http:\/\/www.inprincipo.com\/\" target=\"_blank\">In Principo<\/a> apporte une r\u00e9ponse originale \u00e0 cette question : <a title=\"Comment manager une entreprise dans une dynamique d'\u00e9cosyst\u00e8mes ?\" href=\"http:\/\/www.inprincipo.com\/fr\/manager-dans-l%E2%80%99economie-des-ecosystemes-33-comment-manager-l%E2%80%99entreprise-au-coeur-d%E2%80%99une-dynamique-d%E2%80%99e\"><span class=\"violet\">comment manager l\u2019entreprise au c\u0153ur d\u2019une dynamique d\u2019\u00e9cosyst\u00e8mes ? <\/span><\/a><\/p>\n","protected":false},"excerpt":{"rendered":"<p>C&rsquo;est par cette question que d\u00e9bute l&rsquo;ouvrage de Jean-Fran\u00e7ois Noubel : Intelligence Collective, r\u00e9volution invisible. Question difficile \u00e0 laquelle nous sommes confront\u00e9s dans la plupart des organisations qu&rsquo;elles soient publiques ou priv\u00e9es. Et pourtant, force est de constater que l&rsquo;intelligence individuelle est vite limit\u00e9e face \u00e0 l&rsquo;augmentation de la complexit\u00e9 des probl\u00e9matiques, et que seule [&hellip;]<\/p>\n","protected":false},"author":1,"featured_media":0,"comment_status":"open","ping_status":"open","sticky":false,"template":"","format":"standard","meta":{"jetpack_post_was_ever_published":false,"_jetpack_newsletter_access":"","_jetpack_dont_email_post_to_subs":false,"_jetpack_newsletter_tier_id":0,"_jetpack_memberships_contains_paywalled_content":false,"_jetpack_memberships_contains_paid_content":false,"footnotes":"","jetpack_publicize_message":"","jetpack_publicize_feature_enabled":true,"jetpack_social_post_already_shared":false,"jetpack_social_options":{"image_generator_settings":{"template":"highway","default_image_id":0,"font":"","enabled":false},"version":2}},"categories":[6],"tags":[169,184,386,390,393,460,724],"class_list":["post-134","post","type-post","status-publish","format-standard","hentry","category-general","tag-collaboration","tag-cooperation","tag-information","tag-innovation","tag-intelligence","tag-management","tag-technologies"],"jetpack_publicize_connections":[],"jetpack_featured_media_url":"","jetpack_sharing_enabled":true,"jetpack_shortlink":"https:\/\/wp.me\/pazAbl-2a","_links":{"self":[{"href":"https:\/\/blog-alexis.monville.com\/fr\/wp-json\/wp\/v2\/posts\/134","targetHints":{"allow":["GET"]}}],"collection":[{"href":"https:\/\/blog-alexis.monville.com\/fr\/wp-json\/wp\/v2\/posts"}],"about":[{"href":"https:\/\/blog-alexis.monville.com\/fr\/wp-json\/wp\/v2\/types\/post"}],"author":[{"embeddable":true,"href":"https:\/\/blog-alexis.monville.com\/fr\/wp-json\/wp\/v2\/users\/1"}],"replies":[{"embeddable":true,"href":"https:\/\/blog-alexis.monville.com\/fr\/wp-json\/wp\/v2\/comments?post=134"}],"version-history":[{"count":0,"href":"https:\/\/blog-alexis.monville.com\/fr\/wp-json\/wp\/v2\/posts\/134\/revisions"}],"wp:attachment":[{"href":"https:\/\/blog-alexis.monville.com\/fr\/wp-json\/wp\/v2\/media?parent=134"}],"wp:term":[{"taxonomy":"category","embeddable":true,"href":"https:\/\/blog-alexis.monville.com\/fr\/wp-json\/wp\/v2\/categories?post=134"},{"taxonomy":"post_tag","embeddable":true,"href":"https:\/\/blog-alexis.monville.com\/fr\/wp-json\/wp\/v2\/tags?post=134"}],"curies":[{"name":"wp","href":"https:\/\/api.w.org\/{rel}","templated":true}]}}