{"id":1178,"date":"2011-09-18T20:31:29","date_gmt":"2011-09-18T18:31:29","guid":{"rendered":"https:\/\/blog-alexis.monville.com\/?p=1178"},"modified":"2011-09-18T20:31:29","modified_gmt":"2011-09-18T18:31:29","slug":"11-septembre","status":"publish","type":"post","link":"https:\/\/blog-alexis.monville.com\/fr\/2011\/09\/18\/11-septembre\/","title":{"rendered":"11 septembre"},"content":{"rendered":"<p>Les journaux ont regorg\u00e9s d&rsquo;articles sur le 11 septembre, et Courrier International a fait de m\u00eame. Un des articles publi\u00e9s a retenu mon attention et j&rsquo;aimerais le partager ici avec vous.<br \/>\nL&rsquo;auteur, <a href=\"http:\/\/www.adorfman.duke.edu\/\">Ariel Dorfman<\/a>, a \u00e9t\u00e9 r\u00e9veill\u00e9 par les avions qui bombardaient le palais pr\u00e9sidentiel chilien le 11 septembre 1973, lors du renversement du pr\u00e9sident \u00e9lu, Salvadore Allende par Pinochet. Il \u00e9tait aussi \u00e0 New York le 11 septembre 2001&#8230;<br \/>\nLa comparaison qu&rsquo;il fait entre l&rsquo;attitude des chiliens pour r\u00e9parer cette blessure et l&rsquo;attitude des am\u00e9ricains est un point de vue essentiel&#8230;<br \/>\nCe qui l&rsquo;am\u00e8ne \u00e0 citer Gandhi qui le 11 septembre 1905 disait : \u201cLa violence ne l\u2019emportera sur la violence que lorsqu\u2019on me d\u00e9montrera que les t\u00e9n\u00e8bres peuvent \u00eatre dissip\u00e9es par les t\u00e9n\u00e8bres.\u201d<br \/>\nA lire ici : <a href=\"http:\/\/www.courrierinternational.com\/article\/2011\/09\/08\/epitaphe-pour-l-autre-11-septembre\" target=\"_blank\">http:\/\/www.courrierinternational.com\/article\/2011\/09\/08\/epitaphe-pour-l-autre-11-septembre<\/a><br \/>\nou en version originale : <a href=\"http:\/\/www.thenation.com\/article\/163056\/epitaph-another-september-11\" target=\"_blank\">http:\/\/www.thenation.com\/article\/163056\/epitaph-another-september-11<\/a><\/p>\n","protected":false},"excerpt":{"rendered":"<p>Les journaux ont regorg\u00e9s d&rsquo;articles sur le 11 septembre, et Courrier International a fait de m\u00eame. Un des articles publi\u00e9s a retenu mon attention et j&rsquo;aimerais le partager ici avec vous. L&rsquo;auteur, Ariel Dorfman, a \u00e9t\u00e9 r\u00e9veill\u00e9 par les avions qui bombardaient le palais pr\u00e9sidentiel chilien le 11 septembre 1973, lors du renversement du pr\u00e9sident [&hellip;]<\/p>\n","protected":false},"author":1,"featured_media":0,"comment_status":"open","ping_status":"open","sticky":false,"template":"","format":"standard","meta":{"jetpack_post_was_ever_published":false,"_jetpack_newsletter_access":"","_jetpack_dont_email_post_to_subs":false,"_jetpack_newsletter_tier_id":0,"_jetpack_memberships_contains_paywalled_content":false,"_jetpack_memberships_contains_paid_content":false,"footnotes":"","jetpack_publicize_message":"","jetpack_publicize_feature_enabled":true,"jetpack_social_post_already_shared":false,"jetpack_social_options":{"image_generator_settings":{"template":"highway","default_image_id":0,"font":"","enabled":false},"version":2}},"categories":[6],"tags":[22,31],"class_list":["post-1178","post","type-post","status-publish","format-standard","hentry","category-general","tag-11-septembre","tag-31"],"jetpack_publicize_connections":[],"jetpack_featured_media_url":"","jetpack_sharing_enabled":true,"jetpack_shortlink":"https:\/\/wp.me\/pazAbl-j0","_links":{"self":[{"href":"https:\/\/blog-alexis.monville.com\/fr\/wp-json\/wp\/v2\/posts\/1178","targetHints":{"allow":["GET"]}}],"collection":[{"href":"https:\/\/blog-alexis.monville.com\/fr\/wp-json\/wp\/v2\/posts"}],"about":[{"href":"https:\/\/blog-alexis.monville.com\/fr\/wp-json\/wp\/v2\/types\/post"}],"author":[{"embeddable":true,"href":"https:\/\/blog-alexis.monville.com\/fr\/wp-json\/wp\/v2\/users\/1"}],"replies":[{"embeddable":true,"href":"https:\/\/blog-alexis.monville.com\/fr\/wp-json\/wp\/v2\/comments?post=1178"}],"version-history":[{"count":0,"href":"https:\/\/blog-alexis.monville.com\/fr\/wp-json\/wp\/v2\/posts\/1178\/revisions"}],"wp:attachment":[{"href":"https:\/\/blog-alexis.monville.com\/fr\/wp-json\/wp\/v2\/media?parent=1178"}],"wp:term":[{"taxonomy":"category","embeddable":true,"href":"https:\/\/blog-alexis.monville.com\/fr\/wp-json\/wp\/v2\/categories?post=1178"},{"taxonomy":"post_tag","embeddable":true,"href":"https:\/\/blog-alexis.monville.com\/fr\/wp-json\/wp\/v2\/tags?post=1178"}],"curies":[{"name":"wp","href":"https:\/\/api.w.org\/{rel}","templated":true}]}}