{"id":999,"date":"2010-12-14T00:43:54","date_gmt":"2010-12-13T22:43:54","guid":{"rendered":"https:\/\/blog-alexis.monville.com\/?p=999"},"modified":"2010-12-14T00:43:54","modified_gmt":"2010-12-13T22:43:54","slug":"au-revoir-lydia","status":"publish","type":"post","link":"https:\/\/blog-alexis.monville.com\/en\/2010\/12\/14\/au-revoir-lydia\/","title":{"rendered":"Au revoir Lydia"},"content":{"rendered":"<p>Lydia nous a quitt\u00e9 mardi dernier.<\/p>\n<p>Je l&#8217;ai appris aujourd&#8217;hui gr\u00e2ce \u00e0 la d\u00e9marche courageuse de Muriel que je remercie ici.<\/p>\n<p>Je prends conscience aujourd&#8217;hui que si j&#8217;ai c\u00f4toy\u00e9 Lydia au cours de mon pr\u00e9c\u00e9dent job, si j&#8217;ai appr\u00e9ci\u00e9 sa gentillesse et son professionnalisme, je la connaissais peu.<\/p>\n<p>Et je ne lui ai peut-\u00eatre m\u00eame jamais dit \u00e0 quel point je l&#8217;appr\u00e9ciais.<\/p>\n<p>Aussi, je dis au revoir \u00e0 Lydia et je vous passe le message chant\u00e9 par Louis Chedid : &#8220;<a href=\"http:\/\/www.deezer.com\/fr\/#music\/louis-chedid\/on-ne-dit-jamais-assez-aux-gens-qu-on-aime-qu-on-les-aime-669989\" target=\"_blank\">On ne dit jamais assez aux gens qu&#8217;on aime qu&#8217;on les aime<\/a>&#8220;.<\/p>\n","protected":false},"excerpt":{"rendered":"<p>Lydia nous a quitt\u00e9 mardi dernier. Je l&#8217;ai appris aujourd&#8217;hui gr\u00e2ce \u00e0 la d\u00e9marche courageuse de Muriel que je remercie ici. Je prends conscience aujourd&#8217;hui que si j&#8217;ai c\u00f4toy\u00e9 Lydia au cours de mon pr\u00e9c\u00e9dent job, si j&#8217;ai appr\u00e9ci\u00e9 sa gentillesse et son professionnalisme, je la connaissais peu. Et je ne lui ai peut-\u00eatre m\u00eame [&hellip;]<\/p>\n","protected":false},"author":1,"featured_media":0,"comment_status":"open","ping_status":"open","sticky":false,"template":"","format":"standard","meta":{"advanced_seo_description":"","jetpack_seo_html_title":"","jetpack_seo_noindex":false,"jetpack_post_was_ever_published":false,"_jetpack_newsletter_access":"","_jetpack_dont_email_post_to_subs":false,"_jetpack_newsletter_tier_id":0,"_jetpack_memberships_contains_paywalled_content":false,"_jetpack_memberships_contains_paid_content":false,"footnotes":""},"categories":[1],"tags":[],"class_list":["post-999","post","type-post","status-publish","format-standard","hentry","category-all"],"jetpack_featured_media_url":"","jetpack_shortlink":"https:\/\/wp.me\/paNjQG-g7","jetpack-related-posts":[{"id":1507,"url":"https:\/\/blog-alexis.monville.com\/en\/2013\/02\/01\/tyrannie-de-la-couleur\/","url_meta":{"origin":999,"position":0},"title":"Tyrannie de la couleur","author":"Alexis","date":"February 1, 2013","format":false,"excerpt":"Cette fois c'est fait ! Il est maintenant officiellement trop tard pour que je puisse \u00e9crire un article pour vous souhaiter une excellente ann\u00e9e 2013... Mais voil\u00e0, je transgresse et vous souhaite une ann\u00e9e 2013 remplie de sant\u00e9 et de bonheur. La tyrannie de l'arc-en-ciel, est un des livres que\u2026","rel":"","context":"In &quot;General&quot;","block_context":{"text":"General","link":"https:\/\/blog-alexis.monville.com\/en\/category\/all\/"},"img":{"alt_text":"tyrannie-couleur","src":"https:\/\/i0.wp.com\/blog-alexis.monville.com\/wp-content\/uploads\/sites\/2\/2013\/02\/tyrannie-couleur.jpg?resize=350%2C200&ssl=1","width":350,"height":200},"classes":[]},{"id":723,"url":"https:\/\/blog-alexis.monville.com\/en\/2010\/01\/12\/la-cantine-2-ans\/","url_meta":{"origin":999,"position":1},"title":"La Cantine . . . . . . 2 ans !","author":"Alexis","date":"January 12, 2010","format":false,"excerpt":"Un cadeau pour les deux ans de La Cantine ? Je me suis dit : \"facile ! Je vais raconter ma premi\u00e8re fois...\" Seulement voil\u00e0, c'\u00e9tait quand la premi\u00e8re fois ? \u00c9tait-ce \u00e0 l'occasion de cet ExplorCamp du mois d'Avril 2008 ? A moins que ce ne soit pour un\u2026","rel":"","context":"In &quot;Explorateurs&quot;","block_context":{"text":"Explorateurs","link":"https:\/\/blog-alexis.monville.com\/en\/category\/explorateurs\/"},"img":{"alt_text":"cantine","src":"https:\/\/i0.wp.com\/blog-alexis.monville.com\/files\/2010\/01\/cantine-300x231.jpg?resize=350%2C200&ssl=1","width":350,"height":200},"classes":[]},{"id":1746,"url":"https:\/\/blog-alexis.monville.com\/en\/2014\/02\/09\/agile-games-france\/","url_meta":{"origin":999,"position":2},"title":"Agile Games France","author":"Alexis","date":"February 9, 2014","format":false,"excerpt":"La troisi\u00e8me \u00e9dition de l'Open Space consacr\u00e9 aux jeux d'entreprises agile s'est d\u00e9roul\u00e9e \u00e0 Lyon les 7 et 8 f\u00e9vrier. Le succ\u00e8s des 2 pr\u00e9c\u00e9dentes \u00e9ditions (\u00e0 Nantes en 2012 et \u00e0 Avignon en 2013) ainsi que la limite \u00e0 60 personnes ont fait que les places \u00e9taient vendues en\u2026","rel":"","context":"In &quot;General&quot;","block_context":{"text":"General","link":"https:\/\/blog-alexis.monville.com\/en\/category\/all\/"},"img":{"alt_text":"","src":"https:\/\/i0.wp.com\/blog-alexis.monville.com\/en\/wp-content\/uploads\/sites\/2\/2014\/02\/2014-02-07-11.34.08-scaled.jpg?fit=1200%2C900&ssl=1&resize=350%2C200","width":350,"height":200,"srcset":"https:\/\/i0.wp.com\/blog-alexis.monville.com\/en\/wp-content\/uploads\/sites\/2\/2014\/02\/2014-02-07-11.34.08-scaled.jpg?fit=1200%2C900&ssl=1&resize=350%2C200 1x, https:\/\/i0.wp.com\/blog-alexis.monville.com\/en\/wp-content\/uploads\/sites\/2\/2014\/02\/2014-02-07-11.34.08-scaled.jpg?fit=1200%2C900&ssl=1&resize=525%2C300 1.5x, https:\/\/i0.wp.com\/blog-alexis.monville.com\/en\/wp-content\/uploads\/sites\/2\/2014\/02\/2014-02-07-11.34.08-scaled.jpg?fit=1200%2C900&ssl=1&resize=700%2C400 2x, https:\/\/i0.wp.com\/blog-alexis.monville.com\/en\/wp-content\/uploads\/sites\/2\/2014\/02\/2014-02-07-11.34.08-scaled.jpg?fit=1200%2C900&ssl=1&resize=1050%2C600 3x"},"classes":[]},{"id":1624,"url":"https:\/\/blog-alexis.monville.com\/en\/2013\/07\/02\/jai-une-fille\/","url_meta":{"origin":999,"position":3},"title":"J&#8217;ai une fille&#8230;","author":"Alexis","date":"July 2, 2013","format":false,"excerpt":"J'ai une fille... J'ai une fille formidable... En fait, j'ai m\u00eame 2 filles formidables. Mais ce soir, je voudrais vous parler du plaisir que j'ai eu \u00e0 voir l'une d'elles d\u00e9clamer sur sc\u00e8ne le po\u00e8me de Sarah Kay : Si je devais avoir une fille. Ca doit \u00eatre cela la\u2026","rel":"","context":"In &quot;General&quot;","block_context":{"text":"General","link":"https:\/\/blog-alexis.monville.com\/en\/category\/all\/"},"img":{"alt_text":"","src":"https:\/\/i0.wp.com\/blog-alexis.monville.com\/en\/wp-content\/uploads\/sites\/2\/2013\/07\/SARAH-KAY.jpg?fit=1200%2C800&ssl=1&resize=350%2C200","width":350,"height":200,"srcset":"https:\/\/i0.wp.com\/blog-alexis.monville.com\/en\/wp-content\/uploads\/sites\/2\/2013\/07\/SARAH-KAY.jpg?fit=1200%2C800&ssl=1&resize=350%2C200 1x, https:\/\/i0.wp.com\/blog-alexis.monville.com\/en\/wp-content\/uploads\/sites\/2\/2013\/07\/SARAH-KAY.jpg?fit=1200%2C800&ssl=1&resize=525%2C300 1.5x, https:\/\/i0.wp.com\/blog-alexis.monville.com\/en\/wp-content\/uploads\/sites\/2\/2013\/07\/SARAH-KAY.jpg?fit=1200%2C800&ssl=1&resize=700%2C400 2x, https:\/\/i0.wp.com\/blog-alexis.monville.com\/en\/wp-content\/uploads\/sites\/2\/2013\/07\/SARAH-KAY.jpg?fit=1200%2C800&ssl=1&resize=1050%2C600 3x"},"classes":[]},{"id":96,"url":"https:\/\/blog-alexis.monville.com\/en\/2008\/05\/28\/civilisation-du-numerique\/","url_meta":{"origin":999,"position":4},"title":"Civilisation du num\u00e9rique","author":"Alexis","date":"May 28, 2008","format":false,"excerpt":"Civilisation du num\u00e9rique : Controle et responsabilisation C'est le titre de la conf\u00e9rence que Jo\u00ebl de Rosnay a donn\u00e9e le 28 mai \u00e0 la Cit\u00e9 des Sciences, j'avais suivis les pr\u00e9c\u00e9dentes conf\u00e9rences du cycle : \"En 2030, vivrons-nous en r\u00e9seau ?\" en diff\u00e9r\u00e9 et par Internet... Cette fois, j'avais fait\u2026","rel":"","context":"In &quot;General&quot;","block_context":{"text":"General","link":"https:\/\/blog-alexis.monville.com\/en\/category\/all\/"},"img":{"alt_text":"","src":"","width":0,"height":0},"classes":[]},{"id":1034,"url":"https:\/\/blog-alexis.monville.com\/en\/2011\/02\/03\/lift11-premiere-journee\/","url_meta":{"origin":999,"position":5},"title":"Lift11 : premi\u00e8re journ\u00e9e","author":"Alexis","date":"February 3, 2011","format":false,"excerpt":"Arriv\u00e9e \u00e0 Lift juste avant le d\u00e9jeuner, premi\u00e8re impression tr\u00e8s positive, les gens que je croise sont tranquilles et accueillants. Je d\u00e9jeune avec une partie de l'\u00e9quipe qui fait la r\u00e9gie, ce qui me permet d'apprendre pourquoi les micro-casques c'est si compliqu\u00e9... et pourquoi il n'y en a pas en\u2026","rel":"","context":"In &quot;Europe&quot;","block_context":{"text":"Europe","link":"https:\/\/blog-alexis.monville.com\/en\/category\/international\/europe\/"},"img":{"alt_text":"","src":"https:\/\/i0.wp.com\/blog-alexis.monville.com\/files\/2011\/02\/IMG_0581-300x300.jpg?resize=350%2C200&ssl=1","width":350,"height":200},"classes":[]}],"jetpack_sharing_enabled":true,"_links":{"self":[{"href":"https:\/\/blog-alexis.monville.com\/en\/wp-json\/wp\/v2\/posts\/999","targetHints":{"allow":["GET"]}}],"collection":[{"href":"https:\/\/blog-alexis.monville.com\/en\/wp-json\/wp\/v2\/posts"}],"about":[{"href":"https:\/\/blog-alexis.monville.com\/en\/wp-json\/wp\/v2\/types\/post"}],"author":[{"embeddable":true,"href":"https:\/\/blog-alexis.monville.com\/en\/wp-json\/wp\/v2\/users\/1"}],"replies":[{"embeddable":true,"href":"https:\/\/blog-alexis.monville.com\/en\/wp-json\/wp\/v2\/comments?post=999"}],"version-history":[{"count":0,"href":"https:\/\/blog-alexis.monville.com\/en\/wp-json\/wp\/v2\/posts\/999\/revisions"}],"wp:attachment":[{"href":"https:\/\/blog-alexis.monville.com\/en\/wp-json\/wp\/v2\/media?parent=999"}],"wp:term":[{"taxonomy":"category","embeddable":true,"href":"https:\/\/blog-alexis.monville.com\/en\/wp-json\/wp\/v2\/categories?post=999"},{"taxonomy":"post_tag","embeddable":true,"href":"https:\/\/blog-alexis.monville.com\/en\/wp-json\/wp\/v2\/tags?post=999"}],"curies":[{"name":"wp","href":"https:\/\/api.w.org\/{rel}","templated":true}]}}