{"id":967,"date":"2010-12-02T23:09:19","date_gmt":"2010-12-02T21:09:19","guid":{"rendered":"https:\/\/blog-alexis.monville.com\/?p=967"},"modified":"2010-12-02T23:09:19","modified_gmt":"2010-12-02T21:09:19","slug":"menottes-numeriques","status":"publish","type":"post","link":"https:\/\/blog-alexis.monville.com\/en\/2010\/12\/02\/menottes-numeriques\/","title":{"rendered":"Menottes num\u00e9riques"},"content":{"rendered":"<p><a href=\"http:\/\/www.april.org\/publication-april-synthese-sur-les-drm\"><img data-recalc-dims=\"1\" loading=\"lazy\" decoding=\"async\" class=\"alignleft\" style=\"margin: 10px;\" src=\"https:\/\/i0.wp.com\/www.april.org\/sites\/default\/files\/synthese_DRM_April.png?resize=206%2C292\" alt=\"\" width=\"206\" height=\"292\" \/><\/a>Des menottes num\u00e9riques ? Qu&#8217;est-ce que cela peut vouloir dire ? Pourquoi donc faire r\u00e9f\u00e9rence \u00e0 des menottes pour parler des DRM (Digital Rights Management) soit gestion des droits num\u00e9riques.<\/p>\n<p>Mais de quel droit parle-t-on ? Le droit de l&#8217;auteur, de l&#8217;ayant-droit ou celui de l&#8217;utilisateur ? A moins que ce ne soit le droit du censeur ?<\/p>\n<p>Ces dispositifs de contr\u00f4le d&#8217;usage que la loi interdit de contourner depuis 1996 emp\u00eachant ainsi la lecture de certaines oeuvres num\u00e9riques (livre, musique, film) sur des ordinateurs \u00e9quip\u00e9s de logiciel libre font l&#8217;objet d&#8217;une <a href=\"http:\/\/www.april.org\/publication-april-synthese-sur-les-drm\" target=\"_blank\">excellente synth\u00e8se publi\u00e9e par l&#8217;April<\/a> dont je vous recommande la lecture.<\/p>\n","protected":false},"excerpt":{"rendered":"<p>Des menottes num\u00e9riques ? Qu&#8217;est-ce que cela peut vouloir dire ? Pourquoi donc faire r\u00e9f\u00e9rence \u00e0 des menottes pour parler des DRM (Digital Rights Management) soit gestion des droits num\u00e9riques. Mais de quel droit parle-t-on ? Le droit de l&#8217;auteur, de l&#8217;ayant-droit ou celui de l&#8217;utilisateur ? A moins que ce ne soit le droit [&hellip;]<\/p>\n","protected":false},"author":1,"featured_media":0,"comment_status":"open","ping_status":"open","sticky":false,"template":"","format":"standard","meta":{"advanced_seo_description":"","jetpack_seo_html_title":"","jetpack_seo_noindex":false,"jetpack_post_was_ever_published":false,"_jetpack_newsletter_access":"","_jetpack_dont_email_post_to_subs":false,"_jetpack_newsletter_tier_id":0,"_jetpack_memberships_contains_paywalled_content":false,"_jetpack_memberships_contains_paid_content":false,"footnotes":""},"categories":[1],"tags":[276],"class_list":["post-967","post","type-post","status-publish","format-standard","hentry","category-all","tag-logiciel-libre"],"jetpack_featured_media_url":"","jetpack_shortlink":"https:\/\/wp.me\/paNjQG-fB","jetpack-related-posts":[{"id":856,"url":"https:\/\/blog-alexis.monville.com\/en\/2010\/06\/27\/droit-dauteur-equitable\/","url_meta":{"origin":967,"position":0},"title":"Droit d&#8217;auteur \u00e9quitable","author":"Alexis","date":"June 27, 2010","format":false,"excerpt":"Les \u00e9tudiants canadiens ont produit cette vid\u00e9o d'information pour d\u00e9fendre un droit d'auteur \u00e9quitable. Cette excellente vid\u00e9o est reprise dans un article de Numerama. ACTA peut-\u00eatre un tr\u00e8s bon sujet de vid\u00e9os bien sur, et d'actions surtout, \u00e0 lire le communiqu\u00e9 de presse suite \u00e0 une rencontre entre les repr\u00e9sentants\u2026","rel":"","context":"In &quot;General&quot;","block_context":{"text":"General","link":"https:\/\/blog-alexis.monville.com\/en\/category\/all\/"},"img":{"alt_text":"","src":"https:\/\/i0.wp.com\/blog-alexis.monville.com\/wp-content\/uploads\/sites\/2\/2010\/06\/droit-auteur-equitable.jpg?resize=350%2C200&ssl=1","width":350,"height":200},"classes":[]},{"id":874,"url":"https:\/\/blog-alexis.monville.com\/en\/2010\/08\/01\/la-revolution-du-logiciel-libre\/","url_meta":{"origin":967,"position":1},"title":"La r\u00e9volution du logiciel libre","author":"Alexis","date":"August 1, 2010","format":false,"excerpt":"Richard Stallman et la r\u00e9volution du logiciel, une biographie autoris\u00e9e, par\u00a0Sam Williams, Richard Stallman et Christophe Masutti \u00e0 l'origine du projet de traduction. La construction de l'ouvrage \u00e0 deux voix est tr\u00e8s int\u00e9ressante, le point de vue de Sam Williams est en effet pond\u00e9r\u00e9 tout le long de l'ouvrage par\u2026","rel":"","context":"In &quot;General&quot;","block_context":{"text":"General","link":"https:\/\/blog-alexis.monville.com\/en\/category\/all\/"},"img":{"alt_text":"","src":"https:\/\/i0.wp.com\/www.framabook.org\/images\/framabook6-stallman-medium.jpg?resize=350%2C200","width":350,"height":200},"classes":[]},{"id":1022,"url":"https:\/\/blog-alexis.monville.com\/en\/2011\/01\/09\/dividende-universel\/","url_meta":{"origin":967,"position":2},"title":"Dividende universel","author":"Alexis","date":"January 9, 2011","format":false,"excerpt":"St\u00e9phane Laborde est intervenu lors de l'\u00e9mission Symbiose sur radio libertaire diffus\u00e9 sur dogmazic\u00a0(faire un don ici) pour parler de son livre sur la th\u00e9orie relative de la monnaie. Une occasion \u00e9galement de comprendre ce qu'est la monnaie, qui permet de favoriser les \u00e9changes au dela du troc et les\u2026","rel":"","context":"In &quot;General&quot;","block_context":{"text":"General","link":"https:\/\/blog-alexis.monville.com\/en\/category\/all\/"},"img":{"alt_text":"","src":"","width":0,"height":0},"classes":[]},{"id":948,"url":"https:\/\/blog-alexis.monville.com\/en\/2010\/11\/15\/logiciels-libres-a-partager-sans-compter\/","url_meta":{"origin":967,"position":3},"title":"Logiciels libres \u00e0 partager sans compter !","author":"Alexis","date":"November 15, 2010","format":false,"excerpt":"Cette affiche est le support d'une nouvelle campagne en faveur du logiciel libre dans l'\u00e9ducation. Bravo \u00e0 l'auteur, Antoine Bardelli ! Faites passer ! L'affiche est disponible en de nombreux formats pour impression ou web. En bas \u00e0 droite, les logos de l'April et de Framasoft que vous pouvez (devez\u2026","rel":"","context":"In &quot;General&quot;","block_context":{"text":"General","link":"https:\/\/blog-alexis.monville.com\/en\/category\/all\/"},"img":{"alt_text":"","src":"https:\/\/i0.wp.com\/blog-alexis.monville.com\/files\/2010\/11\/logiciel_libre_a_partager-212x300.png?resize=350%2C200&ssl=1","width":350,"height":200},"classes":[]},{"id":284,"url":"https:\/\/blog-alexis.monville.com\/en\/2008\/12\/10\/declaration-universelle-des-droits-de-lhomme\/","url_meta":{"origin":967,"position":4},"title":"D\u00e9claration universelle des droits de l&#8217;homme","author":"Alexis","date":"December 10, 2008","format":false,"excerpt":"C'est aujourd'hui le 60\u00e8me anniversaire de la D\u00e9claration universelle des droits de l'homme. L'occasion de relire ces 30 articles ? Courrier International a fait un dossier sur le sujet.","rel":"","context":"In &quot;International&quot;","block_context":{"text":"International","link":"https:\/\/blog-alexis.monville.com\/en\/category\/international\/"},"img":{"alt_text":"","src":"https:\/\/i0.wp.com\/www.courrierinternational.com\/illustrations\/article\/2008\/12\/i92228DRH.jpg?resize=350%2C200","width":350,"height":200},"classes":[]},{"id":866,"url":"https:\/\/blog-alexis.monville.com\/en\/2010\/07\/08\/ethique-du-numerique\/","url_meta":{"origin":967,"position":5},"title":"Ethique du num\u00e9rique","author":"Alexis","date":"July 8, 2010","format":false,"excerpt":"Ce mercredi 7 juillet, j'\u00e9tais invit\u00e9 (avec une bonne centaine d'autres) \u00e0 un atelier participatif : \"Qu'est-ce qu'une loi 2.0 ?\". Cette r\u00e9union \u00e9tait organis\u00e9e par les parlementaires UMP pour prolonger les travaux du rapport Vive internet ! Libert\u00e9 et r\u00e8gles dans le monde num\u00e9rique. La parole est donn\u00e9e sur\u2026","rel":"","context":"In &quot;General&quot;","block_context":{"text":"General","link":"https:\/\/blog-alexis.monville.com\/en\/category\/all\/"},"img":{"alt_text":"","src":"https:\/\/i0.wp.com\/blog-alexis.monville.com\/wp-content\/uploads\/sites\/2\/2010\/07\/Capture-d%E2%80%99%C3%A9cran-2010-07-08-%C3%A0-09.43.11.png?resize=350%2C200&ssl=1","width":350,"height":200},"classes":[]}],"jetpack_sharing_enabled":true,"_links":{"self":[{"href":"https:\/\/blog-alexis.monville.com\/en\/wp-json\/wp\/v2\/posts\/967","targetHints":{"allow":["GET"]}}],"collection":[{"href":"https:\/\/blog-alexis.monville.com\/en\/wp-json\/wp\/v2\/posts"}],"about":[{"href":"https:\/\/blog-alexis.monville.com\/en\/wp-json\/wp\/v2\/types\/post"}],"author":[{"embeddable":true,"href":"https:\/\/blog-alexis.monville.com\/en\/wp-json\/wp\/v2\/users\/1"}],"replies":[{"embeddable":true,"href":"https:\/\/blog-alexis.monville.com\/en\/wp-json\/wp\/v2\/comments?post=967"}],"version-history":[{"count":0,"href":"https:\/\/blog-alexis.monville.com\/en\/wp-json\/wp\/v2\/posts\/967\/revisions"}],"wp:attachment":[{"href":"https:\/\/blog-alexis.monville.com\/en\/wp-json\/wp\/v2\/media?parent=967"}],"wp:term":[{"taxonomy":"category","embeddable":true,"href":"https:\/\/blog-alexis.monville.com\/en\/wp-json\/wp\/v2\/categories?post=967"},{"taxonomy":"post_tag","embeddable":true,"href":"https:\/\/blog-alexis.monville.com\/en\/wp-json\/wp\/v2\/tags?post=967"}],"curies":[{"name":"wp","href":"https:\/\/api.w.org\/{rel}","templated":true}]}}