{"id":961,"date":"2010-11-21T20:01:45","date_gmt":"2010-11-21T18:01:45","guid":{"rendered":"https:\/\/blog-alexis.monville.com\/?p=961"},"modified":"2010-11-21T20:01:45","modified_gmt":"2010-11-21T18:01:45","slug":"un-jour-une-oeuvre-au-carrefour-des-possibles","status":"publish","type":"post","link":"https:\/\/blog-alexis.monville.com\/en\/2010\/11\/21\/un-jour-une-oeuvre-au-carrefour-des-possibles\/","title":{"rendered":"Un Jour Une Oeuvre au Carrefour des Possibles !"},"content":{"rendered":"<p><a href=\"http:\/\/ujuo.org\"><img data-recalc-dims=\"1\" loading=\"lazy\" decoding=\"async\" data-attachment-id=\"964\" data-permalink=\"https:\/\/blog-alexis.monville.com\/en\/2010\/11\/21\/un-jour-une-oeuvre-au-carrefour-des-possibles\/logo-ujuo-200\/\" data-orig-file=\"https:\/\/i0.wp.com\/blog-alexis.monville.com\/en\/wp-content\/uploads\/sites\/2\/2010\/11\/logo-ujuo-200.gif?fit=200%2C200&amp;ssl=1\" data-orig-size=\"200,200\" data-comments-opened=\"1\" data-image-meta=\"{&quot;aperture&quot;:&quot;0&quot;,&quot;credit&quot;:&quot;&quot;,&quot;camera&quot;:&quot;&quot;,&quot;caption&quot;:&quot;&quot;,&quot;created_timestamp&quot;:&quot;0&quot;,&quot;copyright&quot;:&quot;&quot;,&quot;focal_length&quot;:&quot;0&quot;,&quot;iso&quot;:&quot;0&quot;,&quot;shutter_speed&quot;:&quot;0&quot;,&quot;title&quot;:&quot;&quot;}\" data-image-title=\"logo-ujuo-200\" data-image-description=\"\" data-image-caption=\"\" data-large-file=\"https:\/\/i0.wp.com\/blog-alexis.monville.com\/en\/wp-content\/uploads\/sites\/2\/2010\/11\/logo-ujuo-200.gif?fit=200%2C200&amp;ssl=1\" class=\"alignleft size-full wp-image-964\" title=\"logo-ujuo-200\" src=\"https:\/\/i0.wp.com\/blog-alexis.monville.com\/wp-content\/uploads\/sites\/2\/2010\/11\/logo-ujuo-200.gif?resize=200%2C200&#038;ssl=1\" alt=\"\" width=\"200\" height=\"200\" srcset=\"https:\/\/i0.wp.com\/blog-alexis.monville.com\/en\/wp-content\/uploads\/sites\/2\/2010\/11\/logo-ujuo-200.gif?w=200&amp;ssl=1 200w, https:\/\/i0.wp.com\/blog-alexis.monville.com\/en\/wp-content\/uploads\/sites\/2\/2010\/11\/logo-ujuo-200.gif?resize=150%2C150&amp;ssl=1 150w\" sizes=\"auto, (max-width: 200px) 100vw, 200px\" \/><\/a><a href=\"http:\/\/ujuo.org\" target=\"_blank\">Un Jour Une Oeuvre<\/a> (UJUO) sera pr\u00e9sent\u00e9 au <a href=\"http:\/\/fing.org\/?page=evenement&amp;id=227\" target=\"_blank\">Carrefour des Possibles<\/a> du 29 novembre 2010. J\u2019ai d\u00e9j\u00e0 eu le plaisir de r\u00e9p\u00e9ter devant les regards attentifs d\u2019Ivan et Jean-Fran\u00e7ois et leurs retours m\u2019ont permis d\u2019\u00eatre \u00abassez \u00e0 l\u2019aise\u00bb lors du brief de s\u00e9lection.<\/p>\n<p>Je vous encourage \u00e0 r\u00e9server votre date et \u00e0 vous inscrire :<\/p>\n<p><a href=\"http:\/\/fing.org\/?page=evenement&amp;id=227\" target=\"_blank\">http:\/\/fing.org\/?page=evenement&amp;id=227 <\/a><\/p>\n<p>Actualit\u00e9 charg\u00e9e pour l\u2019\u00e9quipe de b\u00e9n\u00e9voles de notre \u00e9quipe puisque nous serons pr\u00e9sents le mercredi 24 novembre sur le stand SCEREN\/CNDP (Centre National de la P\u00e9dagogie) au salon de l\u2019\u00e9ducation. Venez-nous retrouvez pour \u00e9changer sur l\u2019attention, la p\u00e9dagogie, l\u2019art, la culture\u2026 et ce que peut \u00eatre et devenir UJUO !<\/p>\n","protected":false},"excerpt":{"rendered":"<p>Un Jour Une Oeuvre (UJUO) sera pr\u00e9sent\u00e9 au Carrefour des Possibles du 29 novembre 2010. J\u2019ai d\u00e9j\u00e0 eu le plaisir de r\u00e9p\u00e9ter devant les regards attentifs d\u2019Ivan et Jean-Fran\u00e7ois et leurs retours m\u2019ont permis d\u2019\u00eatre \u00abassez \u00e0 l\u2019aise\u00bb lors du brief de s\u00e9lection. Je vous encourage \u00e0 r\u00e9server votre date et \u00e0 vous inscrire : [&hellip;]<\/p>\n","protected":false},"author":1,"featured_media":0,"comment_status":"open","ping_status":"open","sticky":false,"template":"","format":"standard","meta":{"advanced_seo_description":"","jetpack_seo_html_title":"","jetpack_seo_noindex":false,"jetpack_post_was_ever_published":false,"_jetpack_newsletter_access":"","_jetpack_dont_email_post_to_subs":false,"_jetpack_newsletter_tier_id":0,"_jetpack_memberships_contains_paywalled_content":false,"_jetpack_memberships_contains_paid_content":false,"footnotes":""},"categories":[8],"tags":[],"class_list":["post-961","post","type-post","status-publish","format-standard","hentry","category-interventions"],"jetpack_featured_media_url":"","jetpack_shortlink":"https:\/\/wp.me\/paNjQG-fv","jetpack-related-posts":[{"id":378,"url":"https:\/\/blog-alexis.monville.com\/en\/2009\/02\/03\/un-jour-une-oeuvre-3\/","url_meta":{"origin":961,"position":0},"title":"Un Jour Une Oeuvre","author":"Alexis","date":"February 3, 2009","format":false,"excerpt":"Un Jour Une Oeuvre s'int\u00e9resse \u00e0 la peinture, la sculpture, la photographie, une \u0153uvre d\u2019art est propos\u00e9e chaque jour pour partager nos regards sur l'art. Quelques nouvelles de ce site Internet : Une nouvelle pr\u00e9sentation voulant donner plus de place aux oeuvres est en ligne depuis quelques jours (voir l'aper\u00e7u\u2026","rel":"","context":"In &quot;General&quot;","block_context":{"text":"General","link":"https:\/\/blog-alexis.monville.com\/en\/category\/all\/"},"img":{"alt_text":"ujuo","src":"https:\/\/i0.wp.com\/blog-alexis.monville.com\/wp-content\/uploads\/sites\/2\/2009\/01\/ujuo.jpg?resize=350%2C200&ssl=1","width":350,"height":200},"classes":[]},{"id":602,"url":"https:\/\/blog-alexis.monville.com\/en\/2009\/06\/19\/un-jour-une-oeuvre-1-an\/","url_meta":{"origin":961,"position":1},"title":"Un Jour Une Oeuvre (1 an)","author":"Alexis","date":"June 19, 2009","format":false,"excerpt":"Les superbes photographies de Sylvie Le Bars m'ont donn\u00e9es envie de faire un petit article illustr\u00e9 sur le premier anniversaire du site Internet Un Jour Une Oeuvre. Pour f\u00eater cette premi\u00e8re ann\u00e9e, nous avions rendez-vous pour une cinqui\u00e8me session d'Un Jour Une Oeuvre en direct, au mus\u00e9e Eug\u00e8ne Delacroix. Spei\u2026","rel":"","context":"In &quot;General&quot;","block_context":{"text":"General","link":"https:\/\/blog-alexis.monville.com\/en\/category\/all\/"},"img":{"alt_text":"","src":"https:\/\/i0.wp.com\/farm3.static.flickr.com\/2471\/3629471432_c28076dc07_m_d.jpg?resize=350%2C200","width":350,"height":200},"classes":[]},{"id":1101,"url":"https:\/\/blog-alexis.monville.com\/en\/2011\/05\/09\/ujuo-sur-solutions-linux\/","url_meta":{"origin":961,"position":2},"title":"UJUO sur Solutions Linux","author":"Alexis","date":"May 9, 2011","format":false,"excerpt":"Ce mercredi 11 mai \u00e0 11h00, la p\u00e9dagogie de l'attention Un Jour Une Oeuvre sera pr\u00e9sent\u00e9e lors de la table-ronde : \"La diversit\u00e9 dans le libre \u00e9ducatif\". Regardons Ensemble ! Un Jour Une Oeuvre est une aventure transposant l'approche\u00a0collaborative pratiqu\u00e9e dans le monde du logiciel libre dans le but de\u00a0permettre\u2026","rel":"","context":"In &quot;ayeba&quot;","block_context":{"text":"ayeba","link":"https:\/\/blog-alexis.monville.com\/en\/category\/ayeba\/"},"img":{"alt_text":"","src":"https:\/\/i0.wp.com\/ujuo.org\/wp-content\/uploads\/HLIC\/cd47d7a5964a35b751239b7a767a98b0.gif?resize=350%2C200","width":350,"height":200},"classes":[]},{"id":291,"url":"https:\/\/blog-alexis.monville.com\/en\/2008\/12\/17\/mantegnaun-jour-une-oeuvre-au-louvre\/","url_meta":{"origin":961,"position":3},"title":"Un Jour Une \u0152uvre au Louvre","author":"Alexis","date":"December 17, 2008","format":false,"excerpt":"Ce mercredi 12 d\u00e9cembre, nous nous sommes retrouv\u00e9s au Louvre pour visiter l\u2019exposition consacr\u00e9e \u00e0 Mantegna. Nous\u00a0? Nous c\u2019est Ivan (qui raconte l\u2019exp\u00e9rience sur son blog), Jean-Fran\u00e7ois et moi, trois parmi ceux qui avaient envie de participer \u00e0 cette exp\u00e9rience de mutualisation des regards dans le monde r\u00e9el, exp\u00e9rience que\u2026","rel":"","context":"In &quot;General&quot;","block_context":{"text":"General","link":"https:\/\/blog-alexis.monville.com\/en\/category\/all\/"},"img":{"alt_text":"","src":"http:\/\/upload.wikimedia.org\/wikipedia\/commons\/thumb\/4\/4d\/Andrea_Mantegna_089.jpg\/257px-Andrea_Mantegna_089.jpg","width":350,"height":200},"classes":[]},{"id":318,"url":"https:\/\/blog-alexis.monville.com\/en\/2009\/01\/18\/un-jour-une-oeuvre-en-direct\/","url_meta":{"origin":961,"position":4},"title":"Un Jour Une Oeuvre en direct","author":"Alexis","date":"January 18, 2009","format":false,"excerpt":"14 janvier 2009, 17h00, Saint-Germain-des-Pr\u00e9s, une nouvelle session d'Un Jour Une \u0152uvre en direct commence, nous sommes quatre et nous visiterons quatre galeries. Ivan raconte notre excursion sur son blog : Alexis, Sylvie, Mana et Ivan. Mantegna m'a paru finalement beaucoup plus simple d'acc\u00e8s que ces oeuvres plus proches de\u2026","rel":"","context":"In &quot;General&quot;","block_context":{"text":"General","link":"https:\/\/blog-alexis.monville.com\/en\/category\/all\/"},"img":{"alt_text":"1967-luciano-fabro-contatto-tautologia","src":"https:\/\/i0.wp.com\/blog-alexis.monville.com\/wp-content\/uploads\/sites\/2\/2009\/01\/1967-luciano-fabro-contatto-tautologia.jpg?resize=350%2C200&ssl=1","width":350,"height":200},"classes":[]},{"id":587,"url":"https:\/\/blog-alexis.monville.com\/en\/2009\/06\/05\/carrefour-des-possibles-2\/","url_meta":{"origin":961,"position":5},"title":"Carrefour des Possibles","author":"Alexis","date":"June 5, 2009","format":false,"excerpt":"Le 60\u00e8me carrefour des possibles s'est d\u00e9roul\u00e9 ce jeudi 4 juin \u00e0 la bourse du commerce de Paris. 10 projets ont \u00e9t\u00e9 pr\u00e9sent\u00e9s en respectant les principes de diversit\u00e9 autant dans les publics vis\u00e9s que dans les stades de d\u00e9veloppement : Moobz (moobz.fr) : Une solution de visualisation en 3\u2026","rel":"","context":"In &quot;Explorateurs&quot;","block_context":{"text":"Explorateurs","link":"https:\/\/blog-alexis.monville.com\/en\/category\/explorateurs\/"},"img":{"alt_text":"","src":"https:\/\/i0.wp.com\/www.carrefourdespossibles.org\/images\/carrefour\/logo.gif?resize=350%2C200","width":350,"height":200},"classes":[]}],"jetpack_sharing_enabled":true,"_links":{"self":[{"href":"https:\/\/blog-alexis.monville.com\/en\/wp-json\/wp\/v2\/posts\/961","targetHints":{"allow":["GET"]}}],"collection":[{"href":"https:\/\/blog-alexis.monville.com\/en\/wp-json\/wp\/v2\/posts"}],"about":[{"href":"https:\/\/blog-alexis.monville.com\/en\/wp-json\/wp\/v2\/types\/post"}],"author":[{"embeddable":true,"href":"https:\/\/blog-alexis.monville.com\/en\/wp-json\/wp\/v2\/users\/1"}],"replies":[{"embeddable":true,"href":"https:\/\/blog-alexis.monville.com\/en\/wp-json\/wp\/v2\/comments?post=961"}],"version-history":[{"count":0,"href":"https:\/\/blog-alexis.monville.com\/en\/wp-json\/wp\/v2\/posts\/961\/revisions"}],"wp:attachment":[{"href":"https:\/\/blog-alexis.monville.com\/en\/wp-json\/wp\/v2\/media?parent=961"}],"wp:term":[{"taxonomy":"category","embeddable":true,"href":"https:\/\/blog-alexis.monville.com\/en\/wp-json\/wp\/v2\/categories?post=961"},{"taxonomy":"post_tag","embeddable":true,"href":"https:\/\/blog-alexis.monville.com\/en\/wp-json\/wp\/v2\/tags?post=961"}],"curies":[{"name":"wp","href":"https:\/\/api.w.org\/{rel}","templated":true}]}}