{"id":950,"date":"2010-11-17T19:42:31","date_gmt":"2010-11-17T17:42:31","guid":{"rendered":"https:\/\/blog-alexis.monville.com\/?p=950"},"modified":"2010-11-17T19:42:31","modified_gmt":"2010-11-17T17:42:31","slug":"trio-laid","status":"publish","type":"post","link":"https:\/\/blog-alexis.monville.com\/en\/2010\/11\/17\/trio-laid\/","title":{"rendered":"Trio Laid"},"content":{"rendered":"<p><a href=\"http:\/\/www.myspace.com\/triolaid\"><img data-recalc-dims=\"1\" loading=\"lazy\" decoding=\"async\" class=\"alignnone\" src=\"https:\/\/i0.wp.com\/c2.ac-images.myspacecdn.com\/images02\/121\/l_65b8d47ed1c74f96bbefdb0c4950c819.jpg?resize=480%2C481\" alt=\"\" width=\"480\" height=\"481\" \/><\/a><\/p>\n<p>Cette illustration est celle de l&#8217;Album de d\u00e9mo du <a href=\"http:\/\/www.myspace.com\/triolaid\" target=\"_blank\">Trio Laid<\/a>. Fantastique Trio Laid devrais-je dire ! Quel spectacle, quel jeu ! Je les ai d\u00e9couvert lors de l&#8217;anniversaire de l&#8217;ami Ivan (50 quand m\u00eame) et m\u00eame dans l&#8217;espace confin\u00e9 qui leur \u00e9tait r\u00e9serv\u00e9, les faciles cinquante que nous \u00e9tions ont pleinement profit\u00e9 de notre apr\u00e8s-midi de jazz manouche humoristique.<\/p>\n<p>Le peu de titres de la d\u00e9mo sur laquelle je me suis jet\u00e9 ce jour l\u00e0 ne sont pas suffisant \u00e0 satisfaire mon app\u00e9tit, alors il reste le myspace sur lequel il y aussi quelques titres : <a href=\"http:\/\/www.myspace.com\/triolaid\" target=\"_blank\">http:\/\/www.myspace.com\/triolaid<\/a> et peut-\u00eatre que si vous leur demandez gentiment, ils peuvent l&#8217;exp\u00e9diez cette d\u00e9mo ou vous la proposez leur de leur prochain concert !<\/p>\n<p><a href=\"https:\/\/i0.wp.com\/blog-alexis.monville.com\/wp-content\/uploads\/sites\/2\/2010\/11\/trio-laid-chez-ivan.png?ssl=1\"><img data-recalc-dims=\"1\" loading=\"lazy\" decoding=\"async\" data-attachment-id=\"953\" data-permalink=\"https:\/\/blog-alexis.monville.com\/en\/2010\/11\/17\/trio-laid\/trio-laid-chez-ivan\/\" data-orig-file=\"https:\/\/i0.wp.com\/blog-alexis.monville.com\/en\/wp-content\/uploads\/sites\/2\/2010\/11\/trio-laid-chez-ivan.png?fit=300%2C225&amp;ssl=1\" data-orig-size=\"300,225\" data-comments-opened=\"1\" data-image-meta=\"{&quot;aperture&quot;:&quot;0&quot;,&quot;credit&quot;:&quot;&quot;,&quot;camera&quot;:&quot;&quot;,&quot;caption&quot;:&quot;&quot;,&quot;created_timestamp&quot;:&quot;0&quot;,&quot;copyright&quot;:&quot;&quot;,&quot;focal_length&quot;:&quot;0&quot;,&quot;iso&quot;:&quot;0&quot;,&quot;shutter_speed&quot;:&quot;0&quot;,&quot;title&quot;:&quot;&quot;}\" data-image-title=\"trio-laid-chez-ivan\" data-image-description=\"\" data-image-caption=\"\" data-large-file=\"https:\/\/i0.wp.com\/blog-alexis.monville.com\/en\/wp-content\/uploads\/sites\/2\/2010\/11\/trio-laid-chez-ivan.png?fit=300%2C225&amp;ssl=1\" class=\"alignnone size-full wp-image-953\" title=\"trio-laid-chez-ivan\" src=\"https:\/\/i0.wp.com\/blog-alexis.monville.com\/wp-content\/uploads\/sites\/2\/2010\/11\/trio-laid-chez-ivan.png?resize=300%2C225&#038;ssl=1\" alt=\"\" width=\"300\" height=\"225\" \/><\/a><\/p>\n<p><a href=\"https:\/\/i0.wp.com\/blog-alexis.monville.com\/wp-content\/uploads\/sites\/2\/2010\/11\/trio-laid-chez-ivan-2.png?ssl=1\"><img data-recalc-dims=\"1\" loading=\"lazy\" decoding=\"async\" data-attachment-id=\"954\" data-permalink=\"https:\/\/blog-alexis.monville.com\/en\/2010\/11\/17\/trio-laid\/trio-laid-chez-ivan-2\/\" data-orig-file=\"https:\/\/i0.wp.com\/blog-alexis.monville.com\/en\/wp-content\/uploads\/sites\/2\/2010\/11\/trio-laid-chez-ivan-2.png?fit=300%2C225&amp;ssl=1\" data-orig-size=\"300,225\" data-comments-opened=\"1\" data-image-meta=\"{&quot;aperture&quot;:&quot;0&quot;,&quot;credit&quot;:&quot;&quot;,&quot;camera&quot;:&quot;&quot;,&quot;caption&quot;:&quot;&quot;,&quot;created_timestamp&quot;:&quot;0&quot;,&quot;copyright&quot;:&quot;&quot;,&quot;focal_length&quot;:&quot;0&quot;,&quot;iso&quot;:&quot;0&quot;,&quot;shutter_speed&quot;:&quot;0&quot;,&quot;title&quot;:&quot;&quot;}\" data-image-title=\"trio-laid-chez-ivan-2\" data-image-description=\"\" data-image-caption=\"\" data-large-file=\"https:\/\/i0.wp.com\/blog-alexis.monville.com\/en\/wp-content\/uploads\/sites\/2\/2010\/11\/trio-laid-chez-ivan-2.png?fit=300%2C225&amp;ssl=1\" class=\"alignnone size-full wp-image-954\" title=\"trio-laid-chez-ivan-2\" src=\"https:\/\/i0.wp.com\/blog-alexis.monville.com\/wp-content\/uploads\/sites\/2\/2010\/11\/trio-laid-chez-ivan-2.png?resize=300%2C225&#038;ssl=1\" alt=\"\" width=\"300\" height=\"225\" \/><\/a><\/p>\n","protected":false},"excerpt":{"rendered":"<p>Cette illustration est celle de l&#8217;Album de d\u00e9mo du Trio Laid. Fantastique Trio Laid devrais-je dire ! Quel spectacle, quel jeu ! Je les ai d\u00e9couvert lors de l&#8217;anniversaire de l&#8217;ami Ivan (50 quand m\u00eame) et m\u00eame dans l&#8217;espace confin\u00e9 qui leur \u00e9tait r\u00e9serv\u00e9, les faciles cinquante que nous \u00e9tions ont pleinement profit\u00e9 de notre [&hellip;]<\/p>\n","protected":false},"author":1,"featured_media":0,"comment_status":"open","ping_status":"open","sticky":false,"template":"","format":"standard","meta":{"advanced_seo_description":"","jetpack_seo_html_title":"","jetpack_seo_noindex":false,"jetpack_post_was_ever_published":false,"_jetpack_newsletter_access":"","_jetpack_dont_email_post_to_subs":false,"_jetpack_newsletter_tier_id":0,"_jetpack_memberships_contains_paywalled_content":false,"_jetpack_memberships_contains_paid_content":false,"footnotes":""},"categories":[9],"tags":[],"class_list":["post-950","post","type-post","status-publish","format-standard","hentry","category-musique"],"jetpack_featured_media_url":"","jetpack_shortlink":"https:\/\/wp.me\/paNjQG-fk","jetpack-related-posts":[{"id":1651,"url":"https:\/\/blog-alexis.monville.com\/en\/2013\/09\/28\/quand-la-liberte-des-salaries-fait-le-succes-des-entreprises\/","url_meta":{"origin":950,"position":0},"title":"Quand la libert\u00e9 des salari\u00e9s fait le succ\u00e8s des entreprises","author":"Alexis","date":"September 28, 2013","format":false,"excerpt":"Le titre de cet article reprend le sous-titre du livre d'Isaac Getz et de Brian M. Carney, Libert\u00e9 & Cie. Ce livre explore les modes de fonctionnement d'une quinzaine d'entreprises \"lib\u00e9r\u00e9es\" (comme Harley-Davidson, WL Gore ou FAVI). Qu'est-ce qu'une entreprise lib\u00e9r\u00e9e ? Une entreprise ou on ne dit pas aux\u2026","rel":"","context":"In &quot;livre&quot;","block_context":{"text":"livre","link":"https:\/\/blog-alexis.monville.com\/en\/category\/livre\/"},"img":{"alt_text":"LiberteCie","src":"https:\/\/i0.wp.com\/blog-alexis.monville.com\/wp-content\/uploads\/sites\/2\/2013\/09\/LiberteCie.jpg?resize=350%2C200&ssl=1","width":350,"height":200},"classes":[]},{"id":1227,"url":"https:\/\/blog-alexis.monville.com\/en\/2011\/10\/04\/strategie-vs-mise-en-oeuvre\/","url_meta":{"origin":950,"position":1},"title":"Strat\u00e9gie vs Mise en oeuvre","author":"Alexis","date":"October 4, 2011","format":false,"excerpt":"Je re\u00e7ois p\u00e9riodiquement la lettre d'information de McKinsey.\u00a0Le titre de l'\u00e9dition du mois d'octobre m'a permis de comprendre l'\u00e9cart de vision qu'il pouvait exister avec ce que je propose. Cette lettre est titr\u00e9e : Strat\u00e9gie pour une \u00e9poque incertaine ou Strategy for uncertain times en version originale. Pourquoi un \u00e9cart\u2026","rel":"","context":"In &quot;ayeba&quot;","block_context":{"text":"ayeba","link":"https:\/\/blog-alexis.monville.com\/en\/category\/ayeba\/"},"img":{"alt_text":"","src":"https:\/\/i0.wp.com\/blog-alexis.monville.com\/wp-content\/uploads\/sites\/2\/2011\/10\/strategy-chess-1024x682.jpg?resize=350%2C200&ssl=1","width":350,"height":200},"classes":[]},{"id":894,"url":"https:\/\/blog-alexis.monville.com\/en\/2010\/09\/16\/communautes-et-organisations\/","url_meta":{"origin":950,"position":2},"title":"Communaut\u00e9s et Organisations","author":"Alexis","date":"September 16, 2010","format":false,"excerpt":"B\u00e9n\u00e9dicte Taillebois, Luc Bizeul, S\u00e9bastien Douche, Fr\u00e9d\u00e9ric Freiss et Jean-Michel Huten \u00e9taient \u00e0 La Cantine ce mercredi 15 septembre pour la r\u00e9p\u00e9tition de la conf\u00e9rence \"Comment les entreprises b\u00e9n\u00e9ficient-elles des communaut\u00e9s ?\" qui se d\u00e9roulera le 1er octobre de 11h \u00e0 12h30 durant l'OpenWorldForum. Je les remercie chaleureusement pour leurs\u2026","rel":"","context":"In &quot;Interventions&quot;","block_context":{"text":"Interventions","link":"https:\/\/blog-alexis.monville.com\/en\/category\/interventions\/"},"img":{"alt_text":"","src":"","width":0,"height":0},"classes":[]},{"id":1907,"url":"https:\/\/blog-alexis.monville.com\/en\/2014\/06\/25\/open-innovation\/","url_meta":{"origin":950,"position":3},"title":"Open Innovation","author":"Alexis","date":"June 25, 2014","format":false,"excerpt":"Ce 12 juin 2014, une annonce d'Elon Musk, le CEO de Tesla Motors, est venue secouer l'\u00e9cosyst\u00e8me automobile. L'annonce titr\u00e9e :\u00a0All Our Patent Are Belong To You, d\u00e9clarait\u00a0que toute la technologie d\u00e9velopp\u00e9e et brevet\u00e9e par Tesla, \u00a0\u00e9tait \u00e0 pr\u00e9sent disponible pour qui voudrait l'utiliser, de bonne foie, dans l'esprit des\u2026","rel":"","context":"In &quot;International&quot;","block_context":{"text":"International","link":"https:\/\/blog-alexis.monville.com\/en\/category\/international\/"},"img":{"alt_text":"","src":"https:\/\/i0.wp.com\/blog-alexis.monville.com\/en\/wp-content\/uploads\/sites\/2\/2014\/06\/tesla-roadster-model-s.jpg?fit=1200%2C801&ssl=1&resize=350%2C200","width":350,"height":200,"srcset":"https:\/\/i0.wp.com\/blog-alexis.monville.com\/en\/wp-content\/uploads\/sites\/2\/2014\/06\/tesla-roadster-model-s.jpg?fit=1200%2C801&ssl=1&resize=350%2C200 1x, https:\/\/i0.wp.com\/blog-alexis.monville.com\/en\/wp-content\/uploads\/sites\/2\/2014\/06\/tesla-roadster-model-s.jpg?fit=1200%2C801&ssl=1&resize=525%2C300 1.5x, https:\/\/i0.wp.com\/blog-alexis.monville.com\/en\/wp-content\/uploads\/sites\/2\/2014\/06\/tesla-roadster-model-s.jpg?fit=1200%2C801&ssl=1&resize=700%2C400 2x, https:\/\/i0.wp.com\/blog-alexis.monville.com\/en\/wp-content\/uploads\/sites\/2\/2014\/06\/tesla-roadster-model-s.jpg?fit=1200%2C801&ssl=1&resize=1050%2C600 3x"},"classes":[]},{"id":1841,"url":"https:\/\/blog-alexis.monville.com\/en\/2014\/04\/25\/coaching-gagnant\/","url_meta":{"origin":950,"position":4},"title":"Coaching gagnant","author":"Alexis","date":"April 25, 2014","format":false,"excerpt":"Le CJD Arcachon accueillait pour sa pl\u00e9ni\u00e8re du 24 avril, Philippe Presti, le coach de l'\u00e9quipe Oracle USA, vainqueur de la coupe de l'America cette ann\u00e9e. Philippe Presti a racont\u00e9 comment l'\u00e9quipe, en position de d\u00e9fendre son titre face au challenger de Nouvelle Z\u00e9lande, semblait avoir perdue, \u00e9tait men\u00e9e 8\u2026","rel":"","context":"In &quot;General&quot;","block_context":{"text":"General","link":"https:\/\/blog-alexis.monville.com\/en\/category\/all\/"},"img":{"alt_text":"","src":"https:\/\/i0.wp.com\/blog-alexis.monville.com\/en\/wp-content\/uploads\/sites\/2\/2014\/04\/oracle-team-usa.jpg?fit=1200%2C800&ssl=1&resize=350%2C200","width":350,"height":200,"srcset":"https:\/\/i0.wp.com\/blog-alexis.monville.com\/en\/wp-content\/uploads\/sites\/2\/2014\/04\/oracle-team-usa.jpg?fit=1200%2C800&ssl=1&resize=350%2C200 1x, https:\/\/i0.wp.com\/blog-alexis.monville.com\/en\/wp-content\/uploads\/sites\/2\/2014\/04\/oracle-team-usa.jpg?fit=1200%2C800&ssl=1&resize=525%2C300 1.5x, https:\/\/i0.wp.com\/blog-alexis.monville.com\/en\/wp-content\/uploads\/sites\/2\/2014\/04\/oracle-team-usa.jpg?fit=1200%2C800&ssl=1&resize=700%2C400 2x, https:\/\/i0.wp.com\/blog-alexis.monville.com\/en\/wp-content\/uploads\/sites\/2\/2014\/04\/oracle-team-usa.jpg?fit=1200%2C800&ssl=1&resize=1050%2C600 3x"},"classes":[]},{"id":2013,"url":"https:\/\/blog-alexis.monville.com\/en\/2015\/02\/04\/management-3-0-workout\/","url_meta":{"origin":950,"position":5},"title":"Management 3.0 #Workout","author":"Alexis","date":"February 4, 2015","format":false,"excerpt":"Lorsque Claude Aubry a publi\u00e9 cet article \u00e0 propos du site du club de lecture de Toulouse, j\u2019avais d\u00e9j\u00e0 en projet l\u2019id\u00e9e de lancer un club de discussion. Je m\u2019\u00e9tais donc dis que c\u2019\u00e9tait une nouvelle bonne raison de le faire. La r\u00e9union du Klub de Toulouse se d\u00e9roulait lundi\u2026","rel":"","context":"In &quot;livre&quot;","block_context":{"text":"livre","link":"https:\/\/blog-alexis.monville.com\/en\/category\/livre\/"},"img":{"alt_text":"","src":"https:\/\/i0.wp.com\/blog-alexis.monville.com\/en\/wp-content\/uploads\/sites\/2\/2015\/02\/CIMG1384-scaled.jpg?fit=1200%2C900&ssl=1&resize=350%2C200","width":350,"height":200,"srcset":"https:\/\/i0.wp.com\/blog-alexis.monville.com\/en\/wp-content\/uploads\/sites\/2\/2015\/02\/CIMG1384-scaled.jpg?fit=1200%2C900&ssl=1&resize=350%2C200 1x, https:\/\/i0.wp.com\/blog-alexis.monville.com\/en\/wp-content\/uploads\/sites\/2\/2015\/02\/CIMG1384-scaled.jpg?fit=1200%2C900&ssl=1&resize=525%2C300 1.5x, https:\/\/i0.wp.com\/blog-alexis.monville.com\/en\/wp-content\/uploads\/sites\/2\/2015\/02\/CIMG1384-scaled.jpg?fit=1200%2C900&ssl=1&resize=700%2C400 2x, https:\/\/i0.wp.com\/blog-alexis.monville.com\/en\/wp-content\/uploads\/sites\/2\/2015\/02\/CIMG1384-scaled.jpg?fit=1200%2C900&ssl=1&resize=1050%2C600 3x"},"classes":[]}],"jetpack_sharing_enabled":true,"_links":{"self":[{"href":"https:\/\/blog-alexis.monville.com\/en\/wp-json\/wp\/v2\/posts\/950","targetHints":{"allow":["GET"]}}],"collection":[{"href":"https:\/\/blog-alexis.monville.com\/en\/wp-json\/wp\/v2\/posts"}],"about":[{"href":"https:\/\/blog-alexis.monville.com\/en\/wp-json\/wp\/v2\/types\/post"}],"author":[{"embeddable":true,"href":"https:\/\/blog-alexis.monville.com\/en\/wp-json\/wp\/v2\/users\/1"}],"replies":[{"embeddable":true,"href":"https:\/\/blog-alexis.monville.com\/en\/wp-json\/wp\/v2\/comments?post=950"}],"version-history":[{"count":0,"href":"https:\/\/blog-alexis.monville.com\/en\/wp-json\/wp\/v2\/posts\/950\/revisions"}],"wp:attachment":[{"href":"https:\/\/blog-alexis.monville.com\/en\/wp-json\/wp\/v2\/media?parent=950"}],"wp:term":[{"taxonomy":"category","embeddable":true,"href":"https:\/\/blog-alexis.monville.com\/en\/wp-json\/wp\/v2\/categories?post=950"},{"taxonomy":"post_tag","embeddable":true,"href":"https:\/\/blog-alexis.monville.com\/en\/wp-json\/wp\/v2\/tags?post=950"}],"curies":[{"name":"wp","href":"https:\/\/api.w.org\/{rel}","templated":true}]}}