{"id":948,"date":"2010-11-15T17:28:42","date_gmt":"2010-11-15T15:28:42","guid":{"rendered":"https:\/\/blog-alexis.monville.com\/?p=948"},"modified":"2010-11-15T17:28:42","modified_gmt":"2010-11-15T15:28:42","slug":"logiciels-libres-a-partager-sans-compter","status":"publish","type":"post","link":"https:\/\/blog-alexis.monville.com\/en\/2010\/11\/15\/logiciels-libres-a-partager-sans-compter\/","title":{"rendered":"Logiciels libres \u00e0 partager sans compter !"},"content":{"rendered":"<p><a href=\"https:\/\/i0.wp.com\/blog-alexis.monville.com\/wp-content\/uploads\/sites\/2\/2010\/11\/logiciel_libre_a_partager.png?ssl=1\"><img data-recalc-dims=\"1\" loading=\"lazy\" decoding=\"async\" data-attachment-id=\"994\" data-permalink=\"https:\/\/blog-alexis.monville.com\/en\/2010\/11\/15\/logiciels-libres-a-partager-sans-compter\/logiciel_libre_a_partager\/\" data-orig-file=\"https:\/\/i0.wp.com\/blog-alexis.monville.com\/en\/wp-content\/uploads\/sites\/2\/2010\/11\/logiciel_libre_a_partager.png?fit=621%2C875&amp;ssl=1\" data-orig-size=\"621,875\" data-comments-opened=\"1\" data-image-meta=\"{&quot;aperture&quot;:&quot;0&quot;,&quot;credit&quot;:&quot;&quot;,&quot;camera&quot;:&quot;&quot;,&quot;caption&quot;:&quot;&quot;,&quot;created_timestamp&quot;:&quot;0&quot;,&quot;copyright&quot;:&quot;&quot;,&quot;focal_length&quot;:&quot;0&quot;,&quot;iso&quot;:&quot;0&quot;,&quot;shutter_speed&quot;:&quot;0&quot;,&quot;title&quot;:&quot;&quot;}\" data-image-title=\"logiciel_libre_a_partager\" data-image-description=\"\" data-image-caption=\"\" data-large-file=\"https:\/\/i0.wp.com\/blog-alexis.monville.com\/en\/wp-content\/uploads\/sites\/2\/2010\/11\/logiciel_libre_a_partager.png?fit=621%2C875&amp;ssl=1\" class=\"size-medium wp-image-994 alignleft\" title=\"logiciel_libre_a_partager\" src=\"https:\/\/i0.wp.com\/blog-alexis.monville.com\/files\/2010\/11\/logiciel_libre_a_partager-212x300.png?resize=212%2C300&#038;ssl=1\" alt=\"\" width=\"212\" height=\"300\" srcset=\"https:\/\/i0.wp.com\/blog-alexis.monville.com\/en\/wp-content\/uploads\/sites\/2\/2010\/11\/logiciel_libre_a_partager.png?resize=212%2C300&amp;ssl=1 212w, https:\/\/i0.wp.com\/blog-alexis.monville.com\/en\/wp-content\/uploads\/sites\/2\/2010\/11\/logiciel_libre_a_partager.png?w=621&amp;ssl=1 621w\" sizes=\"auto, (max-width: 212px) 100vw, 212px\" \/><\/a>Cette <a title=\"tous les formats sur le site de l'April\" href=\"http:\/\/www.april.org\/education-les-logiciels-libres-partager-sans-compter\" target=\"_blank\">affiche<\/a> est le support d&#8217;une nouvelle campagne en faveur du logiciel libre dans l&#8217;\u00e9ducation. Bravo \u00e0 l&#8217;auteur,<a href=\"http:\/\/www.bardelli.fr\/\" target=\"_blank\"> Antoine Bardelli<\/a> !<\/p>\n<p><strong>Faites passer !<\/strong><\/p>\n<p>L&#8217;affiche est disponible en de nombreux formats pour impression ou web.<\/p>\n<p>En bas \u00e0 droite, les logos de l&#8217;<a href=\"http:\/\/www.april.org\" target=\"_blank\">April<\/a> et de <a href=\"http:\/\/www.framasoft.net\/\" target=\"_blank\">Framasoft<\/a> que vous pouvez (devez \ud83d\ude09 ) soutenir !<\/p>\n","protected":false},"excerpt":{"rendered":"<p>Cette affiche est le support d&#8217;une nouvelle campagne en faveur du logiciel libre dans l&#8217;\u00e9ducation. Bravo \u00e0 l&#8217;auteur, Antoine Bardelli ! Faites passer ! L&#8217;affiche est disponible en de nombreux formats pour impression ou web. En bas \u00e0 droite, les logos de l&#8217;April et de Framasoft que vous pouvez (devez \ud83d\ude09 ) soutenir !<\/p>\n","protected":false},"author":1,"featured_media":0,"comment_status":"open","ping_status":"open","sticky":false,"template":"","format":"standard","meta":{"advanced_seo_description":"","jetpack_seo_html_title":"","jetpack_seo_noindex":false,"jetpack_post_was_ever_published":false,"_jetpack_newsletter_access":"","_jetpack_dont_email_post_to_subs":false,"_jetpack_newsletter_tier_id":0,"_jetpack_memberships_contains_paywalled_content":false,"_jetpack_memberships_contains_paid_content":false,"footnotes":""},"categories":[1],"tags":[276],"class_list":["post-948","post","type-post","status-publish","format-standard","hentry","category-all","tag-logiciel-libre"],"jetpack_featured_media_url":"","jetpack_shortlink":"https:\/\/wp.me\/paNjQG-fi","jetpack-related-posts":[{"id":1801,"url":"https:\/\/blog-alexis.monville.com\/en\/2014\/03\/07\/soutenez-le-developpement-du-logiciel-libre\/","url_meta":{"origin":948,"position":0},"title":"Soutenez le d\u00e9veloppement du logiciel libre","author":"Alexis","date":"March 7, 2014","format":false,"excerpt":"En lisant ce billet, vous pouvez \u00eatre dans plusieurs situations : Vous connaissez le logiciel libre, vous en utilisez, et vous ne voyez pas pourquoi il est n\u00e9cessaire de le soutenir, Vous connaissez le logiciel libre, mais ne voyez pas pourquoi il est n\u00e9cessaire d'agir pour le promouvoir et parfois\u2026","rel":"","context":"In &quot;General&quot;","block_context":{"text":"General","link":"https:\/\/blog-alexis.monville.com\/en\/category\/all\/"},"img":{"alt_text":"Priorit\u00e9 au Logiciel Libre! Je soutiens l'April.","src":"https:\/\/i0.wp.com\/april.org\/campagne\/images\/priorite-logiciel-libre-je-soutiens-april_p.png?resize=350%2C200","width":350,"height":200},"classes":[]},{"id":1491,"url":"https:\/\/blog-alexis.monville.com\/en\/2012\/12\/07\/libre-vs-privateur\/","url_meta":{"origin":948,"position":1},"title":"Libre vs Privateur","author":"Alexis","date":"December 7, 2012","format":false,"excerpt":"Un titre en guise de clin d'oeil \u00e0 mes amis les Gnus (http:\/\/www.gnu.org)\u00a0! Beaucoup auraient dit \"Libre VS Propri\u00e9taire\", mais cette formulation impropre n'aurait probablement pas \u00e9t\u00e9 plus explicite. De quoi parlons-nous dans cette conversation avec Nick Barcet\u00a0? Nous parlons de la comparaison entre logiciel libre et logiciel privateur en\u2026","rel":"","context":"In &quot;General&quot;","block_context":{"text":"General","link":"https:\/\/blog-alexis.monville.com\/en\/category\/all\/"},"img":{"alt_text":"","src":"https:\/\/i0.wp.com\/blog-alexis.monville.com\/en\/wp-content\/uploads\/sites\/2\/2012\/12\/bulle-dialogue.png?fit=400%2C400&ssl=1&resize=350%2C200","width":350,"height":200},"classes":[]},{"id":874,"url":"https:\/\/blog-alexis.monville.com\/en\/2010\/08\/01\/la-revolution-du-logiciel-libre\/","url_meta":{"origin":948,"position":2},"title":"La r\u00e9volution du logiciel libre","author":"Alexis","date":"August 1, 2010","format":false,"excerpt":"Richard Stallman et la r\u00e9volution du logiciel, une biographie autoris\u00e9e, par\u00a0Sam Williams, Richard Stallman et Christophe Masutti \u00e0 l'origine du projet de traduction. La construction de l'ouvrage \u00e0 deux voix est tr\u00e8s int\u00e9ressante, le point de vue de Sam Williams est en effet pond\u00e9r\u00e9 tout le long de l'ouvrage par\u2026","rel":"","context":"In &quot;General&quot;","block_context":{"text":"General","link":"https:\/\/blog-alexis.monville.com\/en\/category\/all\/"},"img":{"alt_text":"","src":"https:\/\/i0.wp.com\/www.framabook.org\/images\/framabook6-stallman-medium.jpg?resize=350%2C200","width":350,"height":200},"classes":[]},{"id":666,"url":"https:\/\/blog-alexis.monville.com\/en\/2009\/10\/17\/appel-a-communication-pour-solutions-linux-2010\/","url_meta":{"origin":948,"position":3},"title":"Appel \u00e0 communication pour Solutions Linux 2010","author":"Alexis","date":"October 17, 2009","format":false,"excerpt":"Une conf\u00e9rence gratuite \"L'administration et le libre\" est propos\u00e9e lors de la prochaine \u00e9dition du salon Solutions Linux qui se d\u00e9roulera du 16 au 18 mars 2010. L'appel \u00e0 communication est publi\u00e9 et vous avez jusqu'au 6 novembre pour proposer vos interventions Pour en savoir plus vous pouvez consulter les\u2026","rel":"","context":"In &quot;International&quot;","block_context":{"text":"International","link":"https:\/\/blog-alexis.monville.com\/en\/category\/international\/"},"img":{"alt_text":"image001","src":"https:\/\/i0.wp.com\/blog-alexis.monville.com\/wp-content\/uploads\/sites\/2\/2009\/10\/image001.jpg?resize=350%2C200&ssl=1","width":350,"height":200},"classes":[]},{"id":796,"url":"https:\/\/blog-alexis.monville.com\/en\/2010\/03\/11\/logiciel-libre\/","url_meta":{"origin":948,"position":4},"title":"Logiciel libre","author":"Alexis","date":"March 11, 2010","format":false,"excerpt":"En quelques mots aujourd'hui pour : vous inviter \u00e0 noter dans vos agendas que le Salon Solutions Linux se tiendra \u00e0 la porte de Versailles du 16 au 18 mars, je vous souhaite nombreux pour la conf\u00e9rence Administration et Libre le 17 mars \u00e0 9h00, vous encourager \u00e0 r\u00e9agir \u00e0\u2026","rel":"","context":"In &quot;Interventions&quot;","block_context":{"text":"Interventions","link":"https:\/\/blog-alexis.monville.com\/en\/category\/interventions\/"},"img":{"alt_text":"","src":"","width":0,"height":0},"classes":[]},{"id":807,"url":"https:\/\/blog-alexis.monville.com\/en\/2010\/05\/02\/logiciel-libre-et-amelioration-des-methodes-de-travail\/","url_meta":{"origin":948,"position":5},"title":"Logiciel libre et am\u00e9lioration des m\u00e9thodes de travail","author":"Alexis","date":"May 2, 2010","format":false,"excerpt":"Qu'apporte le logiciel libre ou l'open source au sein de l'entreprise ?\u00a0Quelles influences ces technologies ont-elles sur l'efficacit\u00e9 du syst\u00e8me d'information ? Peut-on parler dans le logiciel libre uniquement de l'aspect fonctionnel et des co\u00fbts ? Existe-t-il une diff\u00e9rence entre le mod\u00e8le de d\u00e9veloppement et le mod\u00e8le de diffusion ?\u2026","rel":"","context":"In &quot;General&quot;","block_context":{"text":"General","link":"https:\/\/blog-alexis.monville.com\/en\/category\/all\/"},"img":{"alt_text":"","src":"https:\/\/i0.wp.com\/blog-alexis.monville.com\/files\/2010\/05\/solutions-linux-2-300x188.png?resize=350%2C200&ssl=1","width":350,"height":200},"classes":[]}],"jetpack_sharing_enabled":true,"_links":{"self":[{"href":"https:\/\/blog-alexis.monville.com\/en\/wp-json\/wp\/v2\/posts\/948","targetHints":{"allow":["GET"]}}],"collection":[{"href":"https:\/\/blog-alexis.monville.com\/en\/wp-json\/wp\/v2\/posts"}],"about":[{"href":"https:\/\/blog-alexis.monville.com\/en\/wp-json\/wp\/v2\/types\/post"}],"author":[{"embeddable":true,"href":"https:\/\/blog-alexis.monville.com\/en\/wp-json\/wp\/v2\/users\/1"}],"replies":[{"embeddable":true,"href":"https:\/\/blog-alexis.monville.com\/en\/wp-json\/wp\/v2\/comments?post=948"}],"version-history":[{"count":0,"href":"https:\/\/blog-alexis.monville.com\/en\/wp-json\/wp\/v2\/posts\/948\/revisions"}],"wp:attachment":[{"href":"https:\/\/blog-alexis.monville.com\/en\/wp-json\/wp\/v2\/media?parent=948"}],"wp:term":[{"taxonomy":"category","embeddable":true,"href":"https:\/\/blog-alexis.monville.com\/en\/wp-json\/wp\/v2\/categories?post=948"},{"taxonomy":"post_tag","embeddable":true,"href":"https:\/\/blog-alexis.monville.com\/en\/wp-json\/wp\/v2\/tags?post=948"}],"curies":[{"name":"wp","href":"https:\/\/api.w.org\/{rel}","templated":true}]}}