{"id":936,"date":"2010-11-14T20:40:06","date_gmt":"2010-11-14T18:40:06","guid":{"rendered":"https:\/\/blog-alexis.monville.com\/?p=936"},"modified":"2010-11-14T20:40:06","modified_gmt":"2010-11-14T18:40:06","slug":"tva-revenu-universel","status":"publish","type":"post","link":"https:\/\/blog-alexis.monville.com\/en\/2010\/11\/14\/tva-revenu-universel\/","title":{"rendered":"TVA \u00e0 100% ?"},"content":{"rendered":"<p><img data-recalc-dims=\"1\" loading=\"lazy\" decoding=\"async\" data-attachment-id=\"942\" data-permalink=\"https:\/\/blog-alexis.monville.com\/en\/2010\/11\/14\/tva-revenu-universel\/piece-euro\/\" data-orig-file=\"https:\/\/i0.wp.com\/blog-alexis.monville.com\/en\/wp-content\/uploads\/sites\/2\/2010\/11\/piece-euro.png?fit=150%2C150&amp;ssl=1\" data-orig-size=\"150,150\" data-comments-opened=\"1\" data-image-meta=\"{&quot;aperture&quot;:&quot;0&quot;,&quot;credit&quot;:&quot;&quot;,&quot;camera&quot;:&quot;&quot;,&quot;caption&quot;:&quot;&quot;,&quot;created_timestamp&quot;:&quot;0&quot;,&quot;copyright&quot;:&quot;&quot;,&quot;focal_length&quot;:&quot;0&quot;,&quot;iso&quot;:&quot;0&quot;,&quot;shutter_speed&quot;:&quot;0&quot;,&quot;title&quot;:&quot;&quot;}\" data-image-title=\"piece-euro\" data-image-description=\"\" data-image-caption=\"\" data-large-file=\"https:\/\/i0.wp.com\/blog-alexis.monville.com\/en\/wp-content\/uploads\/sites\/2\/2010\/11\/piece-euro.png?fit=150%2C150&amp;ssl=1\" class=\"alignleft size-full wp-image-942\" style=\"margin: 10px;\" title=\"piece-euro\" src=\"https:\/\/i0.wp.com\/blog-alexis.monville.com\/wp-content\/uploads\/sites\/2\/2010\/11\/piece-euro.png?resize=150%2C150&#038;ssl=1\" alt=\"\" width=\"150\" height=\"150\" \/>Avec un produit int\u00e9rieur brut d&#8217;environ 2000 milliards d&#8217;euros et un budget cumul\u00e9 de l&#8217;Etat, des collectivit\u00e9s territoriales et des comptes sociaux d&#8217;environ 1000 milliards d&#8217;euros, c&#8217;est en effet \u00e0 100% qu&#8217;il faudrait fixer le taux de TVA afin de faire de cette taxe le seul imp\u00f4t pr\u00e9lev\u00e9 en France.<\/p>\n<p><strong>TVA \u00e0 100%<\/strong><\/p>\n<p>La moiti\u00e9 du prix des produits consomm\u00e9s servirait \u00e0 financer l&#8217;ensemble des d\u00e9penses publiques avec une r\u00e9partition pour le niveau local que l&#8217;on pourrait imaginer bas\u00e9e sur le nombre d&#8217;habitant.<\/p>\n<p>L&#8217;avantage principal d&#8217;un imp\u00f4t sur la consommation est qu&#8217;il est pay\u00e9 par tout ceux qui vivent dans le pays et qu&#8217;il est tr\u00e8s difficile d&#8217;y \u00e9chapper. Le co\u00fbt de collecte est tr\u00e8s faible \u00e0 la fois pour les services publics, pour les entreprises, et pour les particuliers. Le syst\u00e8me est tr\u00e8s simple et permet de mobiliser pratiquement toute l&#8217;\u00e9nergie des services publics sur les prestations.<\/p>\n<p>Les professionnels, comme les experts comptables par exemple, qui aujourd&#8217;hui doivent g\u00e9rer cette complexit\u00e9 administrative, pourront se mobiliser sur une activit\u00e9 de conseil en gestion \u00e0 forte valeur ajout\u00e9e pour les entreprises.<\/p>\n<p><strong>Plus d&#8217;imp\u00f4t sur le travail<\/strong><\/p>\n<p>Cet imp\u00f4t sur la consommation ne p\u00e8se pas sur une seule cat\u00e9gorie comme par exemple sur le travail avec les cotisations sociales. Il permet donc de r\u00e9duire le co\u00fbt du travail et ainsi encourage une fabrication locale, positive pour les personnes et la plan\u00e8te.<\/p>\n<blockquote><p>Illustration :<\/p>\n<p>Pour un produit actuellement \u00e0 100 \u20ac hors taxe, et donc vendu 120 \u20ac TTC et qui \u00e0 un co\u00fbt de main d&#8217;oeuvre de 70% de la valeur du produit (soit 70 \u20ac).<\/p>\n<p>Avec le passage \u00e0 la TVA \u00e0 100% et la suppression des cotisations sociales, de l&#8217;IS et des diverses taxes, le cout de main d&#8217;oeuvre descend \u00e0 35 \u20ac, le co\u00fbt hors main d&#8217;oeuvre peut descendre \u00e0 25\u20ac&#8230; ce qui nous donne un prix TTC de 120 \u20ac&#8230;<\/p><\/blockquote>\n<p><strong>Injuste ?<\/strong><\/p>\n<p>Le probl\u00e8me pos\u00e9 par une augmentation de la TVA (m\u00eame progressive) est que cet imp\u00f4t est injuste puisque qu&#8217;il frappe en proportion plus ceux qui &#8220;consomment&#8221; l&#8217;int\u00e9gralit\u00e9 de leur revenu que ceux qui ont la possibilit\u00e9 d&#8217;\u00e9pargner une partie de leur revenu.<\/p>\n<p>Afin de compenser cette injustice, il suffirait de choisir de verser \u00e0 tous une somme \u00e9gale pour tous, suffisante pour vivre : un revenu de vie.<\/p>\n<p><strong>Revenu de vie pour tous ?<\/strong><\/p>\n<p>Le versement \u00e0 tous permet une fois de plus une simplification du syst\u00e8me et permet d&#8217;\u00e9viter par construction toute fraude puisque tout le monde touche ce revenu de vie.<\/p>\n<ul>\n<li>Une personne ne disposant d&#8217;aucun revenu toucherait donc le revenu de vie, par exemple 1000 \u20ac.<\/li>\n<li>Une personne disposant d&#8217;un revenu de 1000 \u20ac toucherait donc le revenu de vie, soit 1000 \u20ac et disposerait donc de 2000 \u20ac.<\/li>\n<\/ul>\n<p><strong>Un revenu progressif pour les enfants ?<\/strong><\/p>\n<p>J&#8217;imagine que le revenu devrait \u00eatre progressif pour les enfants afin de r\u00e9pondre \u00e0 une inqui\u00e9tude : &#8220;mais les gens feraient des enfants pour toucher 1000 \u20ac de plus par mois&#8230;&#8221;. Le revenu de vie pourrait \u00eatre index\u00e9 lin\u00e9airement sur l&#8217;age jusqu&#8217;\u00e0 20 ans, ce qui, toujours pour une hypoth\u00e8se de revenu de vie \u00e0 1000 \u20ac, ferait 50 \u20ac par mois \u00e0 partir de 1 an, 250 \u20ac par mois \u00e0 5 ans etc&#8230;<\/p>\n<p>Le co\u00fbt direct de la mesure reviendrait pour 65 millions d&#8217;habitant dont 25% ont moins de 20 ans \u00e0 680 milliards par an&#8230; ce qui suppose de mettre en oeuvre effectivement les \u00e9conomies permises par la simplification de la collecte des taxes et imp\u00f4ts et du versement des prestations.<\/p>\n<p>J&#8217;imagine que les jeunes seraient moins nombreux \u00e0 choisir de rester chez leurs parents (c&#8217;est aujourd&#8217;hui 18% dans les pays nordiques offrants de bonnes prestations pour les jeunes et 35% dans les pays du sud de l&#8217;Europe ne les offrants pas&#8230;)<\/p>\n<p><strong>Plus personne ne travaillerait ?<\/strong><\/p>\n<p>C&#8217;est \u00e0 peu pr\u00e8s ce que l&#8217;on me dit chaque fois que je parle du revenu de vie, et pourtant lorsque je pose la question directement : &#8220;est-ce que toi tu, tu arr\u00eaterais de travailler si l&#8217;on te donnait 1000 \u20ac par mois ?&#8221;, la r\u00e9ponse est en g\u00e9n\u00e9ral : &#8220;non pas moi, mais&#8230;&#8221;. En fait une \u00e9tude a montr\u00e9 que 10% de la population active choisirait probablement la sieste&#8230; mais que c&#8217;est probablement ce qu&#8217;elle fait d\u00e9j\u00e0 aujourd&#8217;hui&#8230; et que pour 60% de la population active cela ne changerait rien&#8230; Ce ne sont que les 30 derniers % qui ren\u00e9gocieraient leur emploi actuel pour un meilleur salaire, pour reprendre des \u00e9tudes, pour une activit\u00e9 \u00e0 temps partiel&#8230;<\/p>\n<p><strong>Substitution \u00e0 toutes les prestations sociales actuelles<\/strong><\/p>\n<p>Le revenu de vie se substituerait \u00e0 toutes les prestations actuelles, RSA bien sur, allocations familiales, allocation logement, allocation chomage et allocation retraite. Cette substitution serait la plus d\u00e9licate pour les plus haut revenus qui perdraient la diff\u00e9rence entre les prestations vers\u00e9es actuellement et le revenu de vie. La transition serait donc probablement n\u00e9cessairement progressive.<\/p>\n<p><strong>On commence maintenant ?<\/strong><\/p>\n<p>Pour aller plus loin :<\/p>\n<ul>\n<li><strong>Le\u00a0<strong>Revenu de Base<\/strong>, un documentaire suisse en fran\u00e7ais :\u00a0<a href=\"http:\/\/www.kultkino.ch\/kultkino\/besonderes\/le_revenu_de_base_film_francaise\" target=\"_blank\">http:\/\/www.kultkino.ch\/kultkino\/besonderes\/le_revenu_de_base_film_francaise<\/a><\/strong><\/li>\n<li><strong>Signer l&#8217;Appel pour le revenu de vie <\/strong>: <a href=\"http:\/\/appelpourlerevenudevie.org\/\" target=\"_blank\">http:\/\/appelpourlerevenudevie.org\/<\/a><\/li>\n<li>Allocation universelle sur Wikipedia : <a href=\"http:\/\/fr.wikipedia.org\/wiki\/Allocation_universelle\" target=\"_blank\">http:\/\/fr.wikipedia.org\/wiki\/Allocation_universelle<\/a> ou vous pourrez trouver les pays dans le monde ayant d\u00e9j\u00e0 adopt\u00e9 le revenu de vie (Canada, Br\u00e9sil, Namibie&#8230;)<\/li>\n<li>Le dossier &#8220;Avoir 20 ans en 2010&#8221; dans Courrier International : <a href=\"http:\/\/www.courrierinternational.com\/magazine\/2010\/1044-avoir-20-ans-en-2010\" target=\"_blank\">http:\/\/www.courrierinternational.com\/magazine\/2010\/1044-avoir-20-ans-en-2010<\/a><\/li>\n<li>Revenu universel : <a href=\"http:\/\/www.rezonance.ch\/rezo\/classes\/ft-first-tuesday\/geneve\/20101109\/one-community?page_num=0\" target=\"_blank\">http:\/\/www.rezonance.ch\/rezo\/classes\/ft-first-tuesday\/geneve\/20101109\/one-community?page_num=0<\/a><\/li>\n<li>sur Twitter &#8220;on&#8221; dit que : <strong>&#8220;@OlivierAuber: le #SPD allemand propose un #revenudevie \u00e0 800\u20ac <\/strong><a href=\"http:\/\/is.gd\/gYuzm\" target=\"_blank\"><strong>http:\/\/is.gd\/gYuzm<\/strong><\/a><strong>&#8220;<\/strong> Je ne lis pas l&#8217;Allemand, mais je me dis qu&#8217;aux prochaines \u00e9lections locales ou nationales je voterai pour le revenu de vie<\/li>\n<\/ul>\n","protected":false},"excerpt":{"rendered":"<p>Avec un produit int\u00e9rieur brut d&#8217;environ 2000 milliards d&#8217;euros et un budget cumul\u00e9 de l&#8217;Etat, des collectivit\u00e9s territoriales et des comptes sociaux d&#8217;environ 1000 milliards d&#8217;euros, c&#8217;est en effet \u00e0 100% qu&#8217;il faudrait fixer le taux de TVA afin de faire de cette taxe le seul imp\u00f4t pr\u00e9lev\u00e9 en France. TVA \u00e0 100% La moiti\u00e9 [&hellip;]<\/p>\n","protected":false},"author":1,"featured_media":0,"comment_status":"open","ping_status":"open","sticky":false,"template":"","format":"standard","meta":{"advanced_seo_description":"","jetpack_seo_html_title":"","jetpack_seo_noindex":false,"jetpack_post_was_ever_published":false,"_jetpack_newsletter_access":"","_jetpack_dont_email_post_to_subs":false,"_jetpack_newsletter_tier_id":0,"_jetpack_memberships_contains_paywalled_content":false,"_jetpack_memberships_contains_paid_content":false,"footnotes":""},"categories":[5],"tags":[],"class_list":["post-936","post","type-post","status-publish","format-standard","hentry","category-explorateurs"],"jetpack_featured_media_url":"","jetpack_shortlink":"https:\/\/wp.me\/paNjQG-f6","jetpack-related-posts":[{"id":1149,"url":"https:\/\/blog-alexis.monville.com\/en\/2011\/08\/27\/tax-me-if-you-can\/","url_meta":{"origin":936,"position":0},"title":"Tax Me If You Can","author":"Alexis","date":"August 27, 2011","format":false,"excerpt":"Le succ\u00e8s d'un nouveau produit passe parfois\u00a0souvent par un bon lancement. Le produit dont je voudrais vous parler aujourd'hui est \"taxons les riches\". Taxons les riches Le lancement du produit a \u00e9t\u00e9 fait par une des plus c\u00e9l\u00e8bre et des plus grosse fortune mondiale, Warren Buffet, dans une tribune dans\u2026","rel":"","context":"In &quot;General&quot;","block_context":{"text":"General","link":"https:\/\/blog-alexis.monville.com\/en\/category\/all\/"},"img":{"alt_text":"","src":"https:\/\/kerrymedianetwork.files.wordpress.com\/2008\/09\/catch_me_if_you_can.jpg?w=350&h=200&crop=1","width":350,"height":200},"classes":[]},{"id":45,"url":"https:\/\/blog-alexis.monville.com\/en\/2006\/12\/11\/les-instruments-economiques-du-developpement-durable\/","url_meta":{"origin":936,"position":1},"title":"les instruments \u00e9conomiques du d\u00e9veloppement durable","author":"Alexis","date":"December 11, 2006","format":false,"excerpt":"Derni\u00e8re session des rencontres \u00e9conomiques pour 2006, toujours brillamment anim\u00e9es par Didier Ades, avec la participation de : Olivier Godard, directeur de recherches au CNRS : \u00ab Cadrage th\u00e9orique sur les instruments \u00e9conomiques des politiques de d\u00e9veloppement durable \u00bb Guillaume Sainteny, directeur des \u00e9tudes \u00e9conomiques et de l\u2019\u00e9valuation environnementale au\u2026","rel":"","context":"In &quot;General&quot;","block_context":{"text":"General","link":"https:\/\/blog-alexis.monville.com\/en\/category\/all\/"},"img":{"alt_text":"","src":"","width":0,"height":0},"classes":[]},{"id":1790,"url":"https:\/\/blog-alexis.monville.com\/en\/2014\/03\/03\/creation-monetaire\/","url_meta":{"origin":936,"position":2},"title":"Cr\u00e9ation mon\u00e9taire","author":"Alexis","date":"March 3, 2014","format":false,"excerpt":"Suite \u00e0 une discussion sur les diff\u00e9rentes fa\u00e7on de financer le revenu de base (que j'ai abord\u00e9 \u00e0 plusieurs reprises sur ce blog), nous en sommes venu \u00e0 parler de la fa\u00e7on de cr\u00e9er de la monnaie aujourd'hui. La monnaie est de nos jours cr\u00e9\u00e9e par jeu d'\u00e9criture entre les\u2026","rel":"","context":"In &quot;General&quot;","block_context":{"text":"General","link":"https:\/\/blog-alexis.monville.com\/en\/category\/all\/"},"img":{"alt_text":"","src":"https:\/\/i0.wp.com\/blog-alexis.monville.com\/en\/wp-content\/uploads\/sites\/2\/2014\/03\/500_Euro_Banknoten.jpg?fit=1200%2C846&ssl=1&resize=350%2C200","width":350,"height":200,"srcset":"https:\/\/i0.wp.com\/blog-alexis.monville.com\/en\/wp-content\/uploads\/sites\/2\/2014\/03\/500_Euro_Banknoten.jpg?fit=1200%2C846&ssl=1&resize=350%2C200 1x, https:\/\/i0.wp.com\/blog-alexis.monville.com\/en\/wp-content\/uploads\/sites\/2\/2014\/03\/500_Euro_Banknoten.jpg?fit=1200%2C846&ssl=1&resize=525%2C300 1.5x, https:\/\/i0.wp.com\/blog-alexis.monville.com\/en\/wp-content\/uploads\/sites\/2\/2014\/03\/500_Euro_Banknoten.jpg?fit=1200%2C846&ssl=1&resize=700%2C400 2x, https:\/\/i0.wp.com\/blog-alexis.monville.com\/en\/wp-content\/uploads\/sites\/2\/2014\/03\/500_Euro_Banknoten.jpg?fit=1200%2C846&ssl=1&resize=1050%2C600 3x"},"classes":[]},{"id":1828,"url":"https:\/\/blog-alexis.monville.com\/en\/2014\/04\/22\/developper-des-produits-avec-des-equipes-distribuees\/","url_meta":{"origin":936,"position":3},"title":"D\u00e9velopper des produits avec des \u00e9quipes distribu\u00e9es","author":"Alexis","date":"April 22, 2014","format":false,"excerpt":"Apr\u00e8s la conf\u00e9rence que j'ai donn\u00e9 le 10 avril pour le ScrumDay, je suis en train de pr\u00e9parer celle que je donnerais lors de Mix-IT le 30 avril 2014. Le r\u00e9sum\u00e9 de la session est assez similaire entre les deux, voici celui du ScrumDay : De nos jours, presque tout\u2026","rel":"","context":"In &quot;Interventions&quot;","block_context":{"text":"Interventions","link":"https:\/\/blog-alexis.monville.com\/en\/category\/interventions\/"},"img":{"alt_text":"","src":"https:\/\/i0.wp.com\/blog-alexis.monville.com\/en\/wp-content\/uploads\/sites\/2\/2014\/04\/mixit-banner.png?fit=800%2C270&ssl=1&resize=350%2C200","width":350,"height":200,"srcset":"https:\/\/i0.wp.com\/blog-alexis.monville.com\/en\/wp-content\/uploads\/sites\/2\/2014\/04\/mixit-banner.png?fit=800%2C270&ssl=1&resize=350%2C200 1x, https:\/\/i0.wp.com\/blog-alexis.monville.com\/en\/wp-content\/uploads\/sites\/2\/2014\/04\/mixit-banner.png?fit=800%2C270&ssl=1&resize=525%2C300 1.5x, https:\/\/i0.wp.com\/blog-alexis.monville.com\/en\/wp-content\/uploads\/sites\/2\/2014\/04\/mixit-banner.png?fit=800%2C270&ssl=1&resize=700%2C400 2x"},"classes":[]},{"id":55,"url":"https:\/\/blog-alexis.monville.com\/en\/2007\/03\/24\/de-lusage-du-mail\/","url_meta":{"origin":936,"position":4},"title":"de l\u2019usage du mail","author":"Alexis","date":"March 24, 2007","format":false,"excerpt":"Cet article est une \u00e9bauche que je compl\u00e9terai... Pour paraphraser une remarque \u00e9mise lors de l'invention du t\u00e9l\u00e9phone.... Le courrier \u00e9lectronique a tant de d\u00e9faut que l'on ne peut le consid\u00e9rer comme un outil de communication. Le courriel est le service le plus utilis\u00e9 aujourd'hui sur Internet, l'usage continue de\u2026","rel":"","context":"In &quot;General&quot;","block_context":{"text":"General","link":"https:\/\/blog-alexis.monville.com\/en\/category\/all\/"},"img":{"alt_text":"","src":"","width":0,"height":0},"classes":[]},{"id":99,"url":"https:\/\/blog-alexis.monville.com\/en\/2008\/06\/07\/les-leviers-de-la-croissance-francaise\/","url_meta":{"origin":936,"position":5},"title":"Les leviers de la croissance fran\u00e7aise","author":"Alexis","date":"June 7, 2008","format":false,"excerpt":"Cette session des Rencontres \u00e9conomiques du 5 juin 2008 abordait un th\u00e8me d'actualit\u00e9 depuis 1975 comme le rappelait l'animateur, Didier Ad\u00e8s, de retour pour cette session... Mauvais diagnostic ? fatalit\u00e9 fran\u00e7aise ? Jean-Louis LEVET, directeur g\u00e9n\u00e9ral de l'Institut de Recherches Economiques et Sociales (IRES), proposait de faire un diagnostique actuel\u2026","rel":"","context":"In &quot;General&quot;","block_context":{"text":"General","link":"https:\/\/blog-alexis.monville.com\/en\/category\/all\/"},"img":{"alt_text":"","src":"","width":0,"height":0},"classes":[]}],"jetpack_sharing_enabled":true,"_links":{"self":[{"href":"https:\/\/blog-alexis.monville.com\/en\/wp-json\/wp\/v2\/posts\/936","targetHints":{"allow":["GET"]}}],"collection":[{"href":"https:\/\/blog-alexis.monville.com\/en\/wp-json\/wp\/v2\/posts"}],"about":[{"href":"https:\/\/blog-alexis.monville.com\/en\/wp-json\/wp\/v2\/types\/post"}],"author":[{"embeddable":true,"href":"https:\/\/blog-alexis.monville.com\/en\/wp-json\/wp\/v2\/users\/1"}],"replies":[{"embeddable":true,"href":"https:\/\/blog-alexis.monville.com\/en\/wp-json\/wp\/v2\/comments?post=936"}],"version-history":[{"count":0,"href":"https:\/\/blog-alexis.monville.com\/en\/wp-json\/wp\/v2\/posts\/936\/revisions"}],"wp:attachment":[{"href":"https:\/\/blog-alexis.monville.com\/en\/wp-json\/wp\/v2\/media?parent=936"}],"wp:term":[{"taxonomy":"category","embeddable":true,"href":"https:\/\/blog-alexis.monville.com\/en\/wp-json\/wp\/v2\/categories?post=936"},{"taxonomy":"post_tag","embeddable":true,"href":"https:\/\/blog-alexis.monville.com\/en\/wp-json\/wp\/v2\/tags?post=936"}],"curies":[{"name":"wp","href":"https:\/\/api.w.org\/{rel}","templated":true}]}}