{"id":923,"date":"2010-10-19T10:52:10","date_gmt":"2010-10-19T08:52:10","guid":{"rendered":"https:\/\/blog-alexis.monville.com\/?p=923"},"modified":"2014-01-08T22:16:38","modified_gmt":"2014-01-08T21:16:38","slug":"ignite-paris-8","status":"publish","type":"post","link":"https:\/\/blog-alexis.monville.com\/en\/2010\/10\/19\/ignite-paris-8\/","title":{"rendered":"Ignite Paris #8"},"content":{"rendered":"<iframe src='https:\/\/www.slideshare.net\/slideshow\/embed_code\/5484496' width='550' height='451' sandbox=\"allow-popups allow-scripts allow-same-origin allow-presentation\" allowfullscreen webkitallowfullscreen mozallowfullscreen><\/iframe>\n<p>Voici le support de la pr\u00e9sentation que j&#8217;ai eu le plaisir de donner lors de la 8\u00e8me \u00e9dition de Ignite Paris. L&#8217;ensemble des pr\u00e9sentations \u00e9taient excellentes et l&#8217;ambiance tr\u00e8s sympathique. A suivre sur la page facebook : <a href=\"http:\/\/www.facebook.com\/event.php?eid=159105850782339&#038;ref=ts\">http:\/\/www.facebook.com\/event.php?eid=159105850782339&#038;ref=ts<\/a><\/p>\n<p>Je serais pr\u00e9sent lors de la prochaine !<\/p>\n<p>Merci \u00e0 Thimoth\u00e9e de Laitre pour la publication de la vid\u00e9o : <a href=\"http:\/\/timdl.posterous.com\/ignite-paris-8-de-lorganisation-x-a-lorganisa\">http:\/\/timdl.posterous.com\/ignite-paris-8-de-lorganisation-x-a-lorganisa<\/a><\/p>\n","protected":false},"excerpt":{"rendered":"<p>Voici le support de la pr\u00e9sentation que j&#8217;ai eu le plaisir de donner lors de la 8\u00e8me \u00e9dition de Ignite Paris. L&#8217;ensemble des pr\u00e9sentations \u00e9taient excellentes et l&#8217;ambiance tr\u00e8s sympathique. A suivre sur la page facebook : http:\/\/www.facebook.com\/event.php?eid=159105850782339&#038;ref=ts Je serais pr\u00e9sent lors de la prochaine ! Merci \u00e0 Thimoth\u00e9e de Laitre pour la publication de [&hellip;]<\/p>\n","protected":false},"author":1,"featured_media":0,"comment_status":"open","ping_status":"open","sticky":false,"template":"","format":"standard","meta":{"advanced_seo_description":"","jetpack_seo_html_title":"","jetpack_seo_noindex":false,"jetpack_post_was_ever_published":false,"_jetpack_newsletter_access":"","_jetpack_dont_email_post_to_subs":false,"_jetpack_newsletter_tier_id":0,"_jetpack_memberships_contains_paywalled_content":false,"_jetpack_memberships_contains_paid_content":false,"footnotes":""},"categories":[8],"tags":[284],"class_list":["post-923","post","type-post","status-publish","format-standard","hentry","category-interventions","tag-management"],"jetpack_featured_media_url":"","jetpack_shortlink":"https:\/\/wp.me\/paNjQG-eT","jetpack-related-posts":[{"id":2090,"url":"https:\/\/blog-alexis.monville.com\/en\/2015\/06\/19\/agile-france-et-le-bonheur-au-travail\/","url_meta":{"origin":923,"position":0},"title":"Agile France et Le Bonheur au Travail","author":"Alexis","date":"June 19, 2015","format":false,"excerpt":"J'ai eu le plaisir de donner une conf\u00e9rence sur le bonheur lors de l'\u00e9dition 2015 de la conf\u00e9rence Agile France \u00e0 Paris. Il s'agissait d'une version raccourcie et en fran\u00e7ais de la keynote que j'avais donn\u00e9 en ouverture lors des Drupal Developers Days : Happiness is Coming. J'avais choisi de\u2026","rel":"","context":"In &quot;General&quot;","block_context":{"text":"General","link":"https:\/\/blog-alexis.monville.com\/en\/category\/all\/"},"img":{"alt_text":"","src":"https:\/\/i0.wp.com\/blog-alexis.monville.com\/en\/wp-content\/uploads\/sites\/2\/2015\/06\/CH2l_g-WoAADQca-e1434716733943.jpg?fit=1024%2C768&ssl=1&resize=350%2C200","width":350,"height":200,"srcset":"https:\/\/i0.wp.com\/blog-alexis.monville.com\/en\/wp-content\/uploads\/sites\/2\/2015\/06\/CH2l_g-WoAADQca-e1434716733943.jpg?fit=1024%2C768&ssl=1&resize=350%2C200 1x, https:\/\/i0.wp.com\/blog-alexis.monville.com\/en\/wp-content\/uploads\/sites\/2\/2015\/06\/CH2l_g-WoAADQca-e1434716733943.jpg?fit=1024%2C768&ssl=1&resize=525%2C300 1.5x, https:\/\/i0.wp.com\/blog-alexis.monville.com\/en\/wp-content\/uploads\/sites\/2\/2015\/06\/CH2l_g-WoAADQca-e1434716733943.jpg?fit=1024%2C768&ssl=1&resize=700%2C400 2x"},"classes":[]},{"id":585,"url":"https:\/\/blog-alexis.monville.com\/en\/2009\/06\/02\/tedx-paris\/","url_meta":{"origin":923,"position":1},"title":"TEDx Paris","author":"Alexis","date":"June 2, 2009","format":false,"excerpt":"L'\u00e9dition pilote des TEDx Paris s'est d\u00e9roul\u00e9e le 28 mai 2009 \u00e0 La Cantine. Je vous invite bien sur \u00e0 d\u00e9couvrir la version originale en regardant par exemple Richard St-John parler des 8 secrets du succ\u00e8s ou Hans Rossling d\u00e9voiler des statistiques extraordinaires. Un projet de traduction vient de commencer\u2026","rel":"","context":"In &quot;Explorateurs&quot;","block_context":{"text":"Explorateurs","link":"https:\/\/blog-alexis.monville.com\/en\/category\/explorateurs\/"},"img":{"alt_text":"","src":"https:\/\/i0.wp.com\/tedxparis.com\/sites\/default\/files\/zen_classic_logo.jpg?resize=350%2C200","width":350,"height":200},"classes":[]},{"id":1101,"url":"https:\/\/blog-alexis.monville.com\/en\/2011\/05\/09\/ujuo-sur-solutions-linux\/","url_meta":{"origin":923,"position":2},"title":"UJUO sur Solutions Linux","author":"Alexis","date":"May 9, 2011","format":false,"excerpt":"Ce mercredi 11 mai \u00e0 11h00, la p\u00e9dagogie de l'attention Un Jour Une Oeuvre sera pr\u00e9sent\u00e9e lors de la table-ronde : \"La diversit\u00e9 dans le libre \u00e9ducatif\". Regardons Ensemble ! Un Jour Une Oeuvre est une aventure transposant l'approche\u00a0collaborative pratiqu\u00e9e dans le monde du logiciel libre dans le but de\u00a0permettre\u2026","rel":"","context":"In &quot;ayeba&quot;","block_context":{"text":"ayeba","link":"https:\/\/blog-alexis.monville.com\/en\/category\/ayeba\/"},"img":{"alt_text":"","src":"https:\/\/i0.wp.com\/ujuo.org\/wp-content\/uploads\/HLIC\/cd47d7a5964a35b751239b7a767a98b0.gif?resize=350%2C200","width":350,"height":200},"classes":[]},{"id":1311,"url":"https:\/\/blog-alexis.monville.com\/en\/2011\/12\/17\/conference-2012\/","url_meta":{"origin":923,"position":3},"title":"Conf\u00e9rence 2012","author":"Alexis","date":"December 17, 2011","format":false,"excerpt":"Un regard sur mon planning de ce d\u00e9but 2012 et sur la s\u00e9lection de conf\u00e9rences auxquelles je souhaitais participer... Pas vraiment compatible pour le 1er trimestre... Aussi, je suis impatient de lire, d'\u00e9changer avec vous sur ce que vous aurez appris lors de : Agile Open France, les 18-20 janvier\u2026","rel":"","context":"In &quot;ayeba&quot;","block_context":{"text":"ayeba","link":"https:\/\/blog-alexis.monville.com\/en\/category\/ayeba\/"},"img":{"alt_text":"","src":"https:\/\/i0.wp.com\/blog-alexis.monville.com\/en\/wp-content\/uploads\/sites\/2\/2011\/12\/conference-room.jpg?fit=400%2C268&ssl=1&resize=350%2C200","width":350,"height":200},"classes":[]},{"id":170,"url":"https:\/\/blog-alexis.monville.com\/en\/2008\/09\/21\/explorcamp-paris-6\/","url_meta":{"origin":923,"position":4},"title":"ExplorCamp Paris 6","author":"Alexis","date":"September 21, 2008","format":false,"excerpt":"Sixi\u00e8me \u00e9dition d\u2019un ExplorCamp \u00e0 Paris, il se tenait rue Amelot dans les locaux de Port Parall\u00e8le, une coop\u00e9rative d\u2019emploi r\u00e9unissant 60 salari\u00e9s et une centaine d\u2019entrepreneurs. Des mines r\u00e9jouies, des \u00e9changes passionnants (parfois l\u00e9g\u00e8rement perturb\u00e9s par le passage de la TechnoParade accueilli avec sourire\u00a0!), de nombreuses d\u00e9couvertes\u2026\u00a0 J\u2019ai pu\u2026","rel":"","context":"In &quot;Interventions&quot;","block_context":{"text":"Interventions","link":"https:\/\/blog-alexis.monville.com\/en\/category\/interventions\/"},"img":{"alt_text":"","src":"","width":0,"height":0},"classes":[]},{"id":1680,"url":"https:\/\/blog-alexis.monville.com\/en\/2013\/11\/11\/the-agilists-a-lagiletour-bordeaux\/","url_meta":{"origin":923,"position":5},"title":"The Agilists \u00e0 l&#8217;AgileTour Bordeaux","author":"Alexis","date":"November 11, 2013","format":false,"excerpt":"Nous avons eu la grande joie, Bruno Sbille et moi-m\u00eame, de donner une nouvelle session de \"The Agilists\" lors de l'\u00e9dition 2013 de l'AgileTour Bordeaux qui s'est d\u00e9roul\u00e9e le 8 novembre. J'ai particuli\u00e8rement appr\u00e9ci\u00e9 l'accueil qui nous a \u00e9t\u00e9 r\u00e9serv\u00e9 dans l'amphi comble de l'Epitech ! Un grand merci pour\u2026","rel":"","context":"In &quot;General&quot;","block_context":{"text":"General","link":"https:\/\/blog-alexis.monville.com\/en\/category\/all\/"},"img":{"alt_text":"","src":"https:\/\/i0.wp.com\/blog-alexis.monville.com\/en\/wp-content\/uploads\/sites\/2\/2013\/11\/the-agilists.png?fit=1024%2C768&ssl=1&resize=350%2C200","width":350,"height":200,"srcset":"https:\/\/i0.wp.com\/blog-alexis.monville.com\/en\/wp-content\/uploads\/sites\/2\/2013\/11\/the-agilists.png?fit=1024%2C768&ssl=1&resize=350%2C200 1x, https:\/\/i0.wp.com\/blog-alexis.monville.com\/en\/wp-content\/uploads\/sites\/2\/2013\/11\/the-agilists.png?fit=1024%2C768&ssl=1&resize=525%2C300 1.5x, https:\/\/i0.wp.com\/blog-alexis.monville.com\/en\/wp-content\/uploads\/sites\/2\/2013\/11\/the-agilists.png?fit=1024%2C768&ssl=1&resize=700%2C400 2x"},"classes":[]}],"jetpack_sharing_enabled":true,"_links":{"self":[{"href":"https:\/\/blog-alexis.monville.com\/en\/wp-json\/wp\/v2\/posts\/923","targetHints":{"allow":["GET"]}}],"collection":[{"href":"https:\/\/blog-alexis.monville.com\/en\/wp-json\/wp\/v2\/posts"}],"about":[{"href":"https:\/\/blog-alexis.monville.com\/en\/wp-json\/wp\/v2\/types\/post"}],"author":[{"embeddable":true,"href":"https:\/\/blog-alexis.monville.com\/en\/wp-json\/wp\/v2\/users\/1"}],"replies":[{"embeddable":true,"href":"https:\/\/blog-alexis.monville.com\/en\/wp-json\/wp\/v2\/comments?post=923"}],"version-history":[{"count":1,"href":"https:\/\/blog-alexis.monville.com\/en\/wp-json\/wp\/v2\/posts\/923\/revisions"}],"predecessor-version":[{"id":1711,"href":"https:\/\/blog-alexis.monville.com\/en\/wp-json\/wp\/v2\/posts\/923\/revisions\/1711"}],"wp:attachment":[{"href":"https:\/\/blog-alexis.monville.com\/en\/wp-json\/wp\/v2\/media?parent=923"}],"wp:term":[{"taxonomy":"category","embeddable":true,"href":"https:\/\/blog-alexis.monville.com\/en\/wp-json\/wp\/v2\/categories?post=923"},{"taxonomy":"post_tag","embeddable":true,"href":"https:\/\/blog-alexis.monville.com\/en\/wp-json\/wp\/v2\/tags?post=923"}],"curies":[{"name":"wp","href":"https:\/\/api.w.org\/{rel}","templated":true}]}}