{"id":912,"date":"2010-10-03T21:27:08","date_gmt":"2010-10-03T19:27:08","guid":{"rendered":"https:\/\/blog-alexis.monville.com\/?p=912"},"modified":"2010-10-03T21:27:08","modified_gmt":"2010-10-03T19:27:08","slug":"turn-freedom-on","status":"publish","type":"post","link":"https:\/\/blog-alexis.monville.com\/en\/2010\/10\/03\/turn-freedom-on\/","title":{"rendered":"Turn freedom on"},"content":{"rendered":"<p><a href=\"http:\/\/www.gnu.org\/software\/social\/\"><img data-recalc-dims=\"1\" loading=\"lazy\" decoding=\"async\" data-attachment-id=\"913\" data-permalink=\"https:\/\/blog-alexis.monville.com\/en\/2010\/10\/03\/turn-freedom-on\/gnu-social-logo\/\" data-orig-file=\"https:\/\/i0.wp.com\/blog-alexis.monville.com\/en\/wp-content\/uploads\/sites\/2\/2010\/10\/gnu-social-logo.png?fit=350%2C110&amp;ssl=1\" data-orig-size=\"350,110\" data-comments-opened=\"1\" data-image-meta=\"{&quot;aperture&quot;:&quot;0&quot;,&quot;credit&quot;:&quot;&quot;,&quot;camera&quot;:&quot;&quot;,&quot;caption&quot;:&quot;&quot;,&quot;created_timestamp&quot;:&quot;0&quot;,&quot;copyright&quot;:&quot;&quot;,&quot;focal_length&quot;:&quot;0&quot;,&quot;iso&quot;:&quot;0&quot;,&quot;shutter_speed&quot;:&quot;0&quot;,&quot;title&quot;:&quot;&quot;}\" data-image-title=\"gnu-social-logo\" data-image-description=\"\" data-image-caption=\"\" data-large-file=\"https:\/\/i0.wp.com\/blog-alexis.monville.com\/en\/wp-content\/uploads\/sites\/2\/2010\/10\/gnu-social-logo.png?fit=350%2C110&amp;ssl=1\" class=\"alignleft size-full wp-image-913\" title=\"gnu-social-logo\" src=\"https:\/\/i0.wp.com\/blog-alexis.monville.com\/wp-content\/uploads\/sites\/2\/2010\/10\/gnu-social-logo.png?resize=350%2C110&#038;ssl=1\" alt=\"\" width=\"350\" height=\"110\" srcset=\"https:\/\/i0.wp.com\/blog-alexis.monville.com\/en\/wp-content\/uploads\/sites\/2\/2010\/10\/gnu-social-logo.png?w=350&amp;ssl=1 350w, https:\/\/i0.wp.com\/blog-alexis.monville.com\/en\/wp-content\/uploads\/sites\/2\/2010\/10\/gnu-social-logo.png?resize=300%2C94&amp;ssl=1 300w\" sizes=\"auto, (max-width: 350px) 100vw, 350px\" \/><\/a><a href=\"http:\/\/www.softwarefreedom.org\/about\/team\/#eben\" target=\"_blank\"> Eben Moglen<\/a> a donn\u00e9e la keynote de cloture de la premi\u00e8re journ\u00e9e de l&#8217;<a href=\"http:\/\/openworldforum.org\" target=\"_blank\">OpenWorldForum<\/a> le 30 septembre 2010.<\/p>\n<p>La <strong>libert\u00e9<\/strong> \u00e9tait le th\u00e8me principal de l&#8217;adresse d&#8217;Eben Moglen.<\/p>\n<p>La libert\u00e9 apport\u00e9e par les travaux du mouvement pour le logiciel libre qui a r\u00e9ussi \u00e0 mettre de la libert\u00e9 dans de nombreuses machines pour l&#8217;offrir \u00e0 leurs utilisateurs. C&#8217;est \u00e9galement la libert\u00e9 d&#8217;apprendre qui permet de lib\u00e9rer de nombreuses personnes.<\/p>\n<p>Eben Moglen s&#8217;inqui\u00e9tait ensuite du d\u00e9voiement du r\u00e9seau Internet, con\u00e7u au d\u00e9part comme un r\u00e9seau de pairs \u00e0 pairs qui au fil des ann\u00e9es est devenu un r\u00e9seau de plus en plus centralis\u00e9 avec des serveurs et des clients. Serveurs d\u00e9tenant les informations personnelles des utilisateurs devenues consommateurs d&#8217;informations distribu\u00e9es par des serveurs au travers de lignes aux d\u00e9bits asym\u00e9triques.<\/p>\n<blockquote><p>500 millions de personnes laissent toutes les informations de leurs vies \u00eatre collect\u00e9es dans une grande base de donn\u00e9es qui va \u00eatre exploit\u00e9e pour le profit d&#8217;un fou<\/p><\/blockquote>\n<p>Cette phrase d&#8217;Eben Moglen apparaitra sur twitter de nombreuses fois lors de la keynote. Le d\u00e9voiement du r\u00e9seau Internet par rapport \u00e0 sa conception originale peut \u00eatre corrig\u00e9 en repla\u00e7ant les informations de chaque utilisateurs sur leurs serveurs personnels. Ces informations personnelles, ils pourront d\u00e9cider de les partager avec leurs pairs (leurs amis) et avec personne d&#8217;autre et bien sur personne ne pourra plus disposer d&#8217;une base de donn\u00e9es centralis\u00e9es contenant toutes les donn\u00e9es de tous.<\/p>\n<p>C&#8217;est cette inqui\u00e9tude pour la libert\u00e9 des individus qui a \u00e9t\u00e9 l&#8217;initiateur du projet <a href=\"http:\/\/www.gnu.org\/software\/social\/\" target=\"_blank\">gnu social,<\/a> d\u00e9j\u00e0 propos\u00e9 dans des serveurs <a href=\"http:\/\/foocorp.net\/projects\/fooplug\/\" target=\"_blank\">Foo Plug<\/a> et qui va donc nous permettre de reprendre en main nos donn\u00e9es.<\/p>\n<p>A lire :<\/p>\n<ul>\n<li><a href=\"http:\/\/www.gnu.org\/software\/social\/\" target=\"_blank\">gnu social<\/a><\/li>\n<li><a href=\"http:\/\/www.thehindu.com\/sci-tech\/internet\/article740185.ece\" target=\"_blank\">It&#8217;s time to turn on the freedom<\/a><\/li>\n<li><a href=\"http:\/\/foocorp.net\/projects\/fooplug\/\" target=\"_blank\">Foo Plug<\/a><\/li>\n<\/ul>\n","protected":false},"excerpt":{"rendered":"<p>Eben Moglen a donn\u00e9e la keynote de cloture de la premi\u00e8re journ\u00e9e de l&#8217;OpenWorldForum le 30 septembre 2010. La libert\u00e9 \u00e9tait le th\u00e8me principal de l&#8217;adresse d&#8217;Eben Moglen. La libert\u00e9 apport\u00e9e par les travaux du mouvement pour le logiciel libre qui a r\u00e9ussi \u00e0 mettre de la libert\u00e9 dans de nombreuses machines pour l&#8217;offrir \u00e0 [&hellip;]<\/p>\n","protected":false},"author":1,"featured_media":0,"comment_status":"open","ping_status":"open","sticky":false,"template":"","format":"standard","meta":{"advanced_seo_description":"","jetpack_seo_html_title":"","jetpack_seo_noindex":false,"jetpack_post_was_ever_published":false,"_jetpack_newsletter_access":"","_jetpack_dont_email_post_to_subs":false,"_jetpack_newsletter_tier_id":0,"_jetpack_memberships_contains_paywalled_content":false,"_jetpack_memberships_contains_paid_content":false,"footnotes":""},"categories":[7],"tags":[276],"class_list":["post-912","post","type-post","status-publish","format-standard","hentry","category-international","tag-logiciel-libre"],"jetpack_featured_media_url":"","jetpack_shortlink":"https:\/\/wp.me\/paNjQG-eI","jetpack-related-posts":[{"id":270,"url":"https:\/\/blog-alexis.monville.com\/en\/2008\/12\/02\/promotion-du-logiciel-libre\/","url_meta":{"origin":912,"position":0},"title":"Promotion du logiciel libre","author":"Alexis","date":"December 2, 2008","format":false,"excerpt":"L'APRIL (Association pour la promotion du logiciel libre) m\u00e8ne actuellement une campagne d'adh\u00e9sion avec l'objectif d'atteindre 5000 adh\u00e9rents d'ici \u00e0 la fin de l'ann\u00e9e. Comme vous pouvez le constater avec cette barre de progression, l'objectif est atteignable ! Interop\u00e9rabilit\u00e9, libert\u00e9s informatiques, ma\u00eetrise des syst\u00e8mes d'information, garantie de leurs ind\u00e9pendances vis\u2026","rel":"","context":"In &quot;Explorateurs&quot;","block_context":{"text":"Explorateurs","link":"https:\/\/blog-alexis.monville.com\/en\/category\/explorateurs\/"},"img":{"alt_text":"","src":"http:\/\/www.april.org\/barre-progression\/progbar.php","width":350,"height":200},"classes":[]},{"id":477,"url":"https:\/\/blog-alexis.monville.com\/en\/2009\/04\/08\/intelligence-aux-extremites\/","url_meta":{"origin":912,"position":1},"title":"Intelligence aux extr\u00e9mit\u00e9s","author":"Alexis","date":"April 8, 2009","format":false,"excerpt":"Cette interview, \u00ab\u00a0Tout le monde a int\u00e9r\u00eat \u00e0 transformer Internet en Minitel\u00a0\u00bb, de Benjamin Bayart, pr\u00e9sident de FDN (French Data Network), le plus vieux fournisseur d\u2019acc\u00e8s Internet fran\u00e7ais publi\u00e9 dans Ecrans le 6 f\u00e9vrier 2009 que je vous recommande me rappelle une discussion en marge du dernier barcamp e-reputation... Discussion\u2026","rel":"","context":"In &quot;Explorateurs&quot;","block_context":{"text":"Explorateurs","link":"https:\/\/blog-alexis.monville.com\/en\/category\/explorateurs\/"},"img":{"alt_text":"","src":"https:\/\/i0.wp.com\/www.voltex.fr\/images\/products\/boxIII-1.jpg?resize=350%2C200","width":350,"height":200},"classes":[]},{"id":2093,"url":"https:\/\/blog-alexis.monville.com\/en\/2015\/06\/22\/liberte-et-cie-par-le-club-de-lecture\/","url_meta":{"origin":912,"position":2},"title":"Libert\u00e9 et Cie par le club de lecture","author":"Alexis","date":"June 22, 2015","format":false,"excerpt":"Une nouvelle session de notre nouveau club de lecture \u00e0 Bordeaux se d\u00e9roulait ce samedi 20 juin 2015. Cette fois ci, un peu moins de participants que pr\u00e9vu (\u00e9tait-ce du \u00e0 un ciel trop bleu ?) Claire, Isabel, Fabrice et Patrick se joignait \u00e0 moi pour \u00e9changer autour du livre\u2026","rel":"","context":"In &quot;General&quot;","block_context":{"text":"General","link":"https:\/\/blog-alexis.monville.com\/en\/category\/all\/"},"img":{"alt_text":"","src":"https:\/\/i0.wp.com\/blog-alexis.monville.com\/en\/wp-content\/uploads\/sites\/2\/2015\/06\/2015-06-20-11.51.28-scaled.jpg?fit=891%2C1200&ssl=1&resize=350%2C200","width":350,"height":200,"srcset":"https:\/\/i0.wp.com\/blog-alexis.monville.com\/en\/wp-content\/uploads\/sites\/2\/2015\/06\/2015-06-20-11.51.28-scaled.jpg?fit=891%2C1200&ssl=1&resize=350%2C200 1x, https:\/\/i0.wp.com\/blog-alexis.monville.com\/en\/wp-content\/uploads\/sites\/2\/2015\/06\/2015-06-20-11.51.28-scaled.jpg?fit=891%2C1200&ssl=1&resize=525%2C300 1.5x, https:\/\/i0.wp.com\/blog-alexis.monville.com\/en\/wp-content\/uploads\/sites\/2\/2015\/06\/2015-06-20-11.51.28-scaled.jpg?fit=891%2C1200&ssl=1&resize=700%2C400 2x"},"classes":[]},{"id":435,"url":"https:\/\/blog-alexis.monville.com\/en\/2009\/03\/02\/black-out\/","url_meta":{"origin":912,"position":3},"title":"Black-Out","author":"Alexis","date":"March 2, 2009","format":false,"excerpt":"Une loi qui va permettre de d\u00e9connecter du r\u00e9seau Internet des familles enti\u00e8res sans preuve ni proc\u00e8s. Des sites condamn\u00e9s a disparaitre car ne faisant pas partie de la liste blanche des sites autoris\u00e9s par le gouvernement... Pour en savoir plus sur la loi Cr\u00e9ation et Internet, vous pouvez lire\u2026","rel":"","context":"In &quot;Explorateurs&quot;","block_context":{"text":"Explorateurs","link":"https:\/\/blog-alexis.monville.com\/en\/category\/explorateurs\/"},"img":{"alt_text":"HADOPI - Le Net en France : black-out","src":"https:\/\/i0.wp.com\/media.laquadrature.net\/Quadrature_black-out_HADOPI_125x125px.gif?resize=350%2C200","width":350,"height":200},"classes":[]},{"id":840,"url":"https:\/\/blog-alexis.monville.com\/en\/2010\/06\/19\/rencontres-mondiales\/","url_meta":{"origin":912,"position":4},"title":"Rencontres Mondiales","author":"Alexis","date":"June 19, 2010","format":false,"excerpt":"Les 11\u00e8me Rencontres Mondiales du Logiciel Libre se tiendront du 6 au 11 juillet 2010 \u00e0 Bordeaux.\u00a0Au del\u00e0 des th\u00e8mes techniques classiques, les RMLL 2010 proposent les th\u00e8mes \"D\u00e9veloppement durable\" et \"Accessibilit\u00e9 et handicap\" qui seront les th\u00e8mes fils rouges de l'\u00e9v\u00e8nement, ainsi que\u00a0les th\u00e8mes \"Loisirs, Culture, Arts et Libre\u2026","rel":"","context":"In &quot;Interventions&quot;","block_context":{"text":"Interventions","link":"https:\/\/blog-alexis.monville.com\/en\/category\/interventions\/"},"img":{"alt_text":"","src":"https:\/\/i0.wp.com\/blog-alexis.monville.com\/files\/2010\/06\/RMLL_AFFICHE_800-212x300.png?resize=350%2C200&ssl=1","width":350,"height":200},"classes":[]},{"id":1651,"url":"https:\/\/blog-alexis.monville.com\/en\/2013\/09\/28\/quand-la-liberte-des-salaries-fait-le-succes-des-entreprises\/","url_meta":{"origin":912,"position":5},"title":"Quand la libert\u00e9 des salari\u00e9s fait le succ\u00e8s des entreprises","author":"Alexis","date":"September 28, 2013","format":false,"excerpt":"Le titre de cet article reprend le sous-titre du livre d'Isaac Getz et de Brian M. Carney, Libert\u00e9 & Cie. Ce livre explore les modes de fonctionnement d'une quinzaine d'entreprises \"lib\u00e9r\u00e9es\" (comme Harley-Davidson, WL Gore ou FAVI). Qu'est-ce qu'une entreprise lib\u00e9r\u00e9e ? Une entreprise ou on ne dit pas aux\u2026","rel":"","context":"In &quot;livre&quot;","block_context":{"text":"livre","link":"https:\/\/blog-alexis.monville.com\/en\/category\/livre\/"},"img":{"alt_text":"LiberteCie","src":"https:\/\/i0.wp.com\/blog-alexis.monville.com\/wp-content\/uploads\/sites\/2\/2013\/09\/LiberteCie.jpg?resize=350%2C200&ssl=1","width":350,"height":200},"classes":[]}],"jetpack_sharing_enabled":true,"_links":{"self":[{"href":"https:\/\/blog-alexis.monville.com\/en\/wp-json\/wp\/v2\/posts\/912","targetHints":{"allow":["GET"]}}],"collection":[{"href":"https:\/\/blog-alexis.monville.com\/en\/wp-json\/wp\/v2\/posts"}],"about":[{"href":"https:\/\/blog-alexis.monville.com\/en\/wp-json\/wp\/v2\/types\/post"}],"author":[{"embeddable":true,"href":"https:\/\/blog-alexis.monville.com\/en\/wp-json\/wp\/v2\/users\/1"}],"replies":[{"embeddable":true,"href":"https:\/\/blog-alexis.monville.com\/en\/wp-json\/wp\/v2\/comments?post=912"}],"version-history":[{"count":0,"href":"https:\/\/blog-alexis.monville.com\/en\/wp-json\/wp\/v2\/posts\/912\/revisions"}],"wp:attachment":[{"href":"https:\/\/blog-alexis.monville.com\/en\/wp-json\/wp\/v2\/media?parent=912"}],"wp:term":[{"taxonomy":"category","embeddable":true,"href":"https:\/\/blog-alexis.monville.com\/en\/wp-json\/wp\/v2\/categories?post=912"},{"taxonomy":"post_tag","embeddable":true,"href":"https:\/\/blog-alexis.monville.com\/en\/wp-json\/wp\/v2\/tags?post=912"}],"curies":[{"name":"wp","href":"https:\/\/api.w.org\/{rel}","templated":true}]}}