{"id":904,"date":"2010-09-19T10:42:41","date_gmt":"2010-09-19T08:42:41","guid":{"rendered":"https:\/\/blog-alexis.monville.com\/?p=904"},"modified":"2010-09-19T10:42:41","modified_gmt":"2010-09-19T08:42:41","slug":"journee-du-libre","status":"publish","type":"post","link":"https:\/\/blog-alexis.monville.com\/en\/2010\/09\/19\/journee-du-libre\/","title":{"rendered":"Journ\u00e9e du Libre"},"content":{"rendered":"<p><a href=\"https:\/\/i0.wp.com\/blog-alexis.monville.com\/wp-content\/uploads\/sites\/2\/2010\/09\/logo-software-freedom-day.png?ssl=1\"><img data-recalc-dims=\"1\" loading=\"lazy\" decoding=\"async\" data-attachment-id=\"905\" data-permalink=\"https:\/\/blog-alexis.monville.com\/en\/2010\/09\/19\/journee-du-libre\/logo-software-freedom-day\/\" data-orig-file=\"https:\/\/i0.wp.com\/blog-alexis.monville.com\/en\/wp-content\/uploads\/sites\/2\/2010\/09\/logo-software-freedom-day.png?fit=300%2C130&amp;ssl=1\" data-orig-size=\"300,130\" data-comments-opened=\"1\" data-image-meta=\"{&quot;aperture&quot;:&quot;0&quot;,&quot;credit&quot;:&quot;&quot;,&quot;camera&quot;:&quot;&quot;,&quot;caption&quot;:&quot;&quot;,&quot;created_timestamp&quot;:&quot;0&quot;,&quot;copyright&quot;:&quot;&quot;,&quot;focal_length&quot;:&quot;0&quot;,&quot;iso&quot;:&quot;0&quot;,&quot;shutter_speed&quot;:&quot;0&quot;,&quot;title&quot;:&quot;&quot;}\" data-image-title=\"logo-software-freedom-day\" data-image-description=\"\" data-image-caption=\"\" data-large-file=\"https:\/\/i0.wp.com\/blog-alexis.monville.com\/en\/wp-content\/uploads\/sites\/2\/2010\/09\/logo-software-freedom-day.png?fit=300%2C130&amp;ssl=1\" class=\"alignleft size-full wp-image-905\" title=\"logo-software-freedom-day\" src=\"https:\/\/i0.wp.com\/blog-alexis.monville.com\/wp-content\/uploads\/sites\/2\/2010\/09\/logo-software-freedom-day.png?resize=300%2C130&#038;ssl=1\" alt=\"\" width=\"300\" height=\"130\" \/><\/a>Ce 18 septembre 2010, <a href=\"http:\/\/softwarefreedomday.org\/\" target=\"_blank\">la journ\u00e9e du libre<\/a> (Software Freedom Day) \u00e9tait l&#8217;occasion d&#8217;une journ\u00e9e d&#8217;action sur le terrain par des membres de l&#8217;<a href=\"http:\/\/www.april.org\" target=\"_blank\">April<\/a> et d&#8217;<a href=\"http:\/\/www.ubuntu-fr.org\/\" target=\"_blank\">Ubuntu-Fr<\/a>.<\/p>\n<p>Une op\u00e9ration de sensibilisation aux logiciels libres a \u00e9t\u00e9 men\u00e9e rue Montgallet \u00e0 Paris (une rue ou se trouve de nombreuses boutiques de mat\u00e9riel informatique) entretiens de sensibilisation, questionnaire, invitation \u00e0 l&#8217;<a href=\"http:\/\/ubuntu-party.org\/\" target=\"_blank\">Ubuntu Party<\/a> du 5 et 6 novembre et CD d&#8217;installation d&#8217;Ubuntu 10.4 \u00e9tait au programme de cette journ\u00e9e.<\/p>\n<p>Bravo \u00e0 tous !<\/p>\n","protected":false},"excerpt":{"rendered":"<p>Ce 18 septembre 2010, la journ\u00e9e du libre (Software Freedom Day) \u00e9tait l&#8217;occasion d&#8217;une journ\u00e9e d&#8217;action sur le terrain par des membres de l&#8217;April et d&#8217;Ubuntu-Fr. Une op\u00e9ration de sensibilisation aux logiciels libres a \u00e9t\u00e9 men\u00e9e rue Montgallet \u00e0 Paris (une rue ou se trouve de nombreuses boutiques de mat\u00e9riel informatique) entretiens de sensibilisation, questionnaire, [&hellip;]<\/p>\n","protected":false},"author":1,"featured_media":0,"comment_status":"open","ping_status":"open","sticky":false,"template":"","format":"standard","meta":{"advanced_seo_description":"","jetpack_seo_html_title":"","jetpack_seo_noindex":false,"jetpack_post_was_ever_published":false,"_jetpack_newsletter_access":"","_jetpack_dont_email_post_to_subs":false,"_jetpack_newsletter_tier_id":0,"_jetpack_memberships_contains_paywalled_content":false,"_jetpack_memberships_contains_paid_content":false,"footnotes":""},"categories":[1],"tags":[276],"class_list":["post-904","post","type-post","status-publish","format-standard","hentry","category-all","tag-logiciel-libre"],"jetpack_featured_media_url":"","jetpack_shortlink":"https:\/\/wp.me\/paNjQG-eA","jetpack-related-posts":[{"id":31,"url":"https:\/\/blog-alexis.monville.com\/en\/2006\/10\/12\/journee-e-entreprises\/","url_meta":{"origin":904,"position":0},"title":"Journ\u00e9e e-entreprises","author":"Alexis","date":"October 12, 2006","format":false,"excerpt":"Intervention \u00e0 la journ\u00e9e e-entreprises organis\u00e9e par la CCI du Loiret sur le th\u00e8me du d\u00e9veloppement de l'administration \u00e9lectronique, des standards ouverts et des logiciels libres, une occasion d'avoir des retours des acteurs du \"terrain\" services d\u00e9concentr\u00e9s ou secteur sant\u00e9 social et bien sur de faire connaitre Synergies !!","rel":"","context":"In &quot;Interventions&quot;","block_context":{"text":"Interventions","link":"https:\/\/blog-alexis.monville.com\/en\/category\/interventions\/"},"img":{"alt_text":"","src":"","width":0,"height":0},"classes":[]},{"id":65,"url":"https:\/\/blog-alexis.monville.com\/en\/2007\/05\/23\/journee-d%e2%80%99etude-mediadix\/","url_meta":{"origin":904,"position":1},"title":"Journ\u00e9e d\u2019\u00e9tude Mediadix","author":"Alexis","date":"May 23, 2007","format":false,"excerpt":"Dans le cadre de la journ\u00e9e d'\u00e9tude organis\u00e9e par Mediadix : \"Mettre en ligne des documents num\u00e9ris\u00e9s: besoins et choix logiciels\", j'ai introduit la table ronde \"logiciels libres et logiciels propri\u00e9taires\" avec une pr\u00e9sentation de l'utilisation des logiciels libres dans la modernisation de l'Etat. Les participants \u00e0 cette table ronde\u2026","rel":"","context":"In &quot;Interventions&quot;","block_context":{"text":"Interventions","link":"https:\/\/blog-alexis.monville.com\/en\/category\/interventions\/"},"img":{"alt_text":"","src":"","width":0,"height":0},"classes":[]},{"id":33,"url":"https:\/\/blog-alexis.monville.com\/en\/2006\/10\/18\/seminaire-logiciels-libres-ministere-de-la-defense\/","url_meta":{"origin":904,"position":2},"title":"S\u00e9minaire Logiciels Libres &#8211; minist\u00e8re de la d\u00e9fense","author":"Alexis","date":"October 18, 2006","format":false,"excerpt":"La DGSIC (Direction G\u00e9n\u00e9rale des Syst\u00e8mes d'Information de la Communication) du minist\u00e8re de la d\u00e9fense avait r\u00e9uni de tr\u00e8s bons conf\u00e9renciers pour cette journ\u00e9e, j'esp\u00e8re que vous pourrez trouver rapidement les pr\u00e9sentations sur Synergies.","rel":"","context":"In &quot;General&quot;","block_context":{"text":"General","link":"https:\/\/blog-alexis.monville.com\/en\/category\/all\/"},"img":{"alt_text":"","src":"","width":0,"height":0},"classes":[]},{"id":14,"url":"https:\/\/blog-alexis.monville.com\/en\/2006\/05\/15\/les-rendez-vous-du-cete-logiciel-libre-enjeux-et-perspectives\/","url_meta":{"origin":904,"position":3},"title":"Les Rendez-Vous du CETE \u201cLogiciel libre : enjeux et perspectives\u201d","author":"Alexis","date":"May 15, 2006","format":false,"excerpt":"Invit\u00e9 \u00e0 repr\u00e9senter la Direction G\u00e9n\u00e9rale de la Modernisation de l'Etat lors des Conf\u00e9rences organis\u00e9es par le CETENord-Picardie : \"pour comprendre le pr\u00e9sent et construire l\u2019avenir\" A compl\u00e8ter avec le lien vers les pr\u00e9sentations de l'Adullact et du minist\u00e8re de l'\u00e9quipement et la mienne... Programme : 14h00 - Propos introductif\u2026","rel":"","context":"In &quot;Interventions&quot;","block_context":{"text":"Interventions","link":"https:\/\/blog-alexis.monville.com\/en\/category\/interventions\/"},"img":{"alt_text":"","src":"","width":0,"height":0},"classes":[]},{"id":20,"url":"https:\/\/blog-alexis.monville.com\/en\/2006\/06\/25\/dele\/","url_meta":{"origin":904,"position":4},"title":"Groupe de Travail Franco-Chinois sur les logiciels libres","author":"Alexis","date":"June 25, 2006","format":false,"excerpt":"Membre de la d\u00e9l\u00e9gation fran\u00e7aise lors du d\u00e9placement en Chine du 17 au 25 juin 2006. L'objet principal du d\u00e9placement \u00e9tait la r\u00e9union du Groupe de travail franco-chinois sur les logiciels libres initi\u00e9 suite \u00e0 la signature de l'accord de coop\u00e9ration pour promouvoir l'usage et le d\u00e9veloppement des logiciels libres\u2026","rel":"","context":"In &quot;International&quot;","block_context":{"text":"International","link":"https:\/\/blog-alexis.monville.com\/en\/category\/international\/"},"img":{"alt_text":"","src":"","width":0,"height":0},"classes":[]},{"id":912,"url":"https:\/\/blog-alexis.monville.com\/en\/2010\/10\/03\/turn-freedom-on\/","url_meta":{"origin":904,"position":5},"title":"Turn freedom on","author":"Alexis","date":"October 3, 2010","format":false,"excerpt":"Eben Moglen a donn\u00e9e la keynote de cloture de la premi\u00e8re journ\u00e9e de l'OpenWorldForum le 30 septembre 2010. La libert\u00e9 \u00e9tait le th\u00e8me principal de l'adresse d'Eben Moglen. La libert\u00e9 apport\u00e9e par les travaux du mouvement pour le logiciel libre qui a r\u00e9ussi \u00e0 mettre de la libert\u00e9 dans de\u2026","rel":"","context":"In &quot;International&quot;","block_context":{"text":"International","link":"https:\/\/blog-alexis.monville.com\/en\/category\/international\/"},"img":{"alt_text":"","src":"https:\/\/i0.wp.com\/blog-alexis.monville.com\/wp-content\/uploads\/sites\/2\/2010\/10\/gnu-social-logo.png?resize=350%2C200&ssl=1","width":350,"height":200},"classes":[]}],"jetpack_sharing_enabled":true,"_links":{"self":[{"href":"https:\/\/blog-alexis.monville.com\/en\/wp-json\/wp\/v2\/posts\/904","targetHints":{"allow":["GET"]}}],"collection":[{"href":"https:\/\/blog-alexis.monville.com\/en\/wp-json\/wp\/v2\/posts"}],"about":[{"href":"https:\/\/blog-alexis.monville.com\/en\/wp-json\/wp\/v2\/types\/post"}],"author":[{"embeddable":true,"href":"https:\/\/blog-alexis.monville.com\/en\/wp-json\/wp\/v2\/users\/1"}],"replies":[{"embeddable":true,"href":"https:\/\/blog-alexis.monville.com\/en\/wp-json\/wp\/v2\/comments?post=904"}],"version-history":[{"count":0,"href":"https:\/\/blog-alexis.monville.com\/en\/wp-json\/wp\/v2\/posts\/904\/revisions"}],"wp:attachment":[{"href":"https:\/\/blog-alexis.monville.com\/en\/wp-json\/wp\/v2\/media?parent=904"}],"wp:term":[{"taxonomy":"category","embeddable":true,"href":"https:\/\/blog-alexis.monville.com\/en\/wp-json\/wp\/v2\/categories?post=904"},{"taxonomy":"post_tag","embeddable":true,"href":"https:\/\/blog-alexis.monville.com\/en\/wp-json\/wp\/v2\/tags?post=904"}],"curies":[{"name":"wp","href":"https:\/\/api.w.org\/{rel}","templated":true}]}}