{"id":9,"date":"2006-04-27T19:25:39","date_gmt":"2006-04-27T17:25:39","guid":{"rendered":"http:\/\/alexismonville.wordpress.com\/2006\/04\/27\/europe-idabc-reunion-des-experts-open-source\/"},"modified":"2006-04-27T19:25:39","modified_gmt":"2006-04-27T17:25:39","slug":"europe-idabc-reunion-des-experts-open-source","status":"publish","type":"post","link":"https:\/\/blog-alexis.monville.com\/en\/2006\/04\/27\/europe-idabc-reunion-des-experts-open-source\/","title":{"rendered":"Europe &#8211; IDABC &#8211; R\u00e9union des Experts Open Source"},"content":{"rendered":"<p>\u00e0 mettre \u00e0 jour :<\/p>\n<p>Cross-border collaboration<\/p>\n<p>exemple France &#8211; Belgique sur le catalogue \u00e9lectronique suite \u00e0 la d\u00e9claration de Manchester de novembre 2005&#8230;<\/p>\n","protected":false},"excerpt":{"rendered":"<p>\u00e0 mettre \u00e0 jour : Cross-border collaboration exemple France &#8211; Belgique sur le catalogue \u00e9lectronique suite \u00e0 la d\u00e9claration de Manchester de novembre 2005&#8230;<\/p>\n","protected":false},"author":1,"featured_media":0,"comment_status":"open","ping_status":"open","sticky":false,"template":"","format":"standard","meta":{"advanced_seo_description":"","jetpack_seo_html_title":"","jetpack_seo_noindex":false,"jetpack_post_was_ever_published":false,"_jetpack_newsletter_access":"","_jetpack_dont_email_post_to_subs":false,"_jetpack_newsletter_tier_id":0,"_jetpack_memberships_contains_paywalled_content":false,"_jetpack_memberships_contains_paid_content":false,"footnotes":""},"categories":[12,7,8],"tags":[],"class_list":["post-9","post","type-post","status-publish","format-standard","hentry","category-europe","category-international","category-interventions"],"jetpack_featured_media_url":"","jetpack_shortlink":"https:\/\/wp.me\/paNjQG-9","jetpack-related-posts":[{"id":28,"url":"https:\/\/blog-alexis.monville.com\/en\/2006\/09\/27\/openforum-europe-bruxelles\/","url_meta":{"origin":9,"position":0},"title":"Openforum Europe","author":"Alexis","date":"September 27, 2006","format":false,"excerpt":"OSS, Open Standards and Innovation \u2013 Myth or Reality? Ev\u00e9nement int\u00e9ressant organis\u00e9 par openforum europe \u00e0 Bruxelles. Avec les prises de parole de : Christian Wernberg-Tougaard , Director Unisys EMEA public sector \u201cOpenness! \u2013 a driver or an inhibitor for innovation? \u2013 theory and practice from Europe\u201d Responsible for strategic\u2026","rel":"","context":"In &quot;International&quot;","block_context":{"text":"International","link":"https:\/\/blog-alexis.monville.com\/en\/category\/international\/"},"img":{"alt_text":"","src":"","width":0,"height":0},"classes":[]},{"id":67,"url":"https:\/\/blog-alexis.monville.com\/en\/2007\/06\/05\/la-regulation-de-l%e2%80%99economie-en-france-et-en-europe\/","url_meta":{"origin":9,"position":1},"title":"La r\u00e9gulation de l\u2019\u00e9conomie en France et en Europe","author":"Alexis","date":"June 5, 2007","format":false,"excerpt":"Th\u00e8me des rencontres \u00e9conomiques de ce 5 juin 2007, organis\u00e9es par l'IGPDE et anim\u00e9e, comme toujours, par Didier Ad\u00e8s. Avec les interventions de : Bertrand du Marais, conseiller d\u2019\u00c9tat et professeur associ\u00e9 de droit \u00e0 l\u2019Universit\u00e9 Paris X - Th\u00e8me : \u00ab R\u00e9gulation : une d\u00e9cennie de r\u00e9volutions \u00bb Roger\u2026","rel":"","context":"In &quot;General&quot;","block_context":{"text":"General","link":"https:\/\/blog-alexis.monville.com\/en\/category\/all\/"},"img":{"alt_text":"","src":"","width":0,"height":0},"classes":[]},{"id":8,"url":"https:\/\/blog-alexis.monville.com\/en\/2006\/04\/11\/europe-reunion-des-experts-open-source-prague\/","url_meta":{"origin":9,"position":2},"title":"Europe &#8211; R\u00e9union des Experts Open Source &#8211; Prague","author":"Alexis","date":"April 11, 2006","format":false,"excerpt":"Le th\u00e8me de la r\u00e9union \u00e9tait : Implementing Open Source Software in Public Administrations: Problems and Solutions The one-day-workshop's programme focussed on two areas: The legal context: how to handle licence problems when producing customized software for administrations. How to procure OSS: presentation and discussions on the basis of the\u2026","rel":"","context":"In &quot;Europe&quot;","block_context":{"text":"Europe","link":"https:\/\/blog-alexis.monville.com\/en\/category\/international\/europe\/"},"img":{"alt_text":"","src":"","width":0,"height":0},"classes":[]},{"id":10,"url":"https:\/\/blog-alexis.monville.com\/en\/2006\/04\/28\/europe-idabc-pegsco-technical-working-group-twgof-the-pan-european-egovernment-services-committee-pegsco\/","url_meta":{"origin":9,"position":3},"title":"Europe &#8211; IDABC &#8211; PEGSCO Technical Working Group (TWG)\nof the Pan-European eGovernment Services Committee (PEGSCO)","author":"Alexis","date":"April 28, 2006","format":false,"excerpt":"Je repr\u00e9sente la France lors de la r\u00e9union technique pr\u00e9parant le Pan-European eGovernment Services Committee (PEGSCO) \u00e0 Bruxelles. Le sujet est passionnant : c'est la r\u00e9vision du programme de travail ! Plus d'information sur le programme IDABC (Interoperable Delivery of European eGovernment Services to public Administrations, Businesses and Citizens) de\u2026","rel":"","context":"In &quot;Europe&quot;","block_context":{"text":"Europe","link":"https:\/\/blog-alexis.monville.com\/en\/category\/international\/europe\/"},"img":{"alt_text":"","src":"","width":0,"height":0},"classes":[]},{"id":680,"url":"https:\/\/blog-alexis.monville.com\/en\/2009\/11\/05\/european-interoperability-framework\/","url_meta":{"origin":9,"position":4},"title":"European Interoperability Framework","author":"Alexis","date":"November 5, 2009","format":false,"excerpt":"Un brouillon du cadre d'int\u00e9rop\u00e9rabilit\u00e9 europ\u00e9en fait parler de lui... De l\u00e9g\u00e8res \u00e9volutions font que le document de r\u00e9f\u00e9rence europ\u00e9en qui se permettait de d\u00e9finir les formats ouverts et de recommander l'usage des logiciels libres... ne recommanderait plus grand chose dans ce domaine... Surement une erreur de copi\u00e9-coll\u00e9 ?","rel":"","context":"In &quot;Europe&quot;","block_context":{"text":"Europe","link":"https:\/\/blog-alexis.monville.com\/en\/category\/international\/europe\/"},"img":{"alt_text":"","src":"http:\/\/ec.europa.eu\/idabc\/servlets\/ImageServer?fuseAction=fetchImage&id=26236&width=135&height=133","width":350,"height":200},"classes":[]},{"id":62,"url":"https:\/\/blog-alexis.monville.com\/en\/2007\/05\/09\/fete-de-leurope\/","url_meta":{"origin":9,"position":5},"title":"f\u00eate de l\u2019Europe","author":"Alexis","date":"May 9, 2007","format":false,"excerpt":"le 9 mai, c'est la f\u00eate de l'Europe : http:\/\/www.europa.eu\/50\/news\/article\/070427_a_fr.htm (9 mai 1950 - Robert Schuman, ministre fran\u00e7ais des Affaires \u00e9trang\u00e8res, pr\u00e9sente son plan pour une coop\u00e9ration approfondie. Depuis lors, le 9 mai est devenu la 'Journ\u00e9e de l\u2019Europe' - pour voir la d\u00e9claration)","rel":"","context":"In &quot;Europe&quot;","block_context":{"text":"Europe","link":"https:\/\/blog-alexis.monville.com\/en\/category\/international\/europe\/"},"img":{"alt_text":"","src":"","width":0,"height":0},"classes":[]}],"jetpack_sharing_enabled":true,"_links":{"self":[{"href":"https:\/\/blog-alexis.monville.com\/en\/wp-json\/wp\/v2\/posts\/9","targetHints":{"allow":["GET"]}}],"collection":[{"href":"https:\/\/blog-alexis.monville.com\/en\/wp-json\/wp\/v2\/posts"}],"about":[{"href":"https:\/\/blog-alexis.monville.com\/en\/wp-json\/wp\/v2\/types\/post"}],"author":[{"embeddable":true,"href":"https:\/\/blog-alexis.monville.com\/en\/wp-json\/wp\/v2\/users\/1"}],"replies":[{"embeddable":true,"href":"https:\/\/blog-alexis.monville.com\/en\/wp-json\/wp\/v2\/comments?post=9"}],"version-history":[{"count":0,"href":"https:\/\/blog-alexis.monville.com\/en\/wp-json\/wp\/v2\/posts\/9\/revisions"}],"wp:attachment":[{"href":"https:\/\/blog-alexis.monville.com\/en\/wp-json\/wp\/v2\/media?parent=9"}],"wp:term":[{"taxonomy":"category","embeddable":true,"href":"https:\/\/blog-alexis.monville.com\/en\/wp-json\/wp\/v2\/categories?post=9"},{"taxonomy":"post_tag","embeddable":true,"href":"https:\/\/blog-alexis.monville.com\/en\/wp-json\/wp\/v2\/tags?post=9"}],"curies":[{"name":"wp","href":"https:\/\/api.w.org\/{rel}","templated":true}]}}