{"id":894,"date":"2010-09-16T10:40:22","date_gmt":"2010-09-16T08:40:22","guid":{"rendered":"https:\/\/blog-alexis.monville.com\/?p=894"},"modified":"2014-01-08T22:17:08","modified_gmt":"2014-01-08T21:17:08","slug":"communautes-et-organisations","status":"publish","type":"post","link":"https:\/\/blog-alexis.monville.com\/en\/2010\/09\/16\/communautes-et-organisations\/","title":{"rendered":"Communaut\u00e9s et Organisations"},"content":{"rendered":"<p><strong>B\u00e9n\u00e9dicte Taillebois, Luc Bizeul, S\u00e9bastien Douche, Fr\u00e9d\u00e9ric Freiss et Jean-Michel Huten<\/strong> \u00e9taient \u00e0 La Cantine ce mercredi 15 septembre pour la r\u00e9p\u00e9tition de la conf\u00e9rence &#8220;<a href=\"http:\/\/www.openworldforum.org\/attend\/agenda\/comment-les-entreprises-beneficient-des-communautes\" target=\"_blank\">Comment les entreprises b\u00e9n\u00e9ficient-elles des communaut\u00e9s ?<\/a>&#8221; qui se d\u00e9roulera le 1er octobre de 11h \u00e0 12h30 durant l&#8217;<a href=\"http:\/\/www.openworldforum.org\/attend\/agenda\/comment-les-entreprises-beneficient-des-communautes\" target=\"_blank\">OpenWorldForum<\/a>.<\/p>\n<p>Je les remercie chaleureusement pour leurs contributions \u00e0 cette session d&#8217;entrainement dont je suis ressorti enthousiaste. Je peux \u00e0 pr\u00e9sent vous assurer que cette session sera d&#8217;un tr\u00e8s bon niveau et que les participants (vous donc \ud83d\ude42 ) retireront un grand b\u00e9n\u00e9fice de cette session pour am\u00e9liorer leurs organisations.<\/p>\n<p><strong>Generali, Astria, Securactive, Conseil<\/strong>&#8230; Issus d&#8217;entreprises tr\u00e8s diff\u00e9rentes par la taille et les prestations fournies et avec des parcours tr\u00e8s diff\u00e9rents par la formation et l&#8217;exp\u00e9rience, B\u00e9n\u00e9dicte, Fr\u00e9d\u00e9ric, Jean-Michel, Luc et S\u00e9bastien apporteront des r\u00e9ponses et des \u00e9clairages \u00e0 de nombreuses questions en rapport avec les communaut\u00e9s et les organisations comme par exemple :<\/p>\n<ul>\n<li>Qu&#8217;est-ce qu&#8217;une communaut\u00e9 pour une entreprise ?<\/li>\n<li>Quelles approches pour d\u00e9velopper les interactions au del\u00e0 d&#8217;un groupe r\u00e9duit ?<\/li>\n<li>Comment r\u00e9ussir \u00e0 impliquer les utilisateurs dans le d\u00e9veloppement d&#8217;un produit ?<\/li>\n<li>Comment b\u00e2tir une organisation qui s&#8217;am\u00e9liore continuellement ?<\/li>\n<\/ul>\n<p>Et bien sur <strong>vos questions<\/strong>, puisque nous avons pr\u00e9vu de r\u00e9server <strong>30 minutes <\/strong>pour les \u00e9changes avec la salle.<\/p>\n<p>Les intervenants iront au del\u00e0 des mots valises pour vous transmettre ce qu&#8217;ils ont appris et mis en oeuvre dans leurs organisations.<\/p>\n<p><a href=\"http:\/\/www.openworldforum.org\/attend\/agenda\/comment-les-entreprises-beneficient-des-communautes\/join_form\" target=\"_blank\">L&#8217;inscription<\/a> est n\u00e9cessaire pour participer \u00e0 cette conf\u00e9rence. Je vous remercie apr\u00e8s votre inscription \u00e0 l&#8217;OpenWorldForum, de renseigner votre parcours de visite en indiquant votre participation \u00e0 cette session &#8220;Comment les entreprises b\u00e9n\u00e9ficient-elles des communaut\u00e9s ?&#8221;.<\/p>\n<p><a href=\"http:\/\/www.openworldforum.org\/attend\/agenda\/comment-les-entreprises-beneficient-des-communautes\/join_form\" target=\"_blank\"><strong>Pour vous inscrire<\/strong><\/a><\/p>\n<p><strong>Cette session se d\u00e9roulera en Fran\u00e7ais.<\/strong><\/p>\n<p>Et pour trouver cette article, vous aurez peut-\u00eatre besoin de ces mots cl\u00e9s dont je n&#8217;ai pas parl\u00e9 comme : communaut\u00e9, logiciel libre, open source, facilitation, coach, agile, agilit\u00e9, scrum, lean, kanban, usabilit\u00e9, ergonomie&#8230;<\/p>\n<p><em>A lire \u00e9galement :<\/em><\/p>\n<p><a href=\"http:\/\/ayeba.fr\/2010\/06\/comment-les-entreprises-beneficient-elles-des-communautes\/\"><em>La pr\u00e9sentation de la conf\u00e9rence sur ayeba.fr<\/em><\/a><\/p>\n","protected":false},"excerpt":{"rendered":"<p>B\u00e9n\u00e9dicte Taillebois, Luc Bizeul, S\u00e9bastien Douche, Fr\u00e9d\u00e9ric Freiss et Jean-Michel Huten \u00e9taient \u00e0 La Cantine ce mercredi 15 septembre pour la r\u00e9p\u00e9tition de la conf\u00e9rence &#8220;Comment les entreprises b\u00e9n\u00e9ficient-elles des communaut\u00e9s ?&#8221; qui se d\u00e9roulera le 1er octobre de 11h \u00e0 12h30 durant l&#8217;OpenWorldForum. Je les remercie chaleureusement pour leurs contributions \u00e0 cette session d&#8217;entrainement [&hellip;]<\/p>\n","protected":false},"author":1,"featured_media":0,"comment_status":"open","ping_status":"open","sticky":false,"template":"","format":"standard","meta":{"advanced_seo_description":"","jetpack_seo_html_title":"","jetpack_seo_noindex":false,"jetpack_post_was_ever_published":false,"_jetpack_newsletter_access":"","_jetpack_dont_email_post_to_subs":false,"_jetpack_newsletter_tier_id":0,"_jetpack_memberships_contains_paywalled_content":false,"_jetpack_memberships_contains_paid_content":false,"footnotes":""},"categories":[8],"tags":[262,276,321],"class_list":["post-894","post","type-post","status-publish","format-standard","hentry","category-interventions","tag-lean","tag-logiciel-libre","tag-open-source"],"jetpack_featured_media_url":"","jetpack_shortlink":"https:\/\/wp.me\/paNjQG-eq","jetpack-related-posts":[{"id":1041,"url":"https:\/\/blog-alexis.monville.com\/en\/2011\/02\/04\/lift11-deuxieme-jour\/","url_meta":{"origin":894,"position":0},"title":"Lift11 : deuxi\u00e8me jour","author":"Alexis","date":"February 4, 2011","format":false,"excerpt":"Tiffany St James d\u00e9butait cette deuxi\u00e8me journ\u00e9e de Lift en proposant un plan d'action pour cr\u00e9er de l'engagement au sein des communaut\u00e9s en ligne. Plan d'action que je pourrais r\u00e9sumer en disant, il faut s'engager dans une r\u00e9elle conversation et quitter le mode de communication unidirectionnelle classique. Chris Heatcote poursuivait\u2026","rel":"","context":"In &quot;Europe&quot;","block_context":{"text":"Europe","link":"https:\/\/blog-alexis.monville.com\/en\/category\/international\/europe\/"},"img":{"alt_text":"","src":"https:\/\/i0.wp.com\/blog-alexis.monville.com\/files\/2011\/02\/IMG_0607-300x225.jpg?resize=350%2C200&ssl=1","width":350,"height":200},"classes":[]},{"id":194,"url":"https:\/\/blog-alexis.monville.com\/en\/2008\/10\/11\/la-collaboration-a-l%e2%80%99imperatif\/","url_meta":{"origin":894,"position":1},"title":"La collaboration \u00e0 l\u2019imp\u00e9ratif !","author":"Alexis","date":"October 11, 2008","format":false,"excerpt":"J\u2019ai particip\u00e9 ce 9 octobre \u00e0 une matin\u00e9e d\u2019\u00e9changes organis\u00e9e par Forrester : \u00ab\u00a0Collaboration\u00a0: Expanding Knowledge Work\u2019s Frontier\u00a0\u00bb, une trentaine de personne r\u00e9unies pour \u00e9couter \u00e9changer avec les sp\u00e9cialistes du Knowledge Management et de la Business Intelligence pr\u00e9senter leurs analyses (ce que je croyais en arrivant est barr\u00e9). L\u2019introduction de\u2026","rel":"","context":"In &quot;General&quot;","block_context":{"text":"General","link":"https:\/\/blog-alexis.monville.com\/en\/category\/all\/"},"img":{"alt_text":"","src":"","width":0,"height":0},"classes":[]},{"id":502,"url":"https:\/\/blog-alexis.monville.com\/en\/2009\/04\/27\/travailleurs-du-web\/","url_meta":{"origin":894,"position":2},"title":"Travailleurs du Web","author":"Alexis","date":"April 27, 2009","format":false,"excerpt":"Le BarCamp des Travailleurs du Web s'est tenu ce samedi 25 avril au Comptoir G\u00e9n\u00e9ral (l'espace de conf\u00e9rence de La Ruche au 80 quai de Jemmapes \u00e0 Paris). Des rencontres passionnantes comme toujours dans ces rencontres qui s'auto-organisent (presque). De nombreux sujets abord\u00e9s : GTD, gestion de projet, statut des\u2026","rel":"","context":"In &quot;Explorateurs&quot;","block_context":{"text":"Explorateurs","link":"https:\/\/blog-alexis.monville.com\/en\/category\/explorateurs\/"},"img":{"alt_text":"tdw-camp09","src":"https:\/\/i0.wp.com\/blog-alexis.monville.com\/wp-content\/uploads\/sites\/2\/2009\/04\/tdw-camp09.jpg?resize=350%2C200&ssl=1","width":350,"height":200},"classes":[]},{"id":1422,"url":"https:\/\/blog-alexis.monville.com\/en\/2012\/04\/28\/tedxbordeaux-5\/","url_meta":{"origin":894,"position":3},"title":"TEDxBordeaux","author":"Alexis","date":"April 28, 2012","format":false,"excerpt":"La deuxi\u00e8me r\u00e9union pl\u00e9ni\u00e8re de l'\u00e9quipe d'organisation de TEDxBordeaux 2012 s'est tenue hier au TnBA (Th\u00e9atre national de Bordeaux en Aquitaine). Bel enthousiasme pour la vingtaine de participants pr\u00e9sents ! Tr\u00e8s heureux de prendre part \u00e0 l'organisation cette ann\u00e9e encore ! TEDxBordeaux est organis\u00e9 cette ann\u00e9e sous la conduite de\u2026","rel":"","context":"In &quot;ayeba&quot;","block_context":{"text":"ayeba","link":"https:\/\/blog-alexis.monville.com\/en\/category\/ayeba\/"},"img":{"alt_text":"","src":"https:\/\/i0.wp.com\/blog-alexis.monville.com\/en\/wp-content\/uploads\/sites\/2\/2012\/04\/TEDxBordeaux_Noir_Carre.png?fit=500%2C500&ssl=1&resize=350%2C200","width":350,"height":200},"classes":[]},{"id":783,"url":"https:\/\/blog-alexis.monville.com\/en\/2010\/03\/05\/la-croissance-par-le-partage\/","url_meta":{"origin":894,"position":4},"title":"La croissance par le partage","author":"Alexis","date":"March 5, 2010","format":false,"excerpt":"Charles-H. Schulz d'Ars Aperta, a anim\u00e9 \u00a0\u00e0 La Cantine une table-ronde sur les mod\u00e8les de d\u00e9veloppement et de collaboration au sein des projets du logiciel libre : - Tristan Nitot, Mozilla Europe - Nicolas Barcet, Ubuntu (Canonical) - Louis Montagne, Bearstech - John Lejeune, Hackable Devices - Luis Belmar, Itaapy\u2026","rel":"","context":"In &quot;International&quot;","block_context":{"text":"International","link":"https:\/\/blog-alexis.monville.com\/en\/category\/international\/"},"img":{"alt_text":"","src":"","width":0,"height":0},"classes":[]},{"id":1227,"url":"https:\/\/blog-alexis.monville.com\/en\/2011\/10\/04\/strategie-vs-mise-en-oeuvre\/","url_meta":{"origin":894,"position":5},"title":"Strat\u00e9gie vs Mise en oeuvre","author":"Alexis","date":"October 4, 2011","format":false,"excerpt":"Je re\u00e7ois p\u00e9riodiquement la lettre d'information de McKinsey.\u00a0Le titre de l'\u00e9dition du mois d'octobre m'a permis de comprendre l'\u00e9cart de vision qu'il pouvait exister avec ce que je propose. Cette lettre est titr\u00e9e : Strat\u00e9gie pour une \u00e9poque incertaine ou Strategy for uncertain times en version originale. Pourquoi un \u00e9cart\u2026","rel":"","context":"In &quot;ayeba&quot;","block_context":{"text":"ayeba","link":"https:\/\/blog-alexis.monville.com\/en\/category\/ayeba\/"},"img":{"alt_text":"","src":"https:\/\/i0.wp.com\/blog-alexis.monville.com\/wp-content\/uploads\/sites\/2\/2011\/10\/strategy-chess-1024x682.jpg?resize=350%2C200&ssl=1","width":350,"height":200},"classes":[]}],"jetpack_sharing_enabled":true,"_links":{"self":[{"href":"https:\/\/blog-alexis.monville.com\/en\/wp-json\/wp\/v2\/posts\/894","targetHints":{"allow":["GET"]}}],"collection":[{"href":"https:\/\/blog-alexis.monville.com\/en\/wp-json\/wp\/v2\/posts"}],"about":[{"href":"https:\/\/blog-alexis.monville.com\/en\/wp-json\/wp\/v2\/types\/post"}],"author":[{"embeddable":true,"href":"https:\/\/blog-alexis.monville.com\/en\/wp-json\/wp\/v2\/users\/1"}],"replies":[{"embeddable":true,"href":"https:\/\/blog-alexis.monville.com\/en\/wp-json\/wp\/v2\/comments?post=894"}],"version-history":[{"count":1,"href":"https:\/\/blog-alexis.monville.com\/en\/wp-json\/wp\/v2\/posts\/894\/revisions"}],"predecessor-version":[{"id":1713,"href":"https:\/\/blog-alexis.monville.com\/en\/wp-json\/wp\/v2\/posts\/894\/revisions\/1713"}],"wp:attachment":[{"href":"https:\/\/blog-alexis.monville.com\/en\/wp-json\/wp\/v2\/media?parent=894"}],"wp:term":[{"taxonomy":"category","embeddable":true,"href":"https:\/\/blog-alexis.monville.com\/en\/wp-json\/wp\/v2\/categories?post=894"},{"taxonomy":"post_tag","embeddable":true,"href":"https:\/\/blog-alexis.monville.com\/en\/wp-json\/wp\/v2\/tags?post=894"}],"curies":[{"name":"wp","href":"https:\/\/api.w.org\/{rel}","templated":true}]}}