{"id":883,"date":"2010-08-12T00:09:36","date_gmt":"2010-08-11T22:09:36","guid":{"rendered":"https:\/\/blog-alexis.monville.com\/?p=883"},"modified":"2010-08-12T00:09:36","modified_gmt":"2010-08-11T22:09:36","slug":"tedxchange-paris","status":"publish","type":"post","link":"https:\/\/blog-alexis.monville.com\/en\/2010\/08\/12\/tedxchange-paris\/","title":{"rendered":"TEDxChange @ Paris"},"content":{"rendered":"<p><a href=\"http:\/\/www.tedxparis.com\/2010\/tedxchange\"><img data-recalc-dims=\"1\" loading=\"lazy\" decoding=\"async\" class=\"alignnone\" src=\"https:\/\/i0.wp.com\/www.tedxparis.com\/userfiles\/TEDxChange-banner.jpg?resize=645%2C79\" alt=\"\" width=\"645\" height=\"79\" \/><\/a><\/p>\n<p>Une projection en live de TEDxChange (depuis New York, avec Melinda French Gates, Gra\u00e7a Machel et Mechai Viravaidya) sera suivie d&#8217;une session de networking entre acteurs et passionn\u00e9s d&#8217;id\u00e9es innovantes pour changer le monde. Le programme du live est disponible sur le site de la<a href=\"http:\/\/www.gatesfoundation.org\/tedxchange\/Pages\/default.aspx\/\"> fondation Bill et Melinda Gates<\/a> et sur\u00a0<a href=\"http:\/\/www.facebook.com\/event.php?eid=130798866945779\">Facebook<\/a>.<\/p>\n<p>RDV avec\u00a0<a href=\"http:\/\/www.facebook.com\/TEDx-Paris\/119104501832?ref=ts&amp;__a=22&amp;ajaxpipe=1\">la communaut\u00e9 TEDxParis<\/a>, chez\u00a0<a href=\"http:\/\/www.facebook.com\/danone.communities\">danone.communities<\/a>*<br \/>\n&#8211; lundi 20 septembre<br \/>\n&#8211; de 16h30 \u00e0 19h30<br \/>\n&#8211; chez\u00a0<a href=\"http:\/\/www.facebook.com\/danone.communities\">danone.communities<\/a>, 17 boulevard Haussmann<\/p>\n<p>Entr\u00e9e gratuite et nombre de places limit\u00e9 : <a href=\"http:\/\/www.tedxparis.com\/2010\/tedxchange\" target=\"_blank\">merci de vous inscrire via le formulaire suivant<\/a>. Vos r\u00e9ponses enrichiront la s\u00e9ance de networking.<\/p>\n","protected":false},"excerpt":{"rendered":"<p>Une projection en live de TEDxChange (depuis New York, avec Melinda French Gates, Gra\u00e7a Machel et Mechai Viravaidya) sera suivie d&#8217;une session de networking entre acteurs et passionn\u00e9s d&#8217;id\u00e9es innovantes pour changer le monde. Le programme du live est disponible sur le site de la fondation Bill et Melinda Gates et sur\u00a0Facebook. RDV avec\u00a0la communaut\u00e9 [&hellip;]<\/p>\n","protected":false},"author":1,"featured_media":0,"comment_status":"open","ping_status":"open","sticky":false,"template":"","format":"standard","meta":{"advanced_seo_description":"","jetpack_seo_html_title":"","jetpack_seo_noindex":false,"jetpack_post_was_ever_published":false,"_jetpack_newsletter_access":"","_jetpack_dont_email_post_to_subs":false,"_jetpack_newsletter_tier_id":0,"_jetpack_memberships_contains_paywalled_content":false,"_jetpack_memberships_contains_paid_content":false,"footnotes":""},"categories":[1],"tags":[],"class_list":["post-883","post","type-post","status-publish","format-standard","hentry","category-all"],"jetpack_featured_media_url":"","jetpack_shortlink":"https:\/\/wp.me\/paNjQG-ef","jetpack-related-posts":[{"id":32,"url":"https:\/\/blog-alexis.monville.com\/en\/2006\/10\/17\/club-01-dsi\/","url_meta":{"origin":883,"position":0},"title":"Club 01 DSI","author":"Alexis","date":"October 17, 2006","format":false,"excerpt":"Je suis intervenu comme \"t\u00e9moin\" lors du Club 01 DSI co-organis\u00e9 avec Thales sur le th\u00e8me des logiciels libres dont voici le programme : Logiciels libre : Pourquoi y recourir ? A Quelles conditions ? Logiciels libres : zoom sur le double paradoxe fran\u00e7ais. (Matthieu Poujol, consultant senior chez Pierre\u2026","rel":"","context":"In &quot;Interventions&quot;","block_context":{"text":"Interventions","link":"https:\/\/blog-alexis.monville.com\/en\/category\/interventions\/"},"img":{"alt_text":"","src":"","width":0,"height":0},"classes":[]},{"id":305,"url":"https:\/\/blog-alexis.monville.com\/en\/2009\/01\/12\/gerer-ses-mots-de-passe-en-ligne-avec-clipperzcom\/","url_meta":{"origin":883,"position":1},"title":"G\u00e8rer ses mots de passe en ligne avec clipperz.com","author":"Alexis","date":"January 12, 2009","format":false,"excerpt":"Emilie Ogez pose aujourd'hui la question : \"Comment g\u00e9rez-vous vos mots de passe ?\" Elle a re\u00e7u quelques \u00e9l\u00e9ments de r\u00e9ponse en commentaire de son message. Et pour poursuivre la discussion... Si ne je n'ai pas encore trouv\u00e9 la solution qui me satisfait totalement, je teste depuis quelques semaines la\u2026","rel":"","context":"In &quot;Explorateurs&quot;","block_context":{"text":"Explorateurs","link":"https:\/\/blog-alexis.monville.com\/en\/category\/explorateurs\/"},"img":{"alt_text":"clipperz_titre","src":"https:\/\/i0.wp.com\/blog-alexis.monville.com\/wp-content\/uploads\/sites\/2\/2009\/01\/clipperz_titre.gif?resize=350%2C200&ssl=1","width":350,"height":200},"classes":[]},{"id":373,"url":"https:\/\/blog-alexis.monville.com\/en\/2009\/02\/01\/collaborer-pour-innover\/","url_meta":{"origin":883,"position":2},"title":"Collaborer pour innover","author":"Alexis","date":"February 1, 2009","format":false,"excerpt":"Collaborer pour Innover ? C'est le titre d'une \u00e9tude publi\u00e9e par Capgemini en 2008 qui recommande entre autres de : mesurer le processus d'innovation, d'accroitre l'implication des parties prenantes dans le processus d'innovation, de consid\u00e9rer les fournisseurs comme des partenaires strat\u00e9giques (et pas comme des fournisseurs \u00e0 bas co\u00fbt), de\u2026","rel":"","context":"In &quot;Explorateurs&quot;","block_context":{"text":"Explorateurs","link":"https:\/\/blog-alexis.monville.com\/en\/category\/explorateurs\/"},"img":{"alt_text":"capgemini-collaborating-for-innovation","src":"https:\/\/i0.wp.com\/blog-alexis.monville.com\/wp-content\/uploads\/sites\/2\/2009\/01\/capgemini-collaborating-for-innovation.jpg?resize=350%2C200&ssl=1","width":350,"height":200},"classes":[]},{"id":244,"url":"https:\/\/blog-alexis.monville.com\/en\/2008\/11\/02\/internet-creation\/","url_meta":{"origin":883,"position":3},"title":"Internet &#038; Cr\u00e9ation","author":"Alexis","date":"November 2, 2008","format":false,"excerpt":"Internet & Cr\u00e9ation est le dernier livre de Philippe Aigrain publi\u00e9 aux \u00e9dtions InLibroVeritas. Comment reconna\u00eetre les \u00e9changes sur internet en finan\u00e7ant la cr\u00e9ation\u00a0? Cette question est le sous-titre de ce livre. A lire pour en savoir plus sur les m\u00e9canismes d'\u00e9changes et de cr\u00e9ation, ainsi que sur le future\u2026","rel":"","context":"In &quot;Explorateurs&quot;","block_context":{"text":"Explorateurs","link":"https:\/\/blog-alexis.monville.com\/en\/category\/explorateurs\/"},"img":{"alt_text":"","src":"https:\/\/i0.wp.com\/www.ilv-edition.com\/images\/librairie\/couvertures\/internet_et_creation_thumb.jpg?resize=350%2C200","width":350,"height":200},"classes":[]},{"id":1605,"url":"https:\/\/blog-alexis.monville.com\/en\/2013\/06\/24\/changer-le-monde\/","url_meta":{"origin":883,"position":4},"title":"Changer le monde ?","author":"Alexis","date":"June 24, 2013","format":false,"excerpt":"J'avais cet ouvrage dans ma liste de lecture depuis assez longtemps, mais... Bref, j'ai profit\u00e9 qu'il soit disponible sur le stand des goodies de DARE13 (j'en profite que l'id\u00e9e du stand commun pour tous les goodies de la conf\u00e9rence, ou chaque participant peut venir choisir les goodies qu'il ram\u00e8nera chez\u2026","rel":"","context":"In &quot;International&quot;","block_context":{"text":"International","link":"https:\/\/blog-alexis.monville.com\/en\/category\/international\/"},"img":{"alt_text":"how-to-change-the-world","src":"https:\/\/i0.wp.com\/blog-alexis.monville.com\/wp-content\/uploads\/sites\/2\/2013\/06\/how-to-change-the-world.png?resize=350%2C200&ssl=1","width":350,"height":200},"classes":[]},{"id":1828,"url":"https:\/\/blog-alexis.monville.com\/en\/2014\/04\/22\/developper-des-produits-avec-des-equipes-distribuees\/","url_meta":{"origin":883,"position":5},"title":"D\u00e9velopper des produits avec des \u00e9quipes distribu\u00e9es","author":"Alexis","date":"April 22, 2014","format":false,"excerpt":"Apr\u00e8s la conf\u00e9rence que j'ai donn\u00e9 le 10 avril pour le ScrumDay, je suis en train de pr\u00e9parer celle que je donnerais lors de Mix-IT le 30 avril 2014. Le r\u00e9sum\u00e9 de la session est assez similaire entre les deux, voici celui du ScrumDay : De nos jours, presque tout\u2026","rel":"","context":"In &quot;Interventions&quot;","block_context":{"text":"Interventions","link":"https:\/\/blog-alexis.monville.com\/en\/category\/interventions\/"},"img":{"alt_text":"","src":"https:\/\/i0.wp.com\/blog-alexis.monville.com\/en\/wp-content\/uploads\/sites\/2\/2014\/04\/mixit-banner.png?fit=800%2C270&ssl=1&resize=350%2C200","width":350,"height":200,"srcset":"https:\/\/i0.wp.com\/blog-alexis.monville.com\/en\/wp-content\/uploads\/sites\/2\/2014\/04\/mixit-banner.png?fit=800%2C270&ssl=1&resize=350%2C200 1x, https:\/\/i0.wp.com\/blog-alexis.monville.com\/en\/wp-content\/uploads\/sites\/2\/2014\/04\/mixit-banner.png?fit=800%2C270&ssl=1&resize=525%2C300 1.5x, https:\/\/i0.wp.com\/blog-alexis.monville.com\/en\/wp-content\/uploads\/sites\/2\/2014\/04\/mixit-banner.png?fit=800%2C270&ssl=1&resize=700%2C400 2x"},"classes":[]}],"jetpack_sharing_enabled":true,"_links":{"self":[{"href":"https:\/\/blog-alexis.monville.com\/en\/wp-json\/wp\/v2\/posts\/883","targetHints":{"allow":["GET"]}}],"collection":[{"href":"https:\/\/blog-alexis.monville.com\/en\/wp-json\/wp\/v2\/posts"}],"about":[{"href":"https:\/\/blog-alexis.monville.com\/en\/wp-json\/wp\/v2\/types\/post"}],"author":[{"embeddable":true,"href":"https:\/\/blog-alexis.monville.com\/en\/wp-json\/wp\/v2\/users\/1"}],"replies":[{"embeddable":true,"href":"https:\/\/blog-alexis.monville.com\/en\/wp-json\/wp\/v2\/comments?post=883"}],"version-history":[{"count":0,"href":"https:\/\/blog-alexis.monville.com\/en\/wp-json\/wp\/v2\/posts\/883\/revisions"}],"wp:attachment":[{"href":"https:\/\/blog-alexis.monville.com\/en\/wp-json\/wp\/v2\/media?parent=883"}],"wp:term":[{"taxonomy":"category","embeddable":true,"href":"https:\/\/blog-alexis.monville.com\/en\/wp-json\/wp\/v2\/categories?post=883"},{"taxonomy":"post_tag","embeddable":true,"href":"https:\/\/blog-alexis.monville.com\/en\/wp-json\/wp\/v2\/tags?post=883"}],"curies":[{"name":"wp","href":"https:\/\/api.w.org\/{rel}","templated":true}]}}