{"id":88,"date":"2008-04-03T12:27:44","date_gmt":"2008-04-03T11:27:44","guid":{"rendered":"http:\/\/alexismonville.wordpress.com\/?p=88"},"modified":"2008-04-03T12:27:44","modified_gmt":"2008-04-03T11:27:44","slug":"au-dela-du-pib-le-bonheur","status":"publish","type":"post","link":"https:\/\/blog-alexis.monville.com\/en\/2008\/04\/03\/au-dela-du-pib-le-bonheur\/","title":{"rendered":"Au-del\u00e0 du PIB le bonheur ?"},"content":{"rendered":"<p>Je reprends ici le titre de l\u2019analyse de Marine Boisson, D\u00e9partement Questions sociales et C\u00e9line Mareuge, D\u00e9partement des Affaires \u00e9conomiques et financi\u00e8res, du Centre d\u2019analyse strat\u00e9gique parue dans la note de veille num\u00e9ro 91, dat\u00e9e de f\u00e9vrier 2008.<\/p>\n<p>En cette semaine du d\u00e9veloppement durable, plusieurs voix s\u2019\u00e9l\u00e8vent pour interroger les indicateurs utilis\u00e9s pour les d\u00e9cisions politiques. Le plus connu de ces indicateurs, celui qui est invoqu\u00e9 le plus r\u00e9guli\u00e8rement est le <b><i>PIB<\/i><\/b>, ou Produit Int\u00e9rieur Brut, dont la <i>Croissance <\/i>nous apportera implicitement le bonheur.<br \/>\nLe r\u00e9sum\u00e9 propos\u00e9 par les auteurs de cette note est :<br \/>\n\u00ab L\u2019adage populaire selon lequel \u00ab l\u2019argent ne fait pas le bonheur m\u00eame s\u2019il y contribue \u00bb s\u2019est trouv\u00e9 confirm\u00e9 depuis une trentaine d\u2019ann\u00e9es par les enqu\u00eates montrant une dissociation relative entre progressions du niveau de vie et de la satisfaction des individus. Il s\u2019en est suivi un foisonnement d\u2019indicateurs alternatifs au produit int\u00e9rieur brut, cens\u00e9s \u00eatre plus aptes \u00e0 mesurer le \u00ab vrai \u00bb progr\u00e8s et \u00e0 guider les politiques publiques. Toutefois, amender ou compl\u00e9ter le PIB, dont la coh\u00e9rence reste av\u00e9r\u00e9e, n\u2019est pas si ais\u00e9. Cette note montre les difficult\u00e9s rencontr\u00e9es, les choix explicites ou sous-jacents \u00e0 cette entreprise, que m\u00eame les approches objectives, y compris la neuro\u00e9conomie, ne peuvent \u00e9viter. \u00bb<\/p>\n<p>Les indicateurs alternatifs \u00e9voqu\u00e9s dans la note sont par exemple ceux du <a href=\"http:\/\/www.undp.org\/french\/\" target=\"_blank\">PNUD <\/a>(Programme des Nations Unies pour le D\u00e9veloppement), comme l\u2019IDH (Indice de D\u00e9veloppement Humain), IPH (Indice de Pauvret\u00e9 Humaine). Une liaison avec des indicateurs de mesures des in\u00e9galit\u00e9s puisque comme le remarquait d\u00e9s les ann\u00e9es 20, le cr\u00e9ateur de l\u2019anc\u00eatre du PIB, l\u2019apport de revenu compl\u00e9mentaire \u00e0 un impact tr\u00e8s diff\u00e9rents en fonction du revenu initial (en caricaturant si Bill Gates gagne 10000 euros de plus, il ne le remarquera pas\u2026 alors que pour la plupart de nos concitoyens etc\u2026).<\/p>\n<p>Et pour vous donner envie de lire cette note, j\u2019extrais un autre \u00e9l\u00e9ment de la conclusion :<br \/>\n\u00ab La question du point de vue collectif ne serait pas tant de garantir un droit au bonheur qu\u2019une organisation qui favorise sa poursuite. Une vision sociale positive pour le XXIe si\u00e8cle est notamment offerte par la th\u00e9orie des \u00ab capabilit\u00e9s \u00bb, d\u00e9velopp\u00e9e par Amartya Sen et relay\u00e9e par un nombre croissant d\u2019acteurs institutionnels (PNUD, Commission europ\u00e9enne, OCDE, etc.). \u00bb<\/p>\n<p><b>En avant donc pour une am\u00e9lioration continue \u00e9quilibrant les trois composantes du d\u00e9veloppement durable : Environnement, Social et Economie.<br \/>\n<a href=\"http:\/\/www.strategie.gouv.fr\/rubrique.php3?id_rubrique=12\"><br \/>\nhttp:\/\/www.strategie.gouv.fr\/rubrique.php3?id_rubrique=12<\/a><\/b><\/p>\n","protected":false},"excerpt":{"rendered":"<p>Je reprends ici le titre de l\u2019analyse de Marine Boisson, D\u00e9partement Questions sociales et C\u00e9line Mareuge, D\u00e9partement des Affaires \u00e9conomiques et financi\u00e8res, du Centre d\u2019analyse strat\u00e9gique parue dans la note de veille num\u00e9ro 91, dat\u00e9e de f\u00e9vrier 2008. En cette semaine du d\u00e9veloppement durable, plusieurs voix s\u2019\u00e9l\u00e8vent pour interroger les indicateurs utilis\u00e9s pour les d\u00e9cisions [&hellip;]<\/p>\n","protected":false},"author":1,"featured_media":0,"comment_status":"open","ping_status":"open","sticky":false,"template":"","format":"standard","meta":{"advanced_seo_description":"","jetpack_seo_html_title":"","jetpack_seo_noindex":false,"jetpack_post_was_ever_published":false,"_jetpack_newsletter_access":"","_jetpack_dont_email_post_to_subs":false,"_jetpack_newsletter_tier_id":0,"_jetpack_memberships_contains_paywalled_content":false,"_jetpack_memberships_contains_paid_content":false,"footnotes":""},"categories":[1],"tags":[],"class_list":["post-88","post","type-post","status-publish","format-standard","hentry","category-all"],"jetpack_featured_media_url":"","jetpack_shortlink":"https:\/\/wp.me\/paNjQG-1q","jetpack-related-posts":[{"id":2020,"url":"https:\/\/blog-alexis.monville.com\/en\/2015\/02\/04\/le-bonheur-au-travail-2\/","url_meta":{"origin":88,"position":0},"title":"Le Bonheur au Travail","author":"Alexis","date":"February 4, 2015","format":false,"excerpt":"Au mois d'octobre 2013, je vous avais propos\u00e9 de devenir producteur du film \"Le Bonheur Au Travail\" de Martin Meissonnier. Le film a \u00e9t\u00e9 diffus\u00e9 hier, mardi 3 f\u00e9vrier 2015,\u00a0dans les locaux d'eNovance (Red Hat) \u00e0 Paris pour une avant-avant-premi\u00e8re (c'\u00e9tait la contrepartie pour notre contribution au financement du film\u2026","rel":"","context":"In &quot;General&quot;","block_context":{"text":"General","link":"https:\/\/blog-alexis.monville.com\/en\/category\/all\/"},"img":{"alt_text":"","src":"https:\/\/i0.wp.com\/blog-alexis.monville.com\/en\/wp-content\/uploads\/sites\/2\/2015\/02\/le-bonheur-au-travail.gif?fit=1200%2C600&ssl=1&resize=350%2C200","width":350,"height":200,"srcset":"https:\/\/i0.wp.com\/blog-alexis.monville.com\/en\/wp-content\/uploads\/sites\/2\/2015\/02\/le-bonheur-au-travail.gif?fit=1200%2C600&ssl=1&resize=350%2C200 1x, https:\/\/i0.wp.com\/blog-alexis.monville.com\/en\/wp-content\/uploads\/sites\/2\/2015\/02\/le-bonheur-au-travail.gif?fit=1200%2C600&ssl=1&resize=525%2C300 1.5x, https:\/\/i0.wp.com\/blog-alexis.monville.com\/en\/wp-content\/uploads\/sites\/2\/2015\/02\/le-bonheur-au-travail.gif?fit=1200%2C600&ssl=1&resize=700%2C400 2x, https:\/\/i0.wp.com\/blog-alexis.monville.com\/en\/wp-content\/uploads\/sites\/2\/2015\/02\/le-bonheur-au-travail.gif?fit=1200%2C600&ssl=1&resize=1050%2C600 3x"},"classes":[]},{"id":1990,"url":"https:\/\/blog-alexis.monville.com\/en\/2015\/01\/20\/lannee-du-bonheur\/","url_meta":{"origin":88,"position":1},"title":"L&#8217;ann\u00e9e du bonheur","author":"Alexis","date":"January 20, 2015","format":false,"excerpt":"Nous sommes au d\u00e9but d\u2019une nouvelle ann\u00e9e, la p\u00e9riode ou l\u2019on se souhaite une bonne et heureuse ann\u00e9e, la p\u00e9riode ou l'on prend de (nouvelles) bonnes r\u00e9solutions... Et si cette r\u00e9flexion dans le choix de vos r\u00e9solutions vous conduisait \u00e0 choisir d'\u00eatre heureux ? Je vous souhaite d\u2019\u00eatre heureux bien\u2026","rel":"","context":"In &quot;livre&quot;","block_context":{"text":"livre","link":"https:\/\/blog-alexis.monville.com\/en\/category\/livre\/"},"img":{"alt_text":"HowofHappiness-cover","src":"https:\/\/i0.wp.com\/blog-alexis.monville.com\/wp-content\/uploads\/sites\/2\/2015\/01\/HowofHappiness-cover.jpg?resize=350%2C200&ssl=1","width":350,"height":200},"classes":[]},{"id":89,"url":"https:\/\/blog-alexis.monville.com\/en\/2008\/04\/09\/que-valent-les-previsions-economiques\/","url_meta":{"origin":88,"position":2},"title":"Que valent les pr\u00e9visions \u00e9conomiques ?","author":"Alexis","date":"April 9, 2008","format":false,"excerpt":"Le cycle des rencontres \u00e9conomiques organis\u00e9 par l\u2019IGPDE vient de reprendre ce jeudi 3 avril. Le th\u00e8me d\u2019ouverture est curieusement d\u2019actualit\u00e9 (pour un sujet s\u00e9lectionn\u00e9 une ann\u00e9e auparavant) comme le faisait remarquer l\u2019animateur Didier Ades en rappelant que si les pr\u00e9visions \u00e9conomiques ont un caract\u00e8re fondamental par les d\u00e9cisions qu\u2019elles\u2026","rel":"","context":"In &quot;General&quot;","block_context":{"text":"General","link":"https:\/\/blog-alexis.monville.com\/en\/category\/all\/"},"img":{"alt_text":"","src":"","width":0,"height":0},"classes":[]},{"id":783,"url":"https:\/\/blog-alexis.monville.com\/en\/2010\/03\/05\/la-croissance-par-le-partage\/","url_meta":{"origin":88,"position":3},"title":"La croissance par le partage","author":"Alexis","date":"March 5, 2010","format":false,"excerpt":"Charles-H. Schulz d'Ars Aperta, a anim\u00e9 \u00a0\u00e0 La Cantine une table-ronde sur les mod\u00e8les de d\u00e9veloppement et de collaboration au sein des projets du logiciel libre : - Tristan Nitot, Mozilla Europe - Nicolas Barcet, Ubuntu (Canonical) - Louis Montagne, Bearstech - John Lejeune, Hackable Devices - Luis Belmar, Itaapy\u2026","rel":"","context":"In &quot;International&quot;","block_context":{"text":"International","link":"https:\/\/blog-alexis.monville.com\/en\/category\/international\/"},"img":{"alt_text":"","src":"","width":0,"height":0},"classes":[]},{"id":99,"url":"https:\/\/blog-alexis.monville.com\/en\/2008\/06\/07\/les-leviers-de-la-croissance-francaise\/","url_meta":{"origin":88,"position":4},"title":"Les leviers de la croissance fran\u00e7aise","author":"Alexis","date":"June 7, 2008","format":false,"excerpt":"Cette session des Rencontres \u00e9conomiques du 5 juin 2008 abordait un th\u00e8me d'actualit\u00e9 depuis 1975 comme le rappelait l'animateur, Didier Ad\u00e8s, de retour pour cette session... Mauvais diagnostic ? fatalit\u00e9 fran\u00e7aise ? Jean-Louis LEVET, directeur g\u00e9n\u00e9ral de l'Institut de Recherches Economiques et Sociales (IRES), proposait de faire un diagnostique actuel\u2026","rel":"","context":"In &quot;General&quot;","block_context":{"text":"General","link":"https:\/\/blog-alexis.monville.com\/en\/category\/all\/"},"img":{"alt_text":"","src":"","width":0,"height":0},"classes":[]},{"id":816,"url":"https:\/\/blog-alexis.monville.com\/en\/2010\/05\/09\/revenu-de-vie\/","url_meta":{"origin":88,"position":5},"title":"Revenu de Vie","author":"Alexis","date":"May 9, 2010","format":false,"excerpt":"Avez-vous d\u00e9j\u00e0 entendu parler du Revenu de Vie ? Peut-\u00eatre \u00eates-vous d\u00e9j\u00e0 signataire de l'Appel pour un Revenu de Vie ? Peut-\u00eatre avez-vous envie d'en savoir plus avant de vous engager dans la promotion de cette \u00e9volution de notre soci\u00e9t\u00e9 ? Qu'est-ce que le Revenu de Vie ? L'id\u00e9e du\u2026","rel":"","context":"In &quot;General&quot;","block_context":{"text":"General","link":"https:\/\/blog-alexis.monville.com\/en\/category\/all\/"},"img":{"alt_text":"","src":"https:\/\/i0.wp.com\/blog-alexis.monville.com\/wp-content\/uploads\/sites\/2\/2010\/05\/pzado-pathway1.jpg?resize=350%2C200&ssl=1","width":350,"height":200},"classes":[]}],"jetpack_sharing_enabled":true,"_links":{"self":[{"href":"https:\/\/blog-alexis.monville.com\/en\/wp-json\/wp\/v2\/posts\/88","targetHints":{"allow":["GET"]}}],"collection":[{"href":"https:\/\/blog-alexis.monville.com\/en\/wp-json\/wp\/v2\/posts"}],"about":[{"href":"https:\/\/blog-alexis.monville.com\/en\/wp-json\/wp\/v2\/types\/post"}],"author":[{"embeddable":true,"href":"https:\/\/blog-alexis.monville.com\/en\/wp-json\/wp\/v2\/users\/1"}],"replies":[{"embeddable":true,"href":"https:\/\/blog-alexis.monville.com\/en\/wp-json\/wp\/v2\/comments?post=88"}],"version-history":[{"count":0,"href":"https:\/\/blog-alexis.monville.com\/en\/wp-json\/wp\/v2\/posts\/88\/revisions"}],"wp:attachment":[{"href":"https:\/\/blog-alexis.monville.com\/en\/wp-json\/wp\/v2\/media?parent=88"}],"wp:term":[{"taxonomy":"category","embeddable":true,"href":"https:\/\/blog-alexis.monville.com\/en\/wp-json\/wp\/v2\/categories?post=88"},{"taxonomy":"post_tag","embeddable":true,"href":"https:\/\/blog-alexis.monville.com\/en\/wp-json\/wp\/v2\/tags?post=88"}],"curies":[{"name":"wp","href":"https:\/\/api.w.org\/{rel}","templated":true}]}}