{"id":87,"date":"2008-04-02T08:06:52","date_gmt":"2008-04-02T07:06:52","guid":{"rendered":"http:\/\/alexismonville.wordpress.com\/?p=87"},"modified":"2008-04-02T08:06:52","modified_gmt":"2008-04-02T07:06:52","slug":"in-principo-%c2%ab-accelerateur-de-progres-%c2%bb","status":"publish","type":"post","link":"https:\/\/blog-alexis.monville.com\/en\/2008\/04\/02\/in-principo-%c2%ab-accelerateur-de-progres-%c2%bb\/","title":{"rendered":"In Principo : \u00ab acc\u00e9l\u00e9rateur de progr\u00e8s \u00bb"},"content":{"rendered":"<p><span style=\"font-size:10pt;font-family:Arial\"><\/span> <span style=\"font-size:10pt;font-family:Arial\">Ce 25 mars j\u2019\u00e9tais invit\u00e9 \u00e0 d\u00e9couvrir le programme CoAgilit\u00e9 d\u2019In Principo. Cette pr\u00e9sentation \u00e9tait introduite par Olivier R\u00e9aud, un des fondateurs, qui r\u00e9sumait la d\u00e9nomination par une illustration d\u2019agilit\u00e9\u00a0: une jolie photo de singe &#8211; ind\u00e9niablement agile &#8211; illustration permettant de prendre conscience simplement que pour l\u2019entreprise, c\u2019est le fait d\u2019\u00eatre agile ensemble qui allait compter\u2026 L\u2019int\u00e9r\u00eat de ce programme r\u00e9side dans les limites des approches classiques qui ne sont pas adapt\u00e9es lorsque le nombre de parties prenantes augmente, ou que les d\u00e9lais de mise en \u0153uvre raccourcissent.<\/span><\/p>\n<p class=\"MsoNormal\"><span style=\"font-size:10pt;font-family:Arial\">Le t\u00e9moignage de Jean-Philippe Sarraut, PDG de SEFAS Innovation, venait renforcer cette pr\u00e9sentation attractive. Jean-Philippe Sarraut se pr\u00e9sente comme un manager de crise, qui a remis en bonne forme une entreprise en construisant un syst\u00e8me hi\u00e9rarchique ou il est \u00e0 l\u2019initiative de toutes orientations et o\u00f9 il prend toutes les d\u00e9cisions. Si il justifie ce syst\u00e8me par la situation de crise dans laquelle se trouvait la soci\u00e9t\u00e9, il est \u00e9videmment tr\u00e8s int\u00e9ressant de comprendre ce qu\u2019il a pouss\u00e9 \u00e0 revoir le mode de management si radicalement. Il explique qu\u2019en effet, ce mode de management, qu\u2019il qualifie lui-m\u00eame de brutal, emp\u00eache les initiatives et la collaboration transverse et donc les innovations pour le client. Il avait donc besoin de mobiliser \u00e0 nouveau l\u2019ensemble de ces \u00e9quipes en agissant par le haut (lui-m\u00eame avec son comit\u00e9 de direction) et en favorisant une collaboration transverse par le bas (par la constitution d\u2019une \u00e9quipe pluridisciplinaire). L\u2019accompagnement de cette op\u00e9ration a \u00e9t\u00e9 r\u00e9alis\u00e9 par In Principo. Il a d\u00e9but\u00e9 par une phase d\u2019entretiens (1\/3 des effectifs), puis par la constitution d\u2019\u00e9quipes afin de partager une vision de la situation, suivi par un choix des priorit\u00e9s de l\u2019entreprise. Ces \u00e9quipes ont ensuite mener les travaux de transformation, impliquant les acteurs des processus eux-m\u00eames collaborant au-del\u00e0 de leurs d\u00e9partements d\u2019origines, les d\u00e9cisions \u00e9tant prises au \u00ab\u00a0bon\u00a0\u00bb niveau (c&#8217;est-\u00e0-dire le plus bas possible). Dans les approches classiques, le projet de transformation est d\u00e9fini dans une premi\u00e8re phase, puis suit une phase de conduite du changement pour le d\u00e9ployer. Dans cette approche, les transformations sont d\u00e9finies par les acteurs eux-m\u00eames en fonction des priorit\u00e9s de l\u2019entreprise, la conduite du changement est donc incluse dans le processus\u2026 les transformations se poursuivent\u2026 \u00e0 suivre donc\u2026<\/span><\/p>\n<p class=\"MsoNormal\"><span style=\"font-size:10pt;font-family:Arial\">Une d\u00e9marche s\u2019adaptant \u00e0 chaque organisation, encourageant la mise en r\u00e9seau des comp\u00e9tences de l\u2019entreprise, dans l\u2019accomplissement d\u2019un objectif commun. Et tout cela port\u00e9 par une \u00e9quipe fort sympathique\u2026 Mais je suis en train de faire de la pub, l\u00e0, non\u00a0?<\/span><\/p>\n","protected":false},"excerpt":{"rendered":"<p>Ce 25 mars j\u2019\u00e9tais invit\u00e9 \u00e0 d\u00e9couvrir le programme CoAgilit\u00e9 d\u2019In Principo. Cette pr\u00e9sentation \u00e9tait introduite par Olivier R\u00e9aud, un des fondateurs, qui r\u00e9sumait la d\u00e9nomination par une illustration d\u2019agilit\u00e9\u00a0: une jolie photo de singe &#8211; ind\u00e9niablement agile &#8211; illustration permettant de prendre conscience simplement que pour l\u2019entreprise, c\u2019est le fait d\u2019\u00eatre agile ensemble qui [&hellip;]<\/p>\n","protected":false},"author":1,"featured_media":0,"comment_status":"open","ping_status":"open","sticky":false,"template":"","format":"standard","meta":{"advanced_seo_description":"","jetpack_seo_html_title":"","jetpack_seo_noindex":false,"jetpack_post_was_ever_published":false,"_jetpack_newsletter_access":"","_jetpack_dont_email_post_to_subs":false,"_jetpack_newsletter_tier_id":0,"_jetpack_memberships_contains_paywalled_content":false,"_jetpack_memberships_contains_paid_content":false,"footnotes":""},"categories":[1],"tags":[236],"class_list":["post-87","post","type-post","status-publish","format-standard","hentry","category-all","tag-innovation"],"jetpack_featured_media_url":"","jetpack_shortlink":"https:\/\/wp.me\/paNjQG-1p","jetpack-related-posts":[{"id":1884,"url":"https:\/\/blog-alexis.monville.com\/en\/2014\/06\/06\/etre-lentreprise-agile-de-demain\/","url_meta":{"origin":87,"position":0},"title":"Etre l&#8217;entreprise agile de demain","author":"Alexis","date":"June 6, 2014","format":false,"excerpt":"Ce jeudi 5 juin 2014, j'ai donn\u00e9 une conf\u00e9rence sur le th\u00e8me du management et de l'organisation, lors du ScrumWine\u00a0h\u00e9berg\u00e9 par Lectra. Pour illustrer mes propos, j'ai utilis\u00e9 le cas de eNovance une entreprise qui grandi en restant agile. Les retours sur la conf\u00e9rence \u00e9taient excellents et je remercie tout\u2026","rel":"","context":"In &quot;Interventions&quot;","block_context":{"text":"Interventions","link":"https:\/\/blog-alexis.monville.com\/en\/category\/interventions\/"},"img":{"alt_text":"","src":"https:\/\/i0.wp.com\/blog-alexis.monville.com\/en\/wp-content\/uploads\/sites\/2\/2014\/06\/BpZIUdKIQAEzYlv.jpg?fit=960%2C720&ssl=1&resize=350%2C200","width":350,"height":200,"srcset":"https:\/\/i0.wp.com\/blog-alexis.monville.com\/en\/wp-content\/uploads\/sites\/2\/2014\/06\/BpZIUdKIQAEzYlv.jpg?fit=960%2C720&ssl=1&resize=350%2C200 1x, https:\/\/i0.wp.com\/blog-alexis.monville.com\/en\/wp-content\/uploads\/sites\/2\/2014\/06\/BpZIUdKIQAEzYlv.jpg?fit=960%2C720&ssl=1&resize=525%2C300 1.5x, https:\/\/i0.wp.com\/blog-alexis.monville.com\/en\/wp-content\/uploads\/sites\/2\/2014\/06\/BpZIUdKIQAEzYlv.jpg?fit=960%2C720&ssl=1&resize=700%2C400 2x"},"classes":[]},{"id":1041,"url":"https:\/\/blog-alexis.monville.com\/en\/2011\/02\/04\/lift11-deuxieme-jour\/","url_meta":{"origin":87,"position":1},"title":"Lift11 : deuxi\u00e8me jour","author":"Alexis","date":"February 4, 2011","format":false,"excerpt":"Tiffany St James d\u00e9butait cette deuxi\u00e8me journ\u00e9e de Lift en proposant un plan d'action pour cr\u00e9er de l'engagement au sein des communaut\u00e9s en ligne. Plan d'action que je pourrais r\u00e9sumer en disant, il faut s'engager dans une r\u00e9elle conversation et quitter le mode de communication unidirectionnelle classique. Chris Heatcote poursuivait\u2026","rel":"","context":"In &quot;Europe&quot;","block_context":{"text":"Europe","link":"https:\/\/blog-alexis.monville.com\/en\/category\/international\/europe\/"},"img":{"alt_text":"","src":"https:\/\/i0.wp.com\/blog-alexis.monville.com\/files\/2011\/02\/IMG_0607-300x225.jpg?resize=350%2C200&ssl=1","width":350,"height":200},"classes":[]},{"id":643,"url":"https:\/\/blog-alexis.monville.com\/en\/2009\/09\/02\/le-facteur-humain-coeur-de-lindustrie-du-logiciel-libre\/","url_meta":{"origin":87,"position":2},"title":"Le facteur humain&#8230; coeur de l&#8217;Industrie du logiciel libre","author":"Alexis","date":"September 2, 2009","format":false,"excerpt":"Paris, le 2 octobre 2009, dans le cadre du forum mondial du libre (Open World Forum) se tiendra la conf\u00e9rence : \"Le facteur humain... coeur de l'Industrie du logiciel libre.\" Comment la dimension humaine collaborative et le mode de croissance organique du Logiciel Libre peuvent transformer en profondeur le monde\u2026","rel":"","context":"In &quot;ayeba&quot;","block_context":{"text":"ayeba","link":"https:\/\/blog-alexis.monville.com\/en\/category\/ayeba\/"},"img":{"alt_text":"OWF 2009","src":"http:\/\/openworldforum.org\/owf\/portal\/contact\/OWF_200x216.jpg\/image_preview","width":350,"height":200},"classes":[]},{"id":2084,"url":"https:\/\/blog-alexis.monville.com\/en\/2015\/06\/09\/scrumwine-15-2\/","url_meta":{"origin":87,"position":3},"title":"ScrumWine #15.2","author":"Alexis","date":"June 9, 2015","format":false,"excerpt":"Une nouvelle \u00e9dition du ScrumWine s\u2019est d\u00e9roul\u00e9e le jeudi 4 juin 2015. Nous \u00e9tions pour l\u2019occasion accueilli par CDiscount. Je remercie au passage Isabel pour l\u2019organisation et adresse toutes mes f\u00e9licitations \u00e0 Damien Tourette, papa depuis la veille ! Notre h\u00f4te, Lionel Richer, expliquait dans son introduction que malgr\u00e9 une\u2026","rel":"","context":"In &quot;Interventions&quot;","block_context":{"text":"Interventions","link":"https:\/\/blog-alexis.monville.com\/en\/category\/interventions\/"},"img":{"alt_text":"","src":"https:\/\/i0.wp.com\/blog-alexis.monville.com\/en\/wp-content\/uploads\/sites\/2\/2015\/06\/2015-06-04-18.54.52-scaled.jpg?fit=1200%2C900&ssl=1&resize=350%2C200","width":350,"height":200,"srcset":"https:\/\/i0.wp.com\/blog-alexis.monville.com\/en\/wp-content\/uploads\/sites\/2\/2015\/06\/2015-06-04-18.54.52-scaled.jpg?fit=1200%2C900&ssl=1&resize=350%2C200 1x, https:\/\/i0.wp.com\/blog-alexis.monville.com\/en\/wp-content\/uploads\/sites\/2\/2015\/06\/2015-06-04-18.54.52-scaled.jpg?fit=1200%2C900&ssl=1&resize=525%2C300 1.5x, https:\/\/i0.wp.com\/blog-alexis.monville.com\/en\/wp-content\/uploads\/sites\/2\/2015\/06\/2015-06-04-18.54.52-scaled.jpg?fit=1200%2C900&ssl=1&resize=700%2C400 2x, https:\/\/i0.wp.com\/blog-alexis.monville.com\/en\/wp-content\/uploads\/sites\/2\/2015\/06\/2015-06-04-18.54.52-scaled.jpg?fit=1200%2C900&ssl=1&resize=1050%2C600 3x"},"classes":[]},{"id":1942,"url":"https:\/\/blog-alexis.monville.com\/en\/2014\/08\/25\/ale-2014-deuxieme-et-troisieme-jour\/","url_meta":{"origin":87,"position":4},"title":"ALE 2014 &#8211; deuxi\u00e8me et troisi\u00e8me jour","author":"Alexis","date":"August 25, 2014","format":false,"excerpt":"Cet article \u00e9voque les deuxi\u00e8me et troisi\u00e8me jour\u00a0de la\u00a0non-conf\u00e9rence 2014\u00a0du\u00a0r\u00e9seau ALE\u00a0(Agile Lean Europe). Le r\u00e9sum\u00e9 du premier jour est ici. Ce deuxi\u00e8me jour de la non-conf\u00e9rence ALE 2014, d\u00e9bute par une session par Josef Scherer, Self-designing Feature Teams @BMW. Pour influer sur la culture d\u2019une grande organisation, Josef explique qu\u2019il\u2026","rel":"","context":"In &quot;Europe&quot;","block_context":{"text":"Europe","link":"https:\/\/blog-alexis.monville.com\/en\/category\/international\/europe\/"},"img":{"alt_text":"","src":"https:\/\/i0.wp.com\/blog-alexis.monville.com\/en\/wp-content\/uploads\/sites\/2\/2014\/08\/2014-08-21-09.05.06-scaled.jpg?fit=1200%2C900&ssl=1&resize=350%2C200","width":350,"height":200,"srcset":"https:\/\/i0.wp.com\/blog-alexis.monville.com\/en\/wp-content\/uploads\/sites\/2\/2014\/08\/2014-08-21-09.05.06-scaled.jpg?fit=1200%2C900&ssl=1&resize=350%2C200 1x, https:\/\/i0.wp.com\/blog-alexis.monville.com\/en\/wp-content\/uploads\/sites\/2\/2014\/08\/2014-08-21-09.05.06-scaled.jpg?fit=1200%2C900&ssl=1&resize=525%2C300 1.5x, https:\/\/i0.wp.com\/blog-alexis.monville.com\/en\/wp-content\/uploads\/sites\/2\/2014\/08\/2014-08-21-09.05.06-scaled.jpg?fit=1200%2C900&ssl=1&resize=700%2C400 2x, https:\/\/i0.wp.com\/blog-alexis.monville.com\/en\/wp-content\/uploads\/sites\/2\/2014\/08\/2014-08-21-09.05.06-scaled.jpg?fit=1200%2C900&ssl=1&resize=1050%2C600 3x"},"classes":[]},{"id":894,"url":"https:\/\/blog-alexis.monville.com\/en\/2010\/09\/16\/communautes-et-organisations\/","url_meta":{"origin":87,"position":5},"title":"Communaut\u00e9s et Organisations","author":"Alexis","date":"September 16, 2010","format":false,"excerpt":"B\u00e9n\u00e9dicte Taillebois, Luc Bizeul, S\u00e9bastien Douche, Fr\u00e9d\u00e9ric Freiss et Jean-Michel Huten \u00e9taient \u00e0 La Cantine ce mercredi 15 septembre pour la r\u00e9p\u00e9tition de la conf\u00e9rence \"Comment les entreprises b\u00e9n\u00e9ficient-elles des communaut\u00e9s ?\" qui se d\u00e9roulera le 1er octobre de 11h \u00e0 12h30 durant l'OpenWorldForum. Je les remercie chaleureusement pour leurs\u2026","rel":"","context":"In &quot;Interventions&quot;","block_context":{"text":"Interventions","link":"https:\/\/blog-alexis.monville.com\/en\/category\/interventions\/"},"img":{"alt_text":"","src":"","width":0,"height":0},"classes":[]}],"jetpack_sharing_enabled":true,"_links":{"self":[{"href":"https:\/\/blog-alexis.monville.com\/en\/wp-json\/wp\/v2\/posts\/87","targetHints":{"allow":["GET"]}}],"collection":[{"href":"https:\/\/blog-alexis.monville.com\/en\/wp-json\/wp\/v2\/posts"}],"about":[{"href":"https:\/\/blog-alexis.monville.com\/en\/wp-json\/wp\/v2\/types\/post"}],"author":[{"embeddable":true,"href":"https:\/\/blog-alexis.monville.com\/en\/wp-json\/wp\/v2\/users\/1"}],"replies":[{"embeddable":true,"href":"https:\/\/blog-alexis.monville.com\/en\/wp-json\/wp\/v2\/comments?post=87"}],"version-history":[{"count":0,"href":"https:\/\/blog-alexis.monville.com\/en\/wp-json\/wp\/v2\/posts\/87\/revisions"}],"wp:attachment":[{"href":"https:\/\/blog-alexis.monville.com\/en\/wp-json\/wp\/v2\/media?parent=87"}],"wp:term":[{"taxonomy":"category","embeddable":true,"href":"https:\/\/blog-alexis.monville.com\/en\/wp-json\/wp\/v2\/categories?post=87"},{"taxonomy":"post_tag","embeddable":true,"href":"https:\/\/blog-alexis.monville.com\/en\/wp-json\/wp\/v2\/tags?post=87"}],"curies":[{"name":"wp","href":"https:\/\/api.w.org\/{rel}","templated":true}]}}