{"id":866,"date":"2010-07-08T10:38:12","date_gmt":"2010-07-08T08:38:12","guid":{"rendered":"https:\/\/blog-alexis.monville.com\/?p=866"},"modified":"2010-07-08T10:38:12","modified_gmt":"2010-07-08T08:38:12","slug":"ethique-du-numerique","status":"publish","type":"post","link":"https:\/\/blog-alexis.monville.com\/en\/2010\/07\/08\/ethique-du-numerique\/","title":{"rendered":"Ethique du num\u00e9rique"},"content":{"rendered":"<p>Ce mercredi 7 juillet, j&#8217;\u00e9tais invit\u00e9 (avec une bonne centaine d&#8217;autres) \u00e0 un atelier participatif : &#8220;Qu&#8217;est-ce qu&#8217;une loi 2.0 ?&#8221;.<\/p>\n<p>Cette r\u00e9union \u00e9tait organis\u00e9e par les parlementaires UMP pour prolonger les travaux du rapport <a href=\"http:\/\/www.ethique-du-numerique.fr\/tl_files\/rappor_ethique_du_numerique.pdf\" target=\"_blank\">Vive internet ! Libert\u00e9 et r\u00e8gles dans le monde num\u00e9rique<\/a>. La parole est donn\u00e9e sur le site Ethique du num\u00e9rique <a href=\"http:\/\/www.ethique-du-numerique.fr\" target=\"_blank\">http:\/\/www.ethique-du-numerique.fr<\/a> comme il a \u00e9t\u00e9 rappel\u00e9 avec fermet\u00e9 \u00e0 la repr\u00e9sentante de Vivendi regrettant de ne pas avoir \u00e9t\u00e9 auditionn\u00e9e pour la constitution du rapport&#8230;<\/p>\n<p>Jean-Fran\u00e7ois Cop\u00e9 a ouvert les d\u00e9bats en posant quelques questions sur le r\u00f4le du l\u00e9gislateur, suivant 3 axes : r\u00e9gulation d&#8217;un Internet sans fronti\u00e8re, r\u00f4le du l\u00e9gislateur vis \u00e0 vis d&#8217;un domaine en \u00e9volution technologique tr\u00e8s rapide (plus rapide que d&#8217;\u00e9crire une loi en 18 mois), usage de l&#8217;Internet en s&#8217;interrogeant sur la gratuit\u00e9 et les tentatives de mon\u00e9tisation.<\/p>\n<p>Jean-Fran\u00e7ois Cop\u00e9 a justifi\u00e9 l&#8217;approche participative de cet atelier par un m\u00e9a culpa partiel sur Hadopi en expliquant qu&#8217;ils avaient \u00e9t\u00e9 &#8220;maladroits&#8221; mais que cela \u00e9tait bas\u00e9 sur des &#8220;bons sentiments&#8221;&#8230;<\/p>\n<p><a href=\"https:\/\/i0.wp.com\/blog-alexis.monville.com\/wp-content\/uploads\/sites\/2\/2010\/07\/Capture-d%E2%80%99%C3%A9cran-2010-07-08-%C3%A0-09.43.11.png?ssl=1\"><img data-recalc-dims=\"1\" loading=\"lazy\" decoding=\"async\" data-attachment-id=\"867\" data-permalink=\"https:\/\/blog-alexis.monville.com\/en\/2010\/07\/08\/ethique-du-numerique\/capture-d%e2%80%99ecran-2010-07-08-a-09-43-11\/\" data-orig-file=\"https:\/\/i0.wp.com\/blog-alexis.monville.com\/en\/wp-content\/uploads\/sites\/2\/2010\/07\/Capture-d%E2%80%99%C3%A9cran-2010-07-08-%C3%A0-09.43.11.png?fit=479%2C82&amp;ssl=1\" data-orig-size=\"479,82\" data-comments-opened=\"1\" data-image-meta=\"{&quot;aperture&quot;:&quot;0&quot;,&quot;credit&quot;:&quot;&quot;,&quot;camera&quot;:&quot;&quot;,&quot;caption&quot;:&quot;&quot;,&quot;created_timestamp&quot;:&quot;0&quot;,&quot;copyright&quot;:&quot;&quot;,&quot;focal_length&quot;:&quot;0&quot;,&quot;iso&quot;:&quot;0&quot;,&quot;shutter_speed&quot;:&quot;0&quot;,&quot;title&quot;:&quot;&quot;}\" data-image-title=\"Capture d\u2019\u00e9cran 2010-07-08 \u00e0 09.43.11\" data-image-description=\"\" data-image-caption=\"\" data-large-file=\"https:\/\/i0.wp.com\/blog-alexis.monville.com\/en\/wp-content\/uploads\/sites\/2\/2010\/07\/Capture-d%E2%80%99%C3%A9cran-2010-07-08-%C3%A0-09.43.11.png?fit=479%2C82&amp;ssl=1\" class=\"aligncenter size-full wp-image-867\" title=\"Capture d\u2019\u00e9cran 2010-07-08 \u00e0 09.43.11\" src=\"https:\/\/i0.wp.com\/blog-alexis.monville.com\/wp-content\/uploads\/sites\/2\/2010\/07\/Capture-d%E2%80%99%C3%A9cran-2010-07-08-%C3%A0-09.43.11.png?resize=479%2C82&#038;ssl=1\" alt=\"\" width=\"479\" height=\"82\" srcset=\"https:\/\/i0.wp.com\/blog-alexis.monville.com\/en\/wp-content\/uploads\/sites\/2\/2010\/07\/Capture-d%E2%80%99%C3%A9cran-2010-07-08-%C3%A0-09.43.11.png?w=479&amp;ssl=1 479w, https:\/\/i0.wp.com\/blog-alexis.monville.com\/en\/wp-content\/uploads\/sites\/2\/2010\/07\/Capture-d%E2%80%99%C3%A9cran-2010-07-08-%C3%A0-09.43.11.png?resize=300%2C51&amp;ssl=1 300w\" sizes=\"auto, (max-width: 479px) 100vw, 479px\" \/><\/a><\/p>\n<p>Les interventions des gestionnaires de droits d&#8217;auteurs et des producteurs montrent qu&#8217;ils semblent toujours croire, \u00e0 l&#8217;instar de Franck Riester, \u00e0 la possibilit\u00e9 que Hadopi puisse avoir une efficacit\u00e9 r\u00e9elle et semble n\u00e9gliger l&#8217;effet de bord ind\u00e9sirable d&#8217;un cryptage global de toutes les transactions des internautes&#8230;<\/p>\n<p>Les d\u00e9put\u00e9s Herv\u00e9 Mariton, Laurence de La Raudi\u00e8re, Lionel Tardy et Franck Riester (qui quittera rapidement les d\u00e9bats) ont ensuite anim\u00e9 les d\u00e9bats suivant 3 th\u00e8mes :<\/p>\n<ul>\n<li>Vie priv\u00e9e<\/li>\n<li>Internet = March\u00e9 ?<\/li>\n<li>Neutralit\u00e9 du Net<\/li>\n<\/ul>\n<p>Sur le th\u00e8me de la vie priv\u00e9e, on rel\u00e8ve la m\u00e9fiance envers le l\u00e9gislateur, l&#8217;inqui\u00e9tude sur la port\u00e9e d&#8217;une l\u00e9gislation au del\u00e0 de nos fronti\u00e8res, la n\u00e9cessaire action d&#8217;information et de formation sur la protection de donn\u00e9es personnelles et la demande de reconnaissance de certaines donn\u00e9es technique (IP&#8230;) ou donn\u00e9es issues de croisement de donn\u00e9es ou analyse d&#8217;action comme des donn\u00e9es personnelles pour freiner les analyses crois\u00e9es et le profilage&#8230;<\/p>\n<p>Sur le th\u00e8me : Internet est-il un march\u00e9 comme les autres ? la question des monopoles sur Internet et de leur extension \u00e0 d&#8217;autres march\u00e9s a donn\u00e9 lieu \u00e0 des questionnements sur les moyens d&#8217;actions. L&#8217;exigence <strong>d&#8217;interop\u00e9rabilit\u00e9<\/strong> et d&#8217;<strong>ouverture des formats de donn\u00e9es<\/strong> en est un essentiel. Les initiatives sur l&#8217;ouverture des donn\u00e9es \u00e0 travers le monde ont \u00e9t\u00e9 abondamment cit\u00e9 pour encourager nos parlementaires \u00e0 d\u00e9passer la vision \u00e9triqu\u00e9e actuellement en cours en France sur l&#8217;ouverture de l&#8217;usage des donn\u00e9es publiques (#opendata).<\/p>\n<p>Sur le th\u00e8me de la <a href=\"http:\/\/fr.wikipedia.org\/wiki\/Neutralit\u00e9_du_r\u00e9seau\" target=\"_blank\">Neutralit\u00e9 du Net<\/a>, il a \u00e9t\u00e9 rappel\u00e9 que si nous disposions aujourd&#8217;hui d&#8217;Internet c&#8217;est parce qu&#8217;il avait \u00e9t\u00e9 cr\u00e9\u00e9 libre et ouvert et que l&#8217;initiative \u00e9tait possible sans demander de permission \u00e0 personne. Les arguments de disponibilit\u00e9s de bande passante ou de cr\u00e9ation artificielle de march\u00e9 par une diff\u00e9rentiation des services n&#8217;apparaissent pas comme recevable par les d\u00e9put\u00e9s qui veulent l\u00e9gif\u00e9rer en decembre-janvier sur ce th\u00e8me. Ce sera sans doute la fin de l&#8217;utilisation de technologies mettant \u00e0 mal cette neutralit\u00e9 comme l&#8217;inspection des paquets d&#8217;informations (<a href=\"http:\/\/fr.wikipedia.org\/wiki\/Deep_packet_inspection\" target=\"_blank\">Deep packet inspection<\/a>) permettant ces diff\u00e9rentiations et ouvrant la voie \u00e0 des possibilit\u00e9s de surveillance, de manipulation et de censure&#8230;\u00a0<a href=\"http:\/\/europa.eu\/rapid\/pressReleasesAction.do?reference=IP\/10\/860&amp;format=HTML&amp;aged=0&amp;language=FR\" target=\"_blank\">Une consultation sur la Neutralit\u00e9 du Net vient d&#8217;\u00eatre lanc\u00e9e par la commission europ\u00e9enne<\/a>.<\/p>\n<p>L&#8217;initiative de cet atelier participatif est int\u00e9ressante, et veut semble-t-il tirer les enseignements du peu de concertation ayant eu lieu sur les pr\u00e9c\u00e9dentes l\u00e9gislation (DADVSI, HADOPI, LOPSSI&#8230;). J&#8217;aurais pr\u00e9f\u00e9r\u00e9 une initiative qui aille au del\u00e0 d&#8217;un groupe parlementaire et j&#8217;esp\u00e8re que les contributions des associations comme <a href=\"http:\/\/www.april.org\" target=\"_blank\">l&#8217;APRIL<\/a> et <a href=\"http:\/\/www.laquadrature.net\/\" target=\"_blank\">La Quadrature du Net<\/a> permettront d&#8217;am\u00e9liorer notre l\u00e9gislation.<\/p>\n","protected":false},"excerpt":{"rendered":"<p>Ce mercredi 7 juillet, j&#8217;\u00e9tais invit\u00e9 (avec une bonne centaine d&#8217;autres) \u00e0 un atelier participatif : &#8220;Qu&#8217;est-ce qu&#8217;une loi 2.0 ?&#8221;. Cette r\u00e9union \u00e9tait organis\u00e9e par les parlementaires UMP pour prolonger les travaux du rapport Vive internet ! Libert\u00e9 et r\u00e8gles dans le monde num\u00e9rique. La parole est donn\u00e9e sur le site Ethique du num\u00e9rique [&hellip;]<\/p>\n","protected":false},"author":1,"featured_media":0,"comment_status":"open","ping_status":"open","sticky":false,"template":"","format":"standard","meta":{"advanced_seo_description":"","jetpack_seo_html_title":"","jetpack_seo_noindex":false,"jetpack_post_was_ever_published":false,"_jetpack_newsletter_access":"","_jetpack_dont_email_post_to_subs":false,"_jetpack_newsletter_tier_id":0,"_jetpack_memberships_contains_paywalled_content":false,"_jetpack_memberships_contains_paid_content":false,"footnotes":""},"categories":[1],"tags":[276],"class_list":["post-866","post","type-post","status-publish","format-standard","hentry","category-all","tag-logiciel-libre"],"jetpack_featured_media_url":"","jetpack_shortlink":"https:\/\/wp.me\/paNjQG-dY","jetpack-related-posts":[{"id":97,"url":"https:\/\/blog-alexis.monville.com\/en\/2008\/06\/02\/assises-du-numerique\/","url_meta":{"origin":866,"position":0},"title":"Assises du num\u00e9rique","author":"Alexis","date":"June 2, 2008","format":false,"excerpt":"Les assises du num\u00e9rique ont \u00e9t\u00e9 ouvertes ce jeudi 29 mai 2008. Beaucoup de choses ont \u00e9t\u00e9 dites sur ce sujet, j'avais simplement envie de revenir sur quelques moments : Le discours d'ouverture d'Eric Besson : plan pour le d\u00e9veloppement du num\u00e9rique pour la fin juillet, 27 axes de travail,\u2026","rel":"","context":"In &quot;General&quot;","block_context":{"text":"General","link":"https:\/\/blog-alexis.monville.com\/en\/category\/all\/"},"img":{"alt_text":"","src":"","width":0,"height":0},"classes":[]},{"id":228,"url":"https:\/\/blog-alexis.monville.com\/en\/2008\/10\/17\/camarade-de-classe\/","url_meta":{"origin":866,"position":1},"title":"Camarade de classe","author":"Alexis","date":"October 17, 2008","format":false,"excerpt":"Camarades de classe est un roman de Didier Daeninckx paru d\u00e9but 2008. Ce n'est donc pas l'actualit\u00e9 qui motive cet article, mais bien le th\u00e8me abord\u00e9 : les r\u00e9seaux sociaux, l'usage de ces r\u00e9seaux, les questions sous-jacentes que soul\u00e8ve cet usage sur notre identit\u00e9 et les traces num\u00e9riques de nos\u2026","rel":"","context":"In &quot;Explorateurs&quot;","block_context":{"text":"Explorateurs","link":"https:\/\/blog-alexis.monville.com\/en\/category\/explorateurs\/"},"img":{"alt_text":"","src":"https:\/\/alexismonville.files.wordpress.com\/2008\/10\/41vp8m0gibl_sl160_.jpg?w=350&h=200&crop=1","width":350,"height":200},"classes":[]},{"id":170,"url":"https:\/\/blog-alexis.monville.com\/en\/2008\/09\/21\/explorcamp-paris-6\/","url_meta":{"origin":866,"position":2},"title":"ExplorCamp Paris 6","author":"Alexis","date":"September 21, 2008","format":false,"excerpt":"Sixi\u00e8me \u00e9dition d\u2019un ExplorCamp \u00e0 Paris, il se tenait rue Amelot dans les locaux de Port Parall\u00e8le, une coop\u00e9rative d\u2019emploi r\u00e9unissant 60 salari\u00e9s et une centaine d\u2019entrepreneurs. Des mines r\u00e9jouies, des \u00e9changes passionnants (parfois l\u00e9g\u00e8rement perturb\u00e9s par le passage de la TechnoParade accueilli avec sourire\u00a0!), de nombreuses d\u00e9couvertes\u2026\u00a0 J\u2019ai pu\u2026","rel":"","context":"In &quot;Interventions&quot;","block_context":{"text":"Interventions","link":"https:\/\/blog-alexis.monville.com\/en\/category\/interventions\/"},"img":{"alt_text":"","src":"","width":0,"height":0},"classes":[]},{"id":83,"url":"https:\/\/blog-alexis.monville.com\/en\/2008\/03\/25\/conseil-et-numerique\/","url_meta":{"origin":866,"position":3},"title":"Conseil et num\u00e9rique","author":"Alexis","date":"March 25, 2008","format":false,"excerpt":"Quelques r\u00e9actions \u00e0 mon article sur la place de l\u2019innovation num\u00e9rique au sein des Cabinets de conseil, m\u2019encouragent \u00e0 ajouter cette suite. Ces r\u00e9actions viennent principalement de Cabinets qui ne travaillent pas au quotidien avec moi, je les ordonne du moins visible pour le client, au plus visible. L\u2019apport majeur\u2026","rel":"","context":"In &quot;General&quot;","block_context":{"text":"General","link":"https:\/\/blog-alexis.monville.com\/en\/category\/all\/"},"img":{"alt_text":"","src":"","width":0,"height":0},"classes":[]},{"id":558,"url":"https:\/\/blog-alexis.monville.com\/en\/2009\/05\/21\/consultation-publique-sur-linternet-du-futur\/","url_meta":{"origin":866,"position":4},"title":"Consultation publique sur l&#8217;Internet du futur","author":"Alexis","date":"May 21, 2009","format":false,"excerpt":"Assez surprenant cette consultation... Consultation publique sur l\u2019Internet du futur Internet a r\u00e9volutionn\u00e9 tous les secteurs de nos soci\u00e9t\u00e9s, notre mani\u00e8re de communiquer, de nous informer, de nous divertir, de consommer et m\u00eame d\u2019interagir socialement. L\u2019\u00e9volution ou la red\u00e9finition de l\u2019Internet permettront le d\u00e9veloppement de nouveaux services et usages et\u2026","rel":"","context":"In &quot;Explorateurs&quot;","block_context":{"text":"Explorateurs","link":"https:\/\/blog-alexis.monville.com\/en\/category\/explorateurs\/"},"img":{"alt_text":"Internet du futur","src":"https:\/\/i0.wp.com\/www.telecom.gouv.fr\/IMG\/arton2105.jpg?resize=350%2C200","width":350,"height":200},"classes":[]},{"id":435,"url":"https:\/\/blog-alexis.monville.com\/en\/2009\/03\/02\/black-out\/","url_meta":{"origin":866,"position":5},"title":"Black-Out","author":"Alexis","date":"March 2, 2009","format":false,"excerpt":"Une loi qui va permettre de d\u00e9connecter du r\u00e9seau Internet des familles enti\u00e8res sans preuve ni proc\u00e8s. Des sites condamn\u00e9s a disparaitre car ne faisant pas partie de la liste blanche des sites autoris\u00e9s par le gouvernement... Pour en savoir plus sur la loi Cr\u00e9ation et Internet, vous pouvez lire\u2026","rel":"","context":"In &quot;Explorateurs&quot;","block_context":{"text":"Explorateurs","link":"https:\/\/blog-alexis.monville.com\/en\/category\/explorateurs\/"},"img":{"alt_text":"HADOPI - Le Net en France : black-out","src":"https:\/\/i0.wp.com\/media.laquadrature.net\/Quadrature_black-out_HADOPI_125x125px.gif?resize=350%2C200","width":350,"height":200},"classes":[]}],"jetpack_sharing_enabled":true,"_links":{"self":[{"href":"https:\/\/blog-alexis.monville.com\/en\/wp-json\/wp\/v2\/posts\/866","targetHints":{"allow":["GET"]}}],"collection":[{"href":"https:\/\/blog-alexis.monville.com\/en\/wp-json\/wp\/v2\/posts"}],"about":[{"href":"https:\/\/blog-alexis.monville.com\/en\/wp-json\/wp\/v2\/types\/post"}],"author":[{"embeddable":true,"href":"https:\/\/blog-alexis.monville.com\/en\/wp-json\/wp\/v2\/users\/1"}],"replies":[{"embeddable":true,"href":"https:\/\/blog-alexis.monville.com\/en\/wp-json\/wp\/v2\/comments?post=866"}],"version-history":[{"count":0,"href":"https:\/\/blog-alexis.monville.com\/en\/wp-json\/wp\/v2\/posts\/866\/revisions"}],"wp:attachment":[{"href":"https:\/\/blog-alexis.monville.com\/en\/wp-json\/wp\/v2\/media?parent=866"}],"wp:term":[{"taxonomy":"category","embeddable":true,"href":"https:\/\/blog-alexis.monville.com\/en\/wp-json\/wp\/v2\/categories?post=866"},{"taxonomy":"post_tag","embeddable":true,"href":"https:\/\/blog-alexis.monville.com\/en\/wp-json\/wp\/v2\/tags?post=866"}],"curies":[{"name":"wp","href":"https:\/\/api.w.org\/{rel}","templated":true}]}}