{"id":863,"date":"2010-07-05T22:41:26","date_gmt":"2010-07-05T20:41:26","guid":{"rendered":"https:\/\/blog-alexis.monville.com\/?p=863"},"modified":"2010-07-05T22:41:26","modified_gmt":"2010-07-05T20:41:26","slug":"experimentons-la-mutualisation-des-regards","status":"publish","type":"post","link":"https:\/\/blog-alexis.monville.com\/en\/2010\/07\/05\/experimentons-la-mutualisation-des-regards\/","title":{"rendered":"Exp\u00e9rimentons la mutualisation des regards"},"content":{"rendered":"<p><a href=\"https:\/\/i0.wp.com\/blog-alexis.monville.com\/wp-content\/uploads\/sites\/2\/2010\/06\/RMLL_AFFICHE_800.png?ssl=1\"><img data-recalc-dims=\"1\" loading=\"lazy\" decoding=\"async\" data-attachment-id=\"841\" data-permalink=\"https:\/\/blog-alexis.monville.com\/en\/2010\/06\/19\/rencontres-mondiales\/rmll_affiche_800\/\" data-orig-file=\"https:\/\/i0.wp.com\/blog-alexis.monville.com\/en\/wp-content\/uploads\/sites\/2\/2010\/06\/RMLL_AFFICHE_800.png?fit=566%2C800&amp;ssl=1\" data-orig-size=\"566,800\" data-comments-opened=\"1\" data-image-meta=\"{&quot;aperture&quot;:&quot;0&quot;,&quot;credit&quot;:&quot;&quot;,&quot;camera&quot;:&quot;&quot;,&quot;caption&quot;:&quot;&quot;,&quot;created_timestamp&quot;:&quot;0&quot;,&quot;copyright&quot;:&quot;&quot;,&quot;focal_length&quot;:&quot;0&quot;,&quot;iso&quot;:&quot;0&quot;,&quot;shutter_speed&quot;:&quot;0&quot;,&quot;title&quot;:&quot;&quot;}\" data-image-title=\"RMLL_AFFICHE_800\" data-image-description=\"\" data-image-caption=\"\" data-large-file=\"https:\/\/i0.wp.com\/blog-alexis.monville.com\/en\/wp-content\/uploads\/sites\/2\/2010\/06\/RMLL_AFFICHE_800.png?fit=566%2C800&amp;ssl=1\" class=\"alignleft size-medium wp-image-841\" style=\"margin: 10px\" title=\"RMLL_AFFICHE_800\" src=\"https:\/\/i0.wp.com\/blog-alexis.monville.com\/files\/2010\/06\/RMLL_AFFICHE_800-212x300.png?resize=212%2C300&#038;ssl=1\" alt=\"\" width=\"212\" height=\"300\" srcset=\"https:\/\/i0.wp.com\/blog-alexis.monville.com\/en\/wp-content\/uploads\/sites\/2\/2010\/06\/RMLL_AFFICHE_800.png?resize=212%2C300&amp;ssl=1 212w, https:\/\/i0.wp.com\/blog-alexis.monville.com\/en\/wp-content\/uploads\/sites\/2\/2010\/06\/RMLL_AFFICHE_800.png?w=566&amp;ssl=1 566w\" sizes=\"auto, (max-width: 212px) 100vw, 212px\" \/><\/a>J&#8217;animerais demain &#8211; mardi 6 juillet &#8211; avec Ivan Sigg un atelier :<br \/>\n <a href=\"http:\/\/2010.rmll.info\/Experimentons-la-mutualisation-des-regards.html\" target=\"_blank\">&#8220;Exp\u00e9rimentons la mutualisation des regards&#8221;<\/a> cet atelier est un prolongement du site Internet <a href=\"http:\/\/ujuo.org\" target=\"_blank\">Un Jour Une Oeuvre<\/a> qui propose de recueillir les regards des visiteurs sur les oeuvres publi\u00e9es r\u00e9guli\u00e8rement.<\/p>\n<p>Il n\u2019y a pas d\u2019INTER\u00caT \u00e0 regarder une oeuvre d\u2019art, il y a juste la possibilit\u00e9 d\u2019 ETRE en s\u2019autorisant \u00e0 VOIR SANS SAVOIR. Avec <a href=\"http:\/\/ujuo.org\" target=\"_blank\">UJUO<\/a> il s\u2019agit d\u2019une exp\u00e9rience de la r\u00e9alit\u00e9 par la perception, une exp\u00e9rience du non-savoir et du non-agir qui, par une ATTENTION TOTALE, permet \u00e0 la r\u00e9alit\u00e9, et donc \u00e0 l\u2019\u00eatre, de surgir toujours neufs. Il ne s\u2019agit pas de mesurer, de comparer, de juger, de s\u2019identifier ou de rejeter, il s\u2019agit de se d\u00e9couvrir et d\u2019apprendre d\u2019instant en instant, de d\u00e9cr\u00e9ter la libert\u00e9 maintenant.<\/p>\n<p>Cet atelier se d\u00e9roulera en deux sessions d&#8217;une heure le <strong>6 juillet entre 14h et 16h<\/strong>, nous y tenterons des liens entre ce travail d\u2019attention et le d\u00e9veloppement des logiciels libres.<\/p>\n","protected":false},"excerpt":{"rendered":"<p>J&#8217;animerais demain &#8211; mardi 6 juillet &#8211; avec Ivan Sigg un atelier : &#8220;Exp\u00e9rimentons la mutualisation des regards&#8221; cet atelier est un prolongement du site Internet Un Jour Une Oeuvre qui propose de recueillir les regards des visiteurs sur les oeuvres publi\u00e9es r\u00e9guli\u00e8rement. Il n\u2019y a pas d\u2019INTER\u00caT \u00e0 regarder une oeuvre d\u2019art, il y [&hellip;]<\/p>\n","protected":false},"author":1,"featured_media":0,"comment_status":"open","ping_status":"open","sticky":false,"template":"","format":"standard","meta":{"advanced_seo_description":"","jetpack_seo_html_title":"","jetpack_seo_noindex":false,"jetpack_post_was_ever_published":false,"_jetpack_newsletter_access":"","_jetpack_dont_email_post_to_subs":false,"_jetpack_newsletter_tier_id":0,"_jetpack_memberships_contains_paywalled_content":false,"_jetpack_memberships_contains_paid_content":false,"footnotes":""},"categories":[1],"tags":[276],"class_list":["post-863","post","type-post","status-publish","format-standard","hentry","category-all","tag-logiciel-libre"],"jetpack_featured_media_url":"","jetpack_shortlink":"https:\/\/wp.me\/paNjQG-dV","jetpack-related-posts":[{"id":840,"url":"https:\/\/blog-alexis.monville.com\/en\/2010\/06\/19\/rencontres-mondiales\/","url_meta":{"origin":863,"position":0},"title":"Rencontres Mondiales","author":"Alexis","date":"June 19, 2010","format":false,"excerpt":"Les 11\u00e8me Rencontres Mondiales du Logiciel Libre se tiendront du 6 au 11 juillet 2010 \u00e0 Bordeaux.\u00a0Au del\u00e0 des th\u00e8mes techniques classiques, les RMLL 2010 proposent les th\u00e8mes \"D\u00e9veloppement durable\" et \"Accessibilit\u00e9 et handicap\" qui seront les th\u00e8mes fils rouges de l'\u00e9v\u00e8nement, ainsi que\u00a0les th\u00e8mes \"Loisirs, Culture, Arts et Libre\u2026","rel":"","context":"In &quot;Interventions&quot;","block_context":{"text":"Interventions","link":"https:\/\/blog-alexis.monville.com\/en\/category\/interventions\/"},"img":{"alt_text":"","src":"https:\/\/i0.wp.com\/blog-alexis.monville.com\/files\/2010\/06\/RMLL_AFFICHE_800-212x300.png?resize=350%2C200&ssl=1","width":350,"height":200},"classes":[]},{"id":378,"url":"https:\/\/blog-alexis.monville.com\/en\/2009\/02\/03\/un-jour-une-oeuvre-3\/","url_meta":{"origin":863,"position":1},"title":"Un Jour Une Oeuvre","author":"Alexis","date":"February 3, 2009","format":false,"excerpt":"Un Jour Une Oeuvre s'int\u00e9resse \u00e0 la peinture, la sculpture, la photographie, une \u0153uvre d\u2019art est propos\u00e9e chaque jour pour partager nos regards sur l'art. Quelques nouvelles de ce site Internet : Une nouvelle pr\u00e9sentation voulant donner plus de place aux oeuvres est en ligne depuis quelques jours (voir l'aper\u00e7u\u2026","rel":"","context":"In &quot;General&quot;","block_context":{"text":"General","link":"https:\/\/blog-alexis.monville.com\/en\/category\/all\/"},"img":{"alt_text":"ujuo","src":"https:\/\/i0.wp.com\/blog-alexis.monville.com\/wp-content\/uploads\/sites\/2\/2009\/01\/ujuo.jpg?resize=350%2C200&ssl=1","width":350,"height":200},"classes":[]},{"id":509,"url":"https:\/\/blog-alexis.monville.com\/en\/2009\/05\/03\/un-jour-une-oeuvre-4\/","url_meta":{"origin":863,"position":2},"title":"Un Jour Une Oeuvre","author":"Alexis","date":"May 3, 2009","format":false,"excerpt":"Quelques contributeurs du site Un Jour Une Oeuvre (http:\/\/unjouruneoeuvre.eu) se sont r\u00e9unis le mardi 28 avril pour \u00e9changer sur le projet. A l'ordre du jour, \u00e9volutions du site Internet et possibilit\u00e9 de d\u00e9veloppement du projet au del\u00e0 de l'Internet : poursuite des rencontres \"en direct\" et publication papier. Au chapitre\u2026","rel":"","context":"In &quot;General&quot;","block_context":{"text":"General","link":"https:\/\/blog-alexis.monville.com\/en\/category\/all\/"},"img":{"alt_text":"bandeau-ujuo","src":"https:\/\/i0.wp.com\/blog-alexis.monville.com\/wp-content\/uploads\/sites\/2\/2009\/05\/bandeau-ujuo.jpg?resize=350%2C200&ssl=1","width":350,"height":200,"srcset":"https:\/\/i0.wp.com\/blog-alexis.monville.com\/wp-content\/uploads\/sites\/2\/2009\/05\/bandeau-ujuo.jpg?resize=350%2C200&ssl=1 1x, https:\/\/i0.wp.com\/blog-alexis.monville.com\/wp-content\/uploads\/sites\/2\/2009\/05\/bandeau-ujuo.jpg?resize=525%2C300&ssl=1 1.5x"},"classes":[]},{"id":291,"url":"https:\/\/blog-alexis.monville.com\/en\/2008\/12\/17\/mantegnaun-jour-une-oeuvre-au-louvre\/","url_meta":{"origin":863,"position":3},"title":"Un Jour Une \u0152uvre au Louvre","author":"Alexis","date":"December 17, 2008","format":false,"excerpt":"Ce mercredi 12 d\u00e9cembre, nous nous sommes retrouv\u00e9s au Louvre pour visiter l\u2019exposition consacr\u00e9e \u00e0 Mantegna. Nous\u00a0? Nous c\u2019est Ivan (qui raconte l\u2019exp\u00e9rience sur son blog), Jean-Fran\u00e7ois et moi, trois parmi ceux qui avaient envie de participer \u00e0 cette exp\u00e9rience de mutualisation des regards dans le monde r\u00e9el, exp\u00e9rience que\u2026","rel":"","context":"In &quot;General&quot;","block_context":{"text":"General","link":"https:\/\/blog-alexis.monville.com\/en\/category\/all\/"},"img":{"alt_text":"","src":"http:\/\/upload.wikimedia.org\/wikipedia\/commons\/thumb\/4\/4d\/Andrea_Mantegna_089.jpg\/257px-Andrea_Mantegna_089.jpg","width":350,"height":200},"classes":[]},{"id":1227,"url":"https:\/\/blog-alexis.monville.com\/en\/2011\/10\/04\/strategie-vs-mise-en-oeuvre\/","url_meta":{"origin":863,"position":4},"title":"Strat\u00e9gie vs Mise en oeuvre","author":"Alexis","date":"October 4, 2011","format":false,"excerpt":"Je re\u00e7ois p\u00e9riodiquement la lettre d'information de McKinsey.\u00a0Le titre de l'\u00e9dition du mois d'octobre m'a permis de comprendre l'\u00e9cart de vision qu'il pouvait exister avec ce que je propose. Cette lettre est titr\u00e9e : Strat\u00e9gie pour une \u00e9poque incertaine ou Strategy for uncertain times en version originale. Pourquoi un \u00e9cart\u2026","rel":"","context":"In &quot;ayeba&quot;","block_context":{"text":"ayeba","link":"https:\/\/blog-alexis.monville.com\/en\/category\/ayeba\/"},"img":{"alt_text":"","src":"https:\/\/i0.wp.com\/blog-alexis.monville.com\/wp-content\/uploads\/sites\/2\/2011\/10\/strategy-chess-1024x682.jpg?resize=350%2C200&ssl=1","width":350,"height":200},"classes":[]},{"id":602,"url":"https:\/\/blog-alexis.monville.com\/en\/2009\/06\/19\/un-jour-une-oeuvre-1-an\/","url_meta":{"origin":863,"position":5},"title":"Un Jour Une Oeuvre (1 an)","author":"Alexis","date":"June 19, 2009","format":false,"excerpt":"Les superbes photographies de Sylvie Le Bars m'ont donn\u00e9es envie de faire un petit article illustr\u00e9 sur le premier anniversaire du site Internet Un Jour Une Oeuvre. Pour f\u00eater cette premi\u00e8re ann\u00e9e, nous avions rendez-vous pour une cinqui\u00e8me session d'Un Jour Une Oeuvre en direct, au mus\u00e9e Eug\u00e8ne Delacroix. Spei\u2026","rel":"","context":"In &quot;General&quot;","block_context":{"text":"General","link":"https:\/\/blog-alexis.monville.com\/en\/category\/all\/"},"img":{"alt_text":"","src":"https:\/\/i0.wp.com\/farm3.static.flickr.com\/2471\/3629471432_c28076dc07_m_d.jpg?resize=350%2C200","width":350,"height":200},"classes":[]}],"jetpack_sharing_enabled":true,"_links":{"self":[{"href":"https:\/\/blog-alexis.monville.com\/en\/wp-json\/wp\/v2\/posts\/863","targetHints":{"allow":["GET"]}}],"collection":[{"href":"https:\/\/blog-alexis.monville.com\/en\/wp-json\/wp\/v2\/posts"}],"about":[{"href":"https:\/\/blog-alexis.monville.com\/en\/wp-json\/wp\/v2\/types\/post"}],"author":[{"embeddable":true,"href":"https:\/\/blog-alexis.monville.com\/en\/wp-json\/wp\/v2\/users\/1"}],"replies":[{"embeddable":true,"href":"https:\/\/blog-alexis.monville.com\/en\/wp-json\/wp\/v2\/comments?post=863"}],"version-history":[{"count":0,"href":"https:\/\/blog-alexis.monville.com\/en\/wp-json\/wp\/v2\/posts\/863\/revisions"}],"wp:attachment":[{"href":"https:\/\/blog-alexis.monville.com\/en\/wp-json\/wp\/v2\/media?parent=863"}],"wp:term":[{"taxonomy":"category","embeddable":true,"href":"https:\/\/blog-alexis.monville.com\/en\/wp-json\/wp\/v2\/categories?post=863"},{"taxonomy":"post_tag","embeddable":true,"href":"https:\/\/blog-alexis.monville.com\/en\/wp-json\/wp\/v2\/tags?post=863"}],"curies":[{"name":"wp","href":"https:\/\/api.w.org\/{rel}","templated":true}]}}