{"id":860,"date":"2010-06-28T14:00:10","date_gmt":"2010-06-28T12:00:10","guid":{"rendered":"https:\/\/blog-alexis.monville.com\/?p=860"},"modified":"2010-06-28T14:00:10","modified_gmt":"2010-06-28T12:00:10","slug":"education-profitable","status":"publish","type":"post","link":"https:\/\/blog-alexis.monville.com\/en\/2010\/06\/28\/education-profitable\/","title":{"rendered":"Education profitable ?"},"content":{"rendered":"<p><a href=\"http:\/\/fr.wikipedia.org\/wiki\/Martha_Craven_Nussbaum\"><img loading=\"lazy\" decoding=\"async\" class=\"alignleft\" style=\"margin: 10px\" src=\"http:\/\/upload.wikimedia.org\/wikipedia\/commons\/8\/8f\/Martha_Nussbaum_authorized-wikipedia.jpg\" alt=\"\" width=\"288\" height=\"192\" \/><\/a>Dans un article du 30 avril 2010,\u00a0<a href=\"http:\/\/www.timesonline.co.uk\/tol\/arts_and_entertainment\/the_tls\/Subscriber_Archive\/Commentary_Archive\/article7111677.ece\">Skills for life<\/a>, paru dans le suppl\u00e9ment litt\u00e9raire du Times, <a href=\"http:\/\/www.law.uchicago.edu\/faculty\/nussbaum\" target=\"_blank\">Martha Nussbaum<\/a> de l&#8217;universit\u00e9 de Chivago alerte sur une d\u00e9rive tendant \u00e0 supprimer l&#8217;enseignement des humanit\u00e9s au profit d&#8217;enseignement profitable \u00e0 court terme.<\/p>\n<p>Cet article (heureusement) traduit par <a href=\"http:\/\/www.courrierinternational.com\/\" target=\"_blank\">Courrier International<\/a>, dans son \u00e9dition 1025 du 24 au 30 juin 2010, fait l&#8217;introduction du dossier <a href=\"http:\/\/www.courrierinternational.com\/magazine\/2010\/1025-ou-va-l-universite\" target=\"_blank\">&#8220;O\u00f9 va l&#8217;Universit\u00e9 ?<\/a>&#8220;.<\/p>\n<p>L&#8217;alerte de Matha Nussbaum provient du fait que les humanit\u00e9s et les arts ne cessent de perdre du terrain, tant dans l&#8217;enseignement primaire, secondaire qu&#8217;\u00e0 l&#8217;universit\u00e9. La qu\u00eate conjugu\u00e9e d&#8217;\u00e9conomie et de comp\u00e9tences actionnables imm\u00e9diatement tend \u00e0 supprimer des programmes ces enseignements.<\/p>\n<p>Pour m\u00e9moire, les humanit\u00e9s d\u00e9signent l&#8217;\u00e9tude de la langue et de la litt\u00e9rature grecques et latines, dans son acceptation actuelle, le terme regroupe \u00e9galement : l&#8217;histoire, la g\u00e9ographie, la philosophie, le droit, les langues et la litt\u00e9rature, soit toutes les disciplines qui n&#8217;entrent pas dans les sciences exactes.<\/p>\n<p>Ces enseignements, exigeants par la n\u00e9cessaire participation active et critique qu&#8217;ils requi\u00e8rent pour \u00eatre d\u00e9livr\u00e9s, sont de ceux qui permettent aux \u00e9tudiants d&#8217;acqu\u00e9rir justement cet esprit critique, cette imagination qui leur permettra d&#8217;entrer en relation avec les autres et de faire vivre la d\u00e9mocratie.<\/p>\n<p>L&#8217;enseignement de l&#8217;art est \u00e9galement sur la touche m\u00eame si la musique arrive \u00e0 se faire une petite place dans quelques familles.<\/p>\n<p>Ces enseignements seront bien sur de ceux qui ne feront pas de ces \u00e9tudiants des travailleurs dociles et efficaces.<\/p>\n<p><strong>Pour la d\u00e9mocratie, la libert\u00e9 de parole, le respect de la diff\u00e9rence et la compr\u00e9hension des autres, demandons \u00e0 ce que ces enseignements face partie du socle indispensable de tous les enseignements sans exception.<\/strong><\/p>\n<p>Mon exp\u00e9rience personnelle d&#8217;orientation dans une fili\u00e8re technique (bac E) a fait que je n&#8217;ai plus eu d&#8217;enseignement d&#8217;histoire et de g\u00e9ographie d\u00e8s la fin de la 3\u00e8me et que par le jeu des coefficients, le fran\u00e7ais, les langues et la philosophie n&#8217;avaient pas d&#8217;int\u00e9r\u00eat&#8230;<\/p>\n<p>Cette hi\u00e9rarchisation des enseignements est de nature \u00e0 inhiber notre cr\u00e9ativit\u00e9 et \u00e0 nous emp\u00eacher d&#8217;exprimer nos talents, comme le raconte Sir Ken Robinson dans la conf\u00e9rence qu&#8217;il a donn\u00e9e aux conf\u00e9rences TED : <a href=\"http:\/\/www.ted.com\/talks\/lang\/eng\/ken_robinson_says_schools_kill_creativity.html\" target=\"_blank\">l&#8217;\u00e9cole tue la cr\u00e9ativit\u00e9<\/a>.<\/p>\n<p>Et pourtant, ma vie au quotidien me d\u00e9montre tous les jours le contraire&#8230; et si j&#8217;ai remplac\u00e9 l&#8217;histoire et la g\u00e9ographie par les <a title=\"sur amazon\" href=\"http:\/\/www.amazon.fr\/gp\/product\/B000GH2X2U?ie=UTF8&amp;tag=unjounoe-21&amp;linkCode=as2&amp;camp=1642&amp;creative=19458&amp;creativeASIN=B000GH2X2U\" target=\"_blank\">DVD<\/a> du <a title=\"Sur ARTE\" href=\"http:\/\/www.arte.tv\/fr\/392.html\" target=\"_blank\">dessous des cartes<\/a>&#8230; et les arts par l&#8217;exercice de l&#8217;attention avec <a href=\"http:\/\/ujuo.org\" target=\"_blank\">UJUO<\/a>&#8230; <strong>Comment acqu\u00e9rir toutes ces autres comp\u00e9tences indispensables pour vivre en soci\u00e9t\u00e9 ?<\/strong><\/p>\n","protected":false},"excerpt":{"rendered":"<p>Dans un article du 30 avril 2010,\u00a0Skills for life, paru dans le suppl\u00e9ment litt\u00e9raire du Times, Martha Nussbaum de l&#8217;universit\u00e9 de Chivago alerte sur une d\u00e9rive tendant \u00e0 supprimer l&#8217;enseignement des humanit\u00e9s au profit d&#8217;enseignement profitable \u00e0 court terme. Cet article (heureusement) traduit par Courrier International, dans son \u00e9dition 1025 du 24 au 30 juin [&hellip;]<\/p>\n","protected":false},"author":1,"featured_media":0,"comment_status":"open","ping_status":"open","sticky":false,"template":"","format":"standard","meta":{"advanced_seo_description":"","jetpack_seo_html_title":"","jetpack_seo_noindex":false,"jetpack_post_was_ever_published":false,"_jetpack_newsletter_access":"","_jetpack_dont_email_post_to_subs":false,"_jetpack_newsletter_tier_id":0,"_jetpack_memberships_contains_paywalled_content":false,"_jetpack_memberships_contains_paid_content":false,"footnotes":""},"categories":[1],"tags":[236],"class_list":["post-860","post","type-post","status-publish","format-standard","hentry","category-all","tag-innovation"],"jetpack_featured_media_url":"","jetpack_shortlink":"https:\/\/wp.me\/paNjQG-dS","jetpack-related-posts":[{"id":26,"url":"https:\/\/blog-alexis.monville.com\/en\/2006\/09\/19\/seminaire-franco-indien\/","url_meta":{"origin":860,"position":0},"title":"S\u00e9minaire Franco-Indien","author":"Alexis","date":"September 19, 2006","format":false,"excerpt":"Pr\u00e9sentation du programme ADELE avec une focalisation plus particuli\u00e8re sur le r\u00f4le des standards ouverts et des solutions sous licences libres dans l'am\u00e9lioration de l'administration. L'\u00e9v\u00e9nement organis\u00e9e par la Fondation Sophia-Antipolis et l'universit\u00e9 de Nice Sophia-Antipolis ne r\u00e9unissait malheureusement que peu de participants. Int\u00e9r\u00eat des interlocuteurs Indien pour les aspects\u2026","rel":"","context":"In &quot;International&quot;","block_context":{"text":"International","link":"https:\/\/blog-alexis.monville.com\/en\/category\/international\/"},"img":{"alt_text":"","src":"","width":0,"height":0},"classes":[]},{"id":912,"url":"https:\/\/blog-alexis.monville.com\/en\/2010\/10\/03\/turn-freedom-on\/","url_meta":{"origin":860,"position":1},"title":"Turn freedom on","author":"Alexis","date":"October 3, 2010","format":false,"excerpt":"Eben Moglen a donn\u00e9e la keynote de cloture de la premi\u00e8re journ\u00e9e de l'OpenWorldForum le 30 septembre 2010. La libert\u00e9 \u00e9tait le th\u00e8me principal de l'adresse d'Eben Moglen. La libert\u00e9 apport\u00e9e par les travaux du mouvement pour le logiciel libre qui a r\u00e9ussi \u00e0 mettre de la libert\u00e9 dans de\u2026","rel":"","context":"In &quot;International&quot;","block_context":{"text":"International","link":"https:\/\/blog-alexis.monville.com\/en\/category\/international\/"},"img":{"alt_text":"","src":"https:\/\/i0.wp.com\/blog-alexis.monville.com\/wp-content\/uploads\/sites\/2\/2010\/10\/gnu-social-logo.png?resize=350%2C200&ssl=1","width":350,"height":200},"classes":[]},{"id":95,"url":"https:\/\/blog-alexis.monville.com\/en\/2008\/05\/20\/le-droit-a-la-fibre-les-enjeux-du-projet-de-loi-tres-haut-debit\/","url_meta":{"origin":860,"position":2},"title":"Le droit \u00e0 la fibre, les enjeux du projet de loi Tr\u00e8s Haut D\u00e9bit","author":"Alexis","date":"May 20, 2008","format":false,"excerpt":"C'est le th\u00e8me de la table ronde organis\u00e9e par le Club S\u00e9nat le 15 mai 2008. Le S\u00e9nateur Bruno Retailleau, membre de la commission sur le dividende num\u00e9rique (lib\u00e9ration de fr\u00e9quences hertzienne par l'extinction de la t\u00e9l\u00e9vision analogique) pr\u00e9sentait les enjeux du projet de loi sur la modernisation de l'\u00e9conomie.\u2026","rel":"","context":"In &quot;General&quot;","block_context":{"text":"General","link":"https:\/\/blog-alexis.monville.com\/en\/category\/all\/"},"img":{"alt_text":"","src":"","width":0,"height":0},"classes":[]},{"id":856,"url":"https:\/\/blog-alexis.monville.com\/en\/2010\/06\/27\/droit-dauteur-equitable\/","url_meta":{"origin":860,"position":3},"title":"Droit d&#8217;auteur \u00e9quitable","author":"Alexis","date":"June 27, 2010","format":false,"excerpt":"Les \u00e9tudiants canadiens ont produit cette vid\u00e9o d'information pour d\u00e9fendre un droit d'auteur \u00e9quitable. Cette excellente vid\u00e9o est reprise dans un article de Numerama. ACTA peut-\u00eatre un tr\u00e8s bon sujet de vid\u00e9os bien sur, et d'actions surtout, \u00e0 lire le communiqu\u00e9 de presse suite \u00e0 une rencontre entre les repr\u00e9sentants\u2026","rel":"","context":"In &quot;General&quot;","block_context":{"text":"General","link":"https:\/\/blog-alexis.monville.com\/en\/category\/all\/"},"img":{"alt_text":"","src":"https:\/\/i0.wp.com\/blog-alexis.monville.com\/wp-content\/uploads\/sites\/2\/2010\/06\/droit-auteur-equitable.jpg?resize=350%2C200&ssl=1","width":350,"height":200},"classes":[]},{"id":24,"url":"https:\/\/blog-alexis.monville.com\/en\/2006\/09\/14\/synergies-%e2%80%93-les-ressources-d%e2%80%99adele-est-ce-l%e2%80%99administration-electronique-20\/","url_meta":{"origin":860,"position":4},"title":"Synergies \u2013 les ressources d\u2019ADELE, est-ce l\u2019Administration \u00e9lectronique 2.0 ?","author":"Alexis","date":"September 14, 2006","format":false,"excerpt":"La relation entre l\u2019Administration \u00e9lectronique et l\u2019expression de Dale Dougherty, web 2.0, popularis\u00e9e par Tim O\u2019Reilly ne vous appara\u00eet pas comme \u00e9vidente ? Est-ce une fa\u00e7on de r\u00e9cup\u00e9rer un concept \u00e0 la mode pour donner une image moderne \u00e0 notre Administration ? La liaison est bien r\u00e9elle et l\u2019utilisation de\u2026","rel":"","context":"In &quot;General&quot;","block_context":{"text":"General","link":"https:\/\/blog-alexis.monville.com\/en\/category\/all\/"},"img":{"alt_text":"","src":"","width":0,"height":0},"classes":[]},{"id":67,"url":"https:\/\/blog-alexis.monville.com\/en\/2007\/06\/05\/la-regulation-de-l%e2%80%99economie-en-france-et-en-europe\/","url_meta":{"origin":860,"position":5},"title":"La r\u00e9gulation de l\u2019\u00e9conomie en France et en Europe","author":"Alexis","date":"June 5, 2007","format":false,"excerpt":"Th\u00e8me des rencontres \u00e9conomiques de ce 5 juin 2007, organis\u00e9es par l'IGPDE et anim\u00e9e, comme toujours, par Didier Ad\u00e8s. Avec les interventions de : Bertrand du Marais, conseiller d\u2019\u00c9tat et professeur associ\u00e9 de droit \u00e0 l\u2019Universit\u00e9 Paris X - Th\u00e8me : \u00ab R\u00e9gulation : une d\u00e9cennie de r\u00e9volutions \u00bb Roger\u2026","rel":"","context":"In &quot;General&quot;","block_context":{"text":"General","link":"https:\/\/blog-alexis.monville.com\/en\/category\/all\/"},"img":{"alt_text":"","src":"","width":0,"height":0},"classes":[]}],"jetpack_sharing_enabled":true,"_links":{"self":[{"href":"https:\/\/blog-alexis.monville.com\/en\/wp-json\/wp\/v2\/posts\/860","targetHints":{"allow":["GET"]}}],"collection":[{"href":"https:\/\/blog-alexis.monville.com\/en\/wp-json\/wp\/v2\/posts"}],"about":[{"href":"https:\/\/blog-alexis.monville.com\/en\/wp-json\/wp\/v2\/types\/post"}],"author":[{"embeddable":true,"href":"https:\/\/blog-alexis.monville.com\/en\/wp-json\/wp\/v2\/users\/1"}],"replies":[{"embeddable":true,"href":"https:\/\/blog-alexis.monville.com\/en\/wp-json\/wp\/v2\/comments?post=860"}],"version-history":[{"count":0,"href":"https:\/\/blog-alexis.monville.com\/en\/wp-json\/wp\/v2\/posts\/860\/revisions"}],"wp:attachment":[{"href":"https:\/\/blog-alexis.monville.com\/en\/wp-json\/wp\/v2\/media?parent=860"}],"wp:term":[{"taxonomy":"category","embeddable":true,"href":"https:\/\/blog-alexis.monville.com\/en\/wp-json\/wp\/v2\/categories?post=860"},{"taxonomy":"post_tag","embeddable":true,"href":"https:\/\/blog-alexis.monville.com\/en\/wp-json\/wp\/v2\/tags?post=860"}],"curies":[{"name":"wp","href":"https:\/\/api.w.org\/{rel}","templated":true}]}}