{"id":86,"date":"2008-04-01T08:40:09","date_gmt":"2008-04-01T07:40:09","guid":{"rendered":"http:\/\/alexismonville.wordpress.com\/?p=86"},"modified":"2008-04-01T08:40:09","modified_gmt":"2008-04-01T07:40:09","slug":"conseil-et-numerique-2","status":"publish","type":"post","link":"https:\/\/blog-alexis.monville.com\/en\/2008\/04\/01\/conseil-et-numerique-2\/","title":{"rendered":"Conseil et num\u00e9rique"},"content":{"rendered":"<p>A l\u2019heure ou mon premier article sur le sujet vient d\u2019\u00eatre publi\u00e9 sur <a href=\"http:\/\/www.agoravox.fr\/article.php3?id_article=37500\">Agoravox<\/a>, une question demeure : \u00ab Pourquoi ? \u00bb.<br \/>\nUn \u00e9l\u00e9ment de r\u00e9ponse vient d\u2019un autre t\u00e9moignage d\u2019une personne en charge d&#8217;organiser le partage des connaissances pour un grand cabinet de conseil anglo-saxon. Son diagnostique de la situation est simple. L\u2019organisation des cabinets est une organisation extr\u00eamement hi\u00e9rarchique construite par les associ\u00e9s pour eux-m\u00eames. Leurs efforts pour se constituer un r\u00e9seau externe de clients et un r\u00e9seau interne de comp\u00e9tences se voient r\u00e9tribu\u00e9s lorsqu\u2019ils atteignent cette position d\u2019associ\u00e9. Ils vivent donc dans une organisation ou l\u2019information est le pouvoir, et il sera donc tr\u00e8s difficile de passer \u00e0 une organisation ou l\u2019information n\u2019a de valeur que si elle est partag\u00e9e.<br \/>\nA titre d\u2019illustration, prenez un livre blanc publi\u00e9 par un cabinet de conseil\u2026cherchez l\u2019auteur\u2026vous ne trouverez qu\u2019une page contact avec le nom de l\u2019associ\u00e9 et \u00e9ventuellement son secr\u00e9tariat\u2026 mais pas les contributeurs\u2026<\/p>\n<p>Comme pour tous les m\u00e9tiers, certains acteurs \u00e9prouvent plus de difficult\u00e9s que d\u2019autres \u00e0 changer de mod\u00e8le d\u2019organisation, effet d\u2019histoire, de taille, de conviction des dirigeants\u2026<\/p>\n<p>Certains acteurs ouvriront donc la voie en mettant en place ce que Laurent Sals\u00e9*, de BSA Conseil, appelle l\u2019ERP du cabinet de conseil, g\u00e9rant \u00ab tout \u00bb depuis les imputations horaires \u00e0 la gestion des connaissances\u2026<\/p>\n<p>* voir article du magazine CIO de novembre 2007<\/p>\n","protected":false},"excerpt":{"rendered":"<p>A l\u2019heure ou mon premier article sur le sujet vient d\u2019\u00eatre publi\u00e9 sur Agoravox, une question demeure : \u00ab Pourquoi ? \u00bb. Un \u00e9l\u00e9ment de r\u00e9ponse vient d\u2019un autre t\u00e9moignage d\u2019une personne en charge d&#8217;organiser le partage des connaissances pour un grand cabinet de conseil anglo-saxon. Son diagnostique de la situation est simple. L\u2019organisation des [&hellip;]<\/p>\n","protected":false},"author":1,"featured_media":0,"comment_status":"open","ping_status":"open","sticky":false,"template":"","format":"standard","meta":{"advanced_seo_description":"","jetpack_seo_html_title":"","jetpack_seo_noindex":false,"jetpack_post_was_ever_published":false,"_jetpack_newsletter_access":"","_jetpack_dont_email_post_to_subs":false,"_jetpack_newsletter_tier_id":0,"_jetpack_memberships_contains_paywalled_content":false,"_jetpack_memberships_contains_paid_content":false,"footnotes":""},"categories":[1],"tags":[236],"class_list":["post-86","post","type-post","status-publish","format-standard","hentry","category-all","tag-innovation"],"jetpack_featured_media_url":"","jetpack_shortlink":"https:\/\/wp.me\/paNjQG-1o","jetpack-related-posts":[{"id":83,"url":"https:\/\/blog-alexis.monville.com\/en\/2008\/03\/25\/conseil-et-numerique\/","url_meta":{"origin":86,"position":0},"title":"Conseil et num\u00e9rique","author":"Alexis","date":"March 25, 2008","format":false,"excerpt":"Quelques r\u00e9actions \u00e0 mon article sur la place de l\u2019innovation num\u00e9rique au sein des Cabinets de conseil, m\u2019encouragent \u00e0 ajouter cette suite. Ces r\u00e9actions viennent principalement de Cabinets qui ne travaillent pas au quotidien avec moi, je les ordonne du moins visible pour le client, au plus visible. L\u2019apport majeur\u2026","rel":"","context":"In &quot;General&quot;","block_context":{"text":"General","link":"https:\/\/blog-alexis.monville.com\/en\/category\/all\/"},"img":{"alt_text":"","src":"","width":0,"height":0},"classes":[]},{"id":77,"url":"https:\/\/blog-alexis.monville.com\/en\/2007\/12\/06\/la-fin-de-ladministration-electronique\/","url_meta":{"origin":86,"position":1},"title":"La fin de l&#8217;administration \u00e9lectronique","author":"Alexis","date":"December 6, 2007","format":false,"excerpt":"A quelques jours de la fin du programme ADELE 2004\/2007, quelle sera la suite donn\u00e9e ? Est-ce la fin de l'administration \u00e9lectronique ? L'objectif de transformation en profondeur du service public par l'usage des technologies de l'information et de la communication (TIC) a \u00e9t\u00e9 confondu \u00e0 l'origine avec la d\u00e9mat\u00e9rialisation\u2026","rel":"","context":"In &quot;General&quot;","block_context":{"text":"General","link":"https:\/\/blog-alexis.monville.com\/en\/category\/all\/"},"img":{"alt_text":"","src":"","width":0,"height":0},"classes":[]},{"id":124,"url":"https:\/\/blog-alexis.monville.com\/en\/2008\/08\/26\/echec-ou-changement-concerte\/","url_meta":{"origin":86,"position":2},"title":"Echec ou changement concert\u00e9 ?","author":"Alexis","date":"August 26, 2008","format":false,"excerpt":"Je viens de d\u00e9couvrir le livre vert de l\u2019APRAT[1] publi\u00e9 au d\u00e9but de l\u2019ann\u00e9e 2008 et intitul\u00e9 : \u00ab R\u00e9forme de la sph\u00e8re publique : \u00e9chec ou changement concert\u00e9 ? \u00bb. Le titre laisse entrevoir un ton direct et c\u2019est bien le cas pour ce livre vert de 21 pages.\u2026","rel":"","context":"In &quot;General&quot;","block_context":{"text":"General","link":"https:\/\/blog-alexis.monville.com\/en\/category\/all\/"},"img":{"alt_text":"","src":"","width":0,"height":0},"classes":[]},{"id":103,"url":"https:\/\/blog-alexis.monville.com\/en\/2008\/07\/09\/intelligence-economique\/","url_meta":{"origin":86,"position":3},"title":"Intelligence \u00e9conomique","author":"Alexis","date":"July 9, 2008","format":false,"excerpt":"L\u2019institut de gestion publique et de d\u00e9veloppement \u00e9conomique (IGPDE), organisme de formation interne des deux minist\u00e8res dit \u00ab\u00a0financiers\u00a0\u00bb (Budget, Comptes publics et Fonction publique d\u2019une part Economie, Finances et Emploi d\u2019autre part), a organis\u00e9 une premi\u00e8re session d\u2019initiation \u00e0 l\u2019intelligence \u00e9conomique. Salle comble et nombreuses demandes insatisfaites pr\u00e9sage un succ\u00e8s.\u2026","rel":"","context":"In &quot;General&quot;","block_context":{"text":"General","link":"https:\/\/blog-alexis.monville.com\/en\/category\/all\/"},"img":{"alt_text":"","src":"","width":0,"height":0},"classes":[]},{"id":81,"url":"https:\/\/blog-alexis.monville.com\/en\/2008\/03\/17\/innovation-numerique-et-cabinets-de-conseil-tandem-incompatible\/","url_meta":{"origin":86,"position":4},"title":"Innovation num\u00e9rique et Cabinets de conseil : Tandem incompatible ?","author":"Alexis","date":"March 17, 2008","format":false,"excerpt":"Quelle utilisation les cabinets de conseil font-ils du num\u00e9rique ? En quoi cette utilisation a-t-elle un impact sur leurs organisations et leurs processus ? Et \u00e0 partir de l\u00e0, comment conseillent-ils leurs clients dans l\u2019usage du num\u00e9rique comme levier de transformation ? La p\u00e9riode 1998-2008 a vu pass\u00e9 nombre d\u2019innovations\u2026","rel":"","context":"In &quot;General&quot;","block_context":{"text":"General","link":"https:\/\/blog-alexis.monville.com\/en\/category\/all\/"},"img":{"alt_text":"","src":"","width":0,"height":0},"classes":[]},{"id":705,"url":"https:\/\/blog-alexis.monville.com\/en\/2009\/12\/22\/l%e2%80%99information-prochain-defi-pour-les-entreprises\/","url_meta":{"origin":86,"position":5},"title":"L\u2019information : prochain d\u00e9fi pour les entreprises","author":"Alexis","date":"December 22, 2009","format":false,"excerpt":"L\u2019information : prochain d\u00e9fi pour les entreprises, pratiques de cr\u00e9ation de valeur par les SI et leur usage, est la derni\u00e8re \u00e9tude qui vient d'\u00eatre publi\u00e9e par le CIGREF. Cette \u00e9tude rapporte que\u00a037% des entreprises pensent que l\u2019usage qu\u2019elles font des SI et de l\u2019information repr\u00e9sente un atout concurrentiel. Un\u2026","rel":"","context":"In &quot;General&quot;","block_context":{"text":"General","link":"https:\/\/blog-alexis.monville.com\/en\/category\/all\/"},"img":{"alt_text":"cigref","src":"https:\/\/i0.wp.com\/blog-alexis.monville.com\/wp-content\/uploads\/sites\/2\/2009\/12\/cigref.png?resize=350%2C200&ssl=1","width":350,"height":200},"classes":[]}],"jetpack_sharing_enabled":true,"_links":{"self":[{"href":"https:\/\/blog-alexis.monville.com\/en\/wp-json\/wp\/v2\/posts\/86","targetHints":{"allow":["GET"]}}],"collection":[{"href":"https:\/\/blog-alexis.monville.com\/en\/wp-json\/wp\/v2\/posts"}],"about":[{"href":"https:\/\/blog-alexis.monville.com\/en\/wp-json\/wp\/v2\/types\/post"}],"author":[{"embeddable":true,"href":"https:\/\/blog-alexis.monville.com\/en\/wp-json\/wp\/v2\/users\/1"}],"replies":[{"embeddable":true,"href":"https:\/\/blog-alexis.monville.com\/en\/wp-json\/wp\/v2\/comments?post=86"}],"version-history":[{"count":0,"href":"https:\/\/blog-alexis.monville.com\/en\/wp-json\/wp\/v2\/posts\/86\/revisions"}],"wp:attachment":[{"href":"https:\/\/blog-alexis.monville.com\/en\/wp-json\/wp\/v2\/media?parent=86"}],"wp:term":[{"taxonomy":"category","embeddable":true,"href":"https:\/\/blog-alexis.monville.com\/en\/wp-json\/wp\/v2\/categories?post=86"},{"taxonomy":"post_tag","embeddable":true,"href":"https:\/\/blog-alexis.monville.com\/en\/wp-json\/wp\/v2\/tags?post=86"}],"curies":[{"name":"wp","href":"https:\/\/api.w.org\/{rel}","templated":true}]}}