{"id":856,"date":"2010-06-27T16:35:58","date_gmt":"2010-06-27T14:35:58","guid":{"rendered":"https:\/\/blog-alexis.monville.com\/?p=856"},"modified":"2010-06-27T16:35:58","modified_gmt":"2010-06-27T14:35:58","slug":"droit-dauteur-equitable","status":"publish","type":"post","link":"https:\/\/blog-alexis.monville.com\/en\/2010\/06\/27\/droit-dauteur-equitable\/","title":{"rendered":"Droit d&#8217;auteur \u00e9quitable"},"content":{"rendered":"<p><a href=\"http:\/\/www.youtube.com\/watch?v=KLvagHWuab0\"><img data-recalc-dims=\"1\" loading=\"lazy\" decoding=\"async\" data-attachment-id=\"858\" data-permalink=\"https:\/\/blog-alexis.monville.com\/en\/2010\/06\/27\/droit-dauteur-equitable\/droit-auteur-equitable\/\" data-orig-file=\"https:\/\/i0.wp.com\/blog-alexis.monville.com\/en\/wp-content\/uploads\/sites\/2\/2010\/06\/droit-auteur-equitable.jpg?fit=400%2C255&amp;ssl=1\" data-orig-size=\"400,255\" data-comments-opened=\"1\" data-image-meta=\"{&quot;aperture&quot;:&quot;0&quot;,&quot;credit&quot;:&quot;&quot;,&quot;camera&quot;:&quot;&quot;,&quot;caption&quot;:&quot;&quot;,&quot;created_timestamp&quot;:&quot;0&quot;,&quot;copyright&quot;:&quot;&quot;,&quot;focal_length&quot;:&quot;0&quot;,&quot;iso&quot;:&quot;0&quot;,&quot;shutter_speed&quot;:&quot;0&quot;,&quot;title&quot;:&quot;&quot;}\" data-image-title=\"droit-auteur-equitable\" data-image-description=\"\" data-image-caption=\"\" data-large-file=\"https:\/\/i0.wp.com\/blog-alexis.monville.com\/en\/wp-content\/uploads\/sites\/2\/2010\/06\/droit-auteur-equitable.jpg?fit=400%2C255&amp;ssl=1\" class=\"alignleft size-full wp-image-858\" style=\"margin: 10px\" title=\"droit-auteur-equitable\" src=\"https:\/\/i0.wp.com\/blog-alexis.monville.com\/wp-content\/uploads\/sites\/2\/2010\/06\/droit-auteur-equitable.jpg?resize=400%2C255&#038;ssl=1\" alt=\"\" width=\"400\" height=\"255\" srcset=\"https:\/\/i0.wp.com\/blog-alexis.monville.com\/en\/wp-content\/uploads\/sites\/2\/2010\/06\/droit-auteur-equitable.jpg?w=400&amp;ssl=1 400w, https:\/\/i0.wp.com\/blog-alexis.monville.com\/en\/wp-content\/uploads\/sites\/2\/2010\/06\/droit-auteur-equitable.jpg?resize=300%2C191&amp;ssl=1 300w\" sizes=\"auto, (max-width: 400px) 100vw, 400px\" \/><\/a>Les <a href=\"http:\/\/www.cfs-fcee.ca\/html\/french\/campaigns\/copyright.php\" target=\"_blank\">\u00e9tudiants canadiens<\/a> ont produit cette <a title=\"Regarder la vid\u00e9o sur YouTube\" href=\"http:\/\/www.youtube.com\/watch?v=KLvagHWuab0\" target=\"_blank\">vid\u00e9o d&#8217;information pour d\u00e9fendre un droit d&#8217;auteur \u00e9quitable<\/a>. Cette excellente vid\u00e9o est reprise dans un article de <a href=\"http:\/\/www.numerama.com\/magazine\/15827-video-les-etudiants-canadiens-defendent-un-droit-d-auteur-equitable.html\" target=\"_blank\">Numerama<\/a>.<\/p>\n<p>ACTA peut-\u00eatre un tr\u00e8s bon sujet de vid\u00e9os bien sur, et d&#8217;actions surtout, \u00e0 lire le communiqu\u00e9 de presse suite \u00e0 une rencontre entre les repr\u00e9sentants de <a href=\"http:\/\/www.april.org\" target=\"_blank\">l&#8217;APRIL<\/a> et de la <a href=\"http:\/\/www.laquadrature.net\/fr\" target=\"_blank\">Quadrature du Net<\/a> avec les repr\u00e9sentants du gouvernement fran\u00e7ais aux n\u00e9gociations ACTA : <a href=\"http:\/\/www.april.org\/fr\/au-poker-de-lacta-exporte-la-repression\" target=\"_blank\">Au poker de l&#8217;ACTA, on exporte la r\u00e9pression<\/a>.<\/p>\n","protected":false},"excerpt":{"rendered":"<p>Les \u00e9tudiants canadiens ont produit cette vid\u00e9o d&#8217;information pour d\u00e9fendre un droit d&#8217;auteur \u00e9quitable. Cette excellente vid\u00e9o est reprise dans un article de Numerama. ACTA peut-\u00eatre un tr\u00e8s bon sujet de vid\u00e9os bien sur, et d&#8217;actions surtout, \u00e0 lire le communiqu\u00e9 de presse suite \u00e0 une rencontre entre les repr\u00e9sentants de l&#8217;APRIL et de la [&hellip;]<\/p>\n","protected":false},"author":1,"featured_media":0,"comment_status":"open","ping_status":"open","sticky":false,"template":"","format":"standard","meta":{"advanced_seo_description":"","jetpack_seo_html_title":"","jetpack_seo_noindex":false,"jetpack_post_was_ever_published":false,"_jetpack_newsletter_access":"","_jetpack_dont_email_post_to_subs":false,"_jetpack_newsletter_tier_id":0,"_jetpack_memberships_contains_paywalled_content":false,"_jetpack_memberships_contains_paid_content":false,"footnotes":""},"categories":[1],"tags":[276],"class_list":["post-856","post","type-post","status-publish","format-standard","hentry","category-all","tag-logiciel-libre"],"jetpack_featured_media_url":"","jetpack_shortlink":"https:\/\/wp.me\/paNjQG-dO","jetpack-related-posts":[{"id":866,"url":"https:\/\/blog-alexis.monville.com\/en\/2010\/07\/08\/ethique-du-numerique\/","url_meta":{"origin":856,"position":0},"title":"Ethique du num\u00e9rique","author":"Alexis","date":"July 8, 2010","format":false,"excerpt":"Ce mercredi 7 juillet, j'\u00e9tais invit\u00e9 (avec une bonne centaine d'autres) \u00e0 un atelier participatif : \"Qu'est-ce qu'une loi 2.0 ?\". Cette r\u00e9union \u00e9tait organis\u00e9e par les parlementaires UMP pour prolonger les travaux du rapport Vive internet ! Libert\u00e9 et r\u00e8gles dans le monde num\u00e9rique. La parole est donn\u00e9e sur\u2026","rel":"","context":"In &quot;General&quot;","block_context":{"text":"General","link":"https:\/\/blog-alexis.monville.com\/en\/category\/all\/"},"img":{"alt_text":"","src":"https:\/\/i0.wp.com\/blog-alexis.monville.com\/wp-content\/uploads\/sites\/2\/2010\/07\/Capture-d%E2%80%99%C3%A9cran-2010-07-08-%C3%A0-09.43.11.png?resize=350%2C200&ssl=1","width":350,"height":200},"classes":[]},{"id":284,"url":"https:\/\/blog-alexis.monville.com\/en\/2008\/12\/10\/declaration-universelle-des-droits-de-lhomme\/","url_meta":{"origin":856,"position":1},"title":"D\u00e9claration universelle des droits de l&#8217;homme","author":"Alexis","date":"December 10, 2008","format":false,"excerpt":"C'est aujourd'hui le 60\u00e8me anniversaire de la D\u00e9claration universelle des droits de l'homme. L'occasion de relire ces 30 articles ? Courrier International a fait un dossier sur le sujet.","rel":"","context":"In &quot;International&quot;","block_context":{"text":"International","link":"https:\/\/blog-alexis.monville.com\/en\/category\/international\/"},"img":{"alt_text":"","src":"https:\/\/i0.wp.com\/www.courrierinternational.com\/illustrations\/article\/2008\/12\/i92228DRH.jpg?resize=350%2C200","width":350,"height":200},"classes":[]},{"id":88,"url":"https:\/\/blog-alexis.monville.com\/en\/2008\/04\/03\/au-dela-du-pib-le-bonheur\/","url_meta":{"origin":856,"position":2},"title":"Au-del\u00e0 du PIB le bonheur ?","author":"Alexis","date":"April 3, 2008","format":false,"excerpt":"Je reprends ici le titre de l\u2019analyse de Marine Boisson, D\u00e9partement Questions sociales et C\u00e9line Mareuge, D\u00e9partement des Affaires \u00e9conomiques et financi\u00e8res, du Centre d\u2019analyse strat\u00e9gique parue dans la note de veille num\u00e9ro 91, dat\u00e9e de f\u00e9vrier 2008. En cette semaine du d\u00e9veloppement durable, plusieurs voix s\u2019\u00e9l\u00e8vent pour interroger les\u2026","rel":"","context":"In &quot;General&quot;","block_context":{"text":"General","link":"https:\/\/blog-alexis.monville.com\/en\/category\/all\/"},"img":{"alt_text":"","src":"","width":0,"height":0},"classes":[]},{"id":95,"url":"https:\/\/blog-alexis.monville.com\/en\/2008\/05\/20\/le-droit-a-la-fibre-les-enjeux-du-projet-de-loi-tres-haut-debit\/","url_meta":{"origin":856,"position":3},"title":"Le droit \u00e0 la fibre, les enjeux du projet de loi Tr\u00e8s Haut D\u00e9bit","author":"Alexis","date":"May 20, 2008","format":false,"excerpt":"C'est le th\u00e8me de la table ronde organis\u00e9e par le Club S\u00e9nat le 15 mai 2008. Le S\u00e9nateur Bruno Retailleau, membre de la commission sur le dividende num\u00e9rique (lib\u00e9ration de fr\u00e9quences hertzienne par l'extinction de la t\u00e9l\u00e9vision analogique) pr\u00e9sentait les enjeux du projet de loi sur la modernisation de l'\u00e9conomie.\u2026","rel":"","context":"In &quot;General&quot;","block_context":{"text":"General","link":"https:\/\/blog-alexis.monville.com\/en\/category\/all\/"},"img":{"alt_text":"","src":"","width":0,"height":0},"classes":[]},{"id":816,"url":"https:\/\/blog-alexis.monville.com\/en\/2010\/05\/09\/revenu-de-vie\/","url_meta":{"origin":856,"position":4},"title":"Revenu de Vie","author":"Alexis","date":"May 9, 2010","format":false,"excerpt":"Avez-vous d\u00e9j\u00e0 entendu parler du Revenu de Vie ? Peut-\u00eatre \u00eates-vous d\u00e9j\u00e0 signataire de l'Appel pour un Revenu de Vie ? Peut-\u00eatre avez-vous envie d'en savoir plus avant de vous engager dans la promotion de cette \u00e9volution de notre soci\u00e9t\u00e9 ? Qu'est-ce que le Revenu de Vie ? L'id\u00e9e du\u2026","rel":"","context":"In &quot;General&quot;","block_context":{"text":"General","link":"https:\/\/blog-alexis.monville.com\/en\/category\/all\/"},"img":{"alt_text":"","src":"https:\/\/i0.wp.com\/blog-alexis.monville.com\/wp-content\/uploads\/sites\/2\/2010\/05\/pzado-pathway1.jpg?resize=350%2C200&ssl=1","width":350,"height":200},"classes":[]},{"id":1232,"url":"https:\/\/blog-alexis.monville.com\/en\/2011\/10\/12\/99\/","url_meta":{"origin":856,"position":5},"title":"99%","author":"Alexis","date":"October 12, 2011","format":false,"excerpt":"Le mouvement d'indignation contre le status quo d'une situation injuste qui profite \u00e0 1% de la population mondiale grandi et se coordonne grace \u00e0 Internet. Au point que cette coordination inqui\u00e8te et fait craindre \u00e0 certains un automne \u00e0 l'image du \"printemps arabe\". La prochaine \u00e9tape est une manifestation mondiale\u2026","rel":"","context":"In &quot;General&quot;","block_context":{"text":"General","link":"https:\/\/blog-alexis.monville.com\/en\/category\/all\/"},"img":{"alt_text":"","src":"https:\/\/i0.wp.com\/blog-alexis.monville.com\/wp-content\/uploads\/sites\/2\/2011\/10\/rrss-02-300x300.png?resize=350%2C200&ssl=1","width":350,"height":200},"classes":[]}],"jetpack_sharing_enabled":true,"_links":{"self":[{"href":"https:\/\/blog-alexis.monville.com\/en\/wp-json\/wp\/v2\/posts\/856","targetHints":{"allow":["GET"]}}],"collection":[{"href":"https:\/\/blog-alexis.monville.com\/en\/wp-json\/wp\/v2\/posts"}],"about":[{"href":"https:\/\/blog-alexis.monville.com\/en\/wp-json\/wp\/v2\/types\/post"}],"author":[{"embeddable":true,"href":"https:\/\/blog-alexis.monville.com\/en\/wp-json\/wp\/v2\/users\/1"}],"replies":[{"embeddable":true,"href":"https:\/\/blog-alexis.monville.com\/en\/wp-json\/wp\/v2\/comments?post=856"}],"version-history":[{"count":0,"href":"https:\/\/blog-alexis.monville.com\/en\/wp-json\/wp\/v2\/posts\/856\/revisions"}],"wp:attachment":[{"href":"https:\/\/blog-alexis.monville.com\/en\/wp-json\/wp\/v2\/media?parent=856"}],"wp:term":[{"taxonomy":"category","embeddable":true,"href":"https:\/\/blog-alexis.monville.com\/en\/wp-json\/wp\/v2\/categories?post=856"},{"taxonomy":"post_tag","embeddable":true,"href":"https:\/\/blog-alexis.monville.com\/en\/wp-json\/wp\/v2\/tags?post=856"}],"curies":[{"name":"wp","href":"https:\/\/api.w.org\/{rel}","templated":true}]}}