{"id":851,"date":"2010-06-26T10:59:11","date_gmt":"2010-06-26T08:59:11","guid":{"rendered":"https:\/\/blog-alexis.monville.com\/?p=851"},"modified":"2010-06-26T10:59:11","modified_gmt":"2010-06-26T08:59:11","slug":"forum-des-usages-cooperatifs","status":"publish","type":"post","link":"https:\/\/blog-alexis.monville.com\/en\/2010\/06\/26\/forum-des-usages-cooperatifs\/","title":{"rendered":"Forum des usages coop\u00e9ratifs"},"content":{"rendered":"<p><a href=\"http:\/\/forum-usages-cooperatifs.net\"><img data-recalc-dims=\"1\" loading=\"lazy\" decoding=\"async\" class=\"alignleft\" style=\"margin: 10px\" src=\"https:\/\/i0.wp.com\/forum-usages-cooperatifs.net\/images\/thumb\/d\/da\/Logo-p.jpg\/120px-Logo-p.jpg?resize=120%2C119\" alt=\"\" width=\"120\" height=\"119\" \/><\/a>Le 4\u00e8me <a href=\"http:\/\/forum-usages-cooperatifs.net\" target=\"_blank\">Forum des usages coop\u00e9ratifs<\/a> se d\u00e9roule \u00e0 Brest du 30 juin au 2 juillet. Une occasion d&#8217;innover et d&#8217;entreprendre ensemble avec ce Forum bien install\u00e9 dans le paysage.<\/p>\n<p>Le programme de se Forum\u00a0allie sur 3 jours :\u00a0des conf\u00e9rences qui cadrent des probl\u00e9matiques,\u00a0des sessions th\u00e9matiques, rencontres professionnelles ouvertes,\u00a0des ateliers transverses qui font se croiser les publics,\u00a0des s\u00e9ances pratiques et animations d\u00e9couverte d&#8217;outils et usages\u00a0une ouverture aux outils du web 2 par les &#8220;exploriou&#8221;\u00a0<strong>dans un mode de travail participatif &#8220;tous acteurs&#8221; et convivial qui a fait le succ\u00e8s des trois premi\u00e8res \u00e9ditions.<\/strong><\/p>\n<p>Les pl\u00e9ni\u00e8res introductives s&#8217;annoncent passionnantes :<\/p>\n<ul>\n<li><em>Mercredi<\/em> :\u00a0<a title=\"Territoires en transition\" href=\"http:\/\/forum-usages-cooperatifs.net\/index.php\/Territoires_en_transition\">Territoires en transition<\/a>Thanh Nghiem,\u00a0<em>Pr\u00e9sidente fondatrice de l&#8217;Institut Ingenius<\/em><\/li>\n<\/ul>\n<ul>\n<li><em>Jeudi<\/em> :\u00a0<a title=\"Des monnaies compl\u00e9mentaires pour l'innovation\" href=\"http:\/\/forum-usages-cooperatifs.net\/index.php\/Des_monnaies_compl%C3%A9mentaires_pour_l%27innovation\">Des monnaies compl\u00e9mentaires pour l&#8217;innovation<\/a>,\u00a0Jean Michel Cornu,<em>directeur scientifique de la FING<\/em><\/li>\n<\/ul>\n<ul>\n<li><em>Vendredi<\/em> :\u00a0<a title=\"Culture \u00e9crite et num\u00e9rique\" href=\"http:\/\/forum-usages-cooperatifs.net\/index.php\/Culture_%C3%A9crite_et_num%C3%A9rique\">Culture \u00e9crite et num\u00e9rique<\/a>,\u00a0Alain Giffard,\u00a0<em>Directeur de projet Minist\u00e8re de la culture<\/em><\/li>\n<\/ul>\n<p>Et le jeudi soir se tiendra\u00a0le 6\u00e8me Carrefour des Possibles en Bretagne.<\/p>\n<p><em>Je ne peux y \u00eatre et c&#8217;est bien dommage&#8230; J&#8217;esp\u00e8re que vous pourrez sauter dans un train et&#8230;<\/em><\/p>\n","protected":false},"excerpt":{"rendered":"<p>Le 4\u00e8me Forum des usages coop\u00e9ratifs se d\u00e9roule \u00e0 Brest du 30 juin au 2 juillet. Une occasion d&#8217;innover et d&#8217;entreprendre ensemble avec ce Forum bien install\u00e9 dans le paysage. Le programme de se Forum\u00a0allie sur 3 jours :\u00a0des conf\u00e9rences qui cadrent des probl\u00e9matiques,\u00a0des sessions th\u00e9matiques, rencontres professionnelles ouvertes,\u00a0des ateliers transverses qui font se croiser [&hellip;]<\/p>\n","protected":false},"author":1,"featured_media":0,"comment_status":"open","ping_status":"open","sticky":false,"template":"","format":"standard","meta":{"advanced_seo_description":"","jetpack_seo_html_title":"","jetpack_seo_noindex":false,"jetpack_post_was_ever_published":false,"_jetpack_newsletter_access":"","_jetpack_dont_email_post_to_subs":false,"_jetpack_newsletter_tier_id":0,"_jetpack_memberships_contains_paywalled_content":false,"_jetpack_memberships_contains_paid_content":false,"footnotes":""},"categories":[5],"tags":[],"class_list":["post-851","post","type-post","status-publish","format-standard","hentry","category-explorateurs"],"jetpack_featured_media_url":"","jetpack_shortlink":"https:\/\/wp.me\/paNjQG-dJ","jetpack-related-posts":[{"id":233,"url":"https:\/\/blog-alexis.monville.com\/en\/2008\/10\/19\/les-explorateurs-au-forum\/","url_meta":{"origin":851,"position":0},"title":"Les Explorateurs au Forum&#8230;","author":"Alexis","date":"October 19, 2008","format":false,"excerpt":"Les 17 et 18 octobre, les Explorateurs du web avaient rendez-vous au Forum des Associations de la ville de Paris. De nombreuses rencontres passionnantes, des questions, des id\u00e9es sur les usages du web (qui pour beaucoup est la premi\u00e8re version qu'ils voient et pour qui, donc, l'expression web 2.0 n'a\u2026","rel":"","context":"In &quot;Explorateurs&quot;","block_context":{"text":"Explorateurs","link":"https:\/\/blog-alexis.monville.com\/en\/category\/explorateurs\/"},"img":{"alt_text":"","src":"https:\/\/i0.wp.com\/lh6.ggpht.com\/monville.alexis\/SPsY6YwlyDI\/AAAAAAAACDA\/D-9xHDRk2eA\/s144\/explorateurs-forum-association.jpg?resize=350%2C200","width":350,"height":200},"classes":[]},{"id":634,"url":"https:\/\/blog-alexis.monville.com\/en\/2009\/08\/01\/owf-owf2009le-facteur-humain-au-coeur-de-lindustrie-du-logiciel-libre\/","url_meta":{"origin":851,"position":1},"title":"Le facteur humain&#8230; au coeur de l&#8217;industrie du logiciel libre","author":"Alexis","date":"August 1, 2009","format":false,"excerpt":"Le FLOSS, l'OpenSource, le logiciel libre... Un truc de geek, de techos, de chevelus... Cette image est bien sur erron\u00e9e et les Directeurs des Syst\u00e8mes d'Information qui ont adopt\u00e9s des solutions sous licences libres se sont \u00e9galement fait les farouches partisants d'un mod\u00e8le qui leur permet de reprendre la ma\u00eetrise\u2026","rel":"","context":"In &quot;Interventions&quot;","block_context":{"text":"Interventions","link":"https:\/\/blog-alexis.monville.com\/en\/category\/interventions\/"},"img":{"alt_text":"OWF 2009","src":"http:\/\/openworldforum.org\/owf\/portal\/contact\/OWF_200x216.jpg\/image_preview","width":350,"height":200},"classes":[]},{"id":643,"url":"https:\/\/blog-alexis.monville.com\/en\/2009\/09\/02\/le-facteur-humain-coeur-de-lindustrie-du-logiciel-libre\/","url_meta":{"origin":851,"position":2},"title":"Le facteur humain&#8230; coeur de l&#8217;Industrie du logiciel libre","author":"Alexis","date":"September 2, 2009","format":false,"excerpt":"Paris, le 2 octobre 2009, dans le cadre du forum mondial du libre (Open World Forum) se tiendra la conf\u00e9rence : \"Le facteur humain... coeur de l'Industrie du logiciel libre.\" Comment la dimension humaine collaborative et le mode de croissance organique du Logiciel Libre peuvent transformer en profondeur le monde\u2026","rel":"","context":"In &quot;ayeba&quot;","block_context":{"text":"ayeba","link":"https:\/\/blog-alexis.monville.com\/en\/category\/ayeba\/"},"img":{"alt_text":"OWF 2009","src":"http:\/\/openworldforum.org\/owf\/portal\/contact\/OWF_200x216.jpg\/image_preview","width":350,"height":200},"classes":[]},{"id":315,"url":"https:\/\/blog-alexis.monville.com\/en\/2009\/01\/14\/twitter-yammer-quest-ce-le-micro-blogging\/","url_meta":{"origin":851,"position":3},"title":"Qu&#8217;est-ce le micro-blogging ?","author":"Alexis","date":"January 14, 2009","format":false,"excerpt":"Qu'est-ce que le micro-blogging et \u00e0 quoi cela peut-il servir en entreprise ? C'est la question que j'avais envie de poser dans cet article en construction avant de regarder la pr\u00e9sentation qu'Emilie Ogez a post\u00e9 aujourd'hui sur son blog ! Alors plut\u00f4t que r\u00e9\u00e9crire ce qui a d\u00e9j\u00e0 \u00e9t\u00e9 dit,\u2026","rel":"","context":"In &quot;Explorateurs&quot;","block_context":{"text":"Explorateurs","link":"https:\/\/blog-alexis.monville.com\/en\/category\/explorateurs\/"},"img":{"alt_text":"","src":"https:\/\/i0.wp.com\/assets1.twitter.com\/images\/twitter_logo_s.png?resize=350%2C200","width":350,"height":200},"classes":[]},{"id":216,"url":"https:\/\/blog-alexis.monville.com\/en\/2008\/10\/15\/les-explorateurs-du-web-au-forum\/","url_meta":{"origin":851,"position":4},"title":"Les Explorateurs du Web au Forum&#8230;","author":"Alexis","date":"October 15, 2008","format":false,"excerpt":"Le Forum des associations de la ville de Paris se tiendra les 17 et 18 octobre sur le parvis de l'H\u00f4tel de Ville. Les Explorateurs du Web y seront ! [regardez le programme]","rel":"","context":"In &quot;General&quot;","block_context":{"text":"General","link":"https:\/\/blog-alexis.monville.com\/en\/category\/all\/"},"img":{"alt_text":"","src":"https:\/\/i0.wp.com\/farm4.static.flickr.com\/3229\/2926875180_f806f2ecde.jpg?resize=350%2C200","width":350,"height":200},"classes":[]},{"id":2084,"url":"https:\/\/blog-alexis.monville.com\/en\/2015\/06\/09\/scrumwine-15-2\/","url_meta":{"origin":851,"position":5},"title":"ScrumWine #15.2","author":"Alexis","date":"June 9, 2015","format":false,"excerpt":"Une nouvelle \u00e9dition du ScrumWine s\u2019est d\u00e9roul\u00e9e le jeudi 4 juin 2015. Nous \u00e9tions pour l\u2019occasion accueilli par CDiscount. Je remercie au passage Isabel pour l\u2019organisation et adresse toutes mes f\u00e9licitations \u00e0 Damien Tourette, papa depuis la veille ! Notre h\u00f4te, Lionel Richer, expliquait dans son introduction que malgr\u00e9 une\u2026","rel":"","context":"In &quot;Interventions&quot;","block_context":{"text":"Interventions","link":"https:\/\/blog-alexis.monville.com\/en\/category\/interventions\/"},"img":{"alt_text":"","src":"https:\/\/i0.wp.com\/blog-alexis.monville.com\/en\/wp-content\/uploads\/sites\/2\/2015\/06\/2015-06-04-18.54.52-scaled.jpg?fit=1200%2C900&ssl=1&resize=350%2C200","width":350,"height":200,"srcset":"https:\/\/i0.wp.com\/blog-alexis.monville.com\/en\/wp-content\/uploads\/sites\/2\/2015\/06\/2015-06-04-18.54.52-scaled.jpg?fit=1200%2C900&ssl=1&resize=350%2C200 1x, https:\/\/i0.wp.com\/blog-alexis.monville.com\/en\/wp-content\/uploads\/sites\/2\/2015\/06\/2015-06-04-18.54.52-scaled.jpg?fit=1200%2C900&ssl=1&resize=525%2C300 1.5x, https:\/\/i0.wp.com\/blog-alexis.monville.com\/en\/wp-content\/uploads\/sites\/2\/2015\/06\/2015-06-04-18.54.52-scaled.jpg?fit=1200%2C900&ssl=1&resize=700%2C400 2x, https:\/\/i0.wp.com\/blog-alexis.monville.com\/en\/wp-content\/uploads\/sites\/2\/2015\/06\/2015-06-04-18.54.52-scaled.jpg?fit=1200%2C900&ssl=1&resize=1050%2C600 3x"},"classes":[]}],"jetpack_sharing_enabled":true,"_links":{"self":[{"href":"https:\/\/blog-alexis.monville.com\/en\/wp-json\/wp\/v2\/posts\/851","targetHints":{"allow":["GET"]}}],"collection":[{"href":"https:\/\/blog-alexis.monville.com\/en\/wp-json\/wp\/v2\/posts"}],"about":[{"href":"https:\/\/blog-alexis.monville.com\/en\/wp-json\/wp\/v2\/types\/post"}],"author":[{"embeddable":true,"href":"https:\/\/blog-alexis.monville.com\/en\/wp-json\/wp\/v2\/users\/1"}],"replies":[{"embeddable":true,"href":"https:\/\/blog-alexis.monville.com\/en\/wp-json\/wp\/v2\/comments?post=851"}],"version-history":[{"count":0,"href":"https:\/\/blog-alexis.monville.com\/en\/wp-json\/wp\/v2\/posts\/851\/revisions"}],"wp:attachment":[{"href":"https:\/\/blog-alexis.monville.com\/en\/wp-json\/wp\/v2\/media?parent=851"}],"wp:term":[{"taxonomy":"category","embeddable":true,"href":"https:\/\/blog-alexis.monville.com\/en\/wp-json\/wp\/v2\/categories?post=851"},{"taxonomy":"post_tag","embeddable":true,"href":"https:\/\/blog-alexis.monville.com\/en\/wp-json\/wp\/v2\/tags?post=851"}],"curies":[{"name":"wp","href":"https:\/\/api.w.org\/{rel}","templated":true}]}}