{"id":843,"date":"2010-06-21T17:17:59","date_gmt":"2010-06-21T15:17:59","guid":{"rendered":"https:\/\/blog-alexis.monville.com\/?p=843"},"modified":"2010-06-21T17:17:59","modified_gmt":"2010-06-21T15:17:59","slug":"carrefour-des-possibles-3","status":"publish","type":"post","link":"https:\/\/blog-alexis.monville.com\/en\/2010\/06\/21\/carrefour-des-possibles-3\/","title":{"rendered":"Carrefour des Possibles"},"content":{"rendered":"<p><a href=\"http:\/\/fing.org\/?page=evenement&amp;id=184\"><img data-recalc-dims=\"1\" loading=\"lazy\" decoding=\"async\" class=\"alignleft\" style=\"margin: 10px\" src=\"https:\/\/i0.wp.com\/doc.openfing.org\/FING\/LAFING\/ELEMENTS_GRAPHIQUES\/cdp_70.jpg?resize=365%2C217\" alt=\"\" width=\"365\" height=\"217\" \/><\/a>Le prochain Carrefour des Possibles se d\u00e9roulera le 30 juin 2010 \u00e0 18h au th\u00e9\u00e2tre de l&#8217;Europ\u00e9en.<\/p>\n<p>Un Carrefour qui f\u00eate \u00e9galement les 10 ans de la FING !<\/p>\n<p>Une \u00e9dition partant \u00e0 la rencontre des participants ayant marqu\u00e9s l&#8217;histoire des Carrefour, avec par exemple :<\/p>\n<ul>\n<li>Spark Angels, premier service d\u2019accompagnement instantan\u00e9 par partage d\u2019\u00e9cran ;<\/li>\n<li>Karlax, instrument de musique r\u00e9volutionnaire et futuriste multim\u00e9dia ;<\/li>\n<li>Maa sur des projets m\u00ealant art et entreprenariat ;<\/li>\n<li>Rafi &#8220;y a t-il une vie apr\u00e9s le minitel ?&#8221; ;<\/li>\n<li>Blue Kiwi r\u00e9seau social ;<\/li>\n<li>Nathan Stern, de Peuplade \u00e0 Voisin-age, l\u2019ing\u00e9nieur social ;<\/li>\n<li>Musicovery, la musique intelligente ;<\/li>\n<li>Jean Louis Frechin pr\u00e9sentera une retrospective des travaux de l&#8217;Ensci.<\/li>\n<li>Raphael Labb\u00e9, Ulik, OpenCoffee : du web communautaire \u00e0 la communaut\u00e9 du web<\/li>\n<\/ul>\n","protected":false},"excerpt":{"rendered":"<p>Le prochain Carrefour des Possibles se d\u00e9roulera le 30 juin 2010 \u00e0 18h au th\u00e9\u00e2tre de l&#8217;Europ\u00e9en. Un Carrefour qui f\u00eate \u00e9galement les 10 ans de la FING ! Une \u00e9dition partant \u00e0 la rencontre des participants ayant marqu\u00e9s l&#8217;histoire des Carrefour, avec par exemple : Spark Angels, premier service d\u2019accompagnement instantan\u00e9 par partage d\u2019\u00e9cran [&hellip;]<\/p>\n","protected":false},"author":1,"featured_media":0,"comment_status":"open","ping_status":"open","sticky":false,"template":"","format":"standard","meta":{"advanced_seo_description":"","jetpack_seo_html_title":"","jetpack_seo_noindex":false,"jetpack_post_was_ever_published":false,"_jetpack_newsletter_access":"","_jetpack_dont_email_post_to_subs":false,"_jetpack_newsletter_tier_id":0,"_jetpack_memberships_contains_paywalled_content":false,"_jetpack_memberships_contains_paid_content":false,"footnotes":""},"categories":[1],"tags":[],"class_list":["post-843","post","type-post","status-publish","format-standard","hentry","category-all"],"jetpack_featured_media_url":"","jetpack_shortlink":"https:\/\/wp.me\/paNjQG-dB","jetpack-related-posts":[{"id":16,"url":"https:\/\/blog-alexis.monville.com\/en\/2006\/06\/07\/4e-carrefour-des-possibles-en-paca\/","url_meta":{"origin":843,"position":0},"title":"4e Carrefour des Possibles en Paca","author":"Alexis","date":"June 7, 2006","format":false,"excerpt":"Participation au 4e Carrefour des Possibles en Paca, \u00e0 Marseilles, le principe de donner dix minutes \u00e0 une douzaine de projets est tr\u00e8s efficaces. Certaines pr\u00e9sentations sont malheureusement de moins bonnes qualit\u00e9s et d\u00e9servent le projets, une action d'assistance \u00e0 la pr\u00e9paration de ces pr\u00e9sentations seraient tr\u00e8s utiles. Une pr\u00e9sentation\u2026","rel":"","context":"In &quot;General&quot;","block_context":{"text":"General","link":"https:\/\/blog-alexis.monville.com\/en\/category\/all\/"},"img":{"alt_text":"","src":"","width":0,"height":0},"classes":[]},{"id":961,"url":"https:\/\/blog-alexis.monville.com\/en\/2010\/11\/21\/un-jour-une-oeuvre-au-carrefour-des-possibles\/","url_meta":{"origin":843,"position":1},"title":"Un Jour Une Oeuvre au Carrefour des Possibles !","author":"Alexis","date":"November 21, 2010","format":false,"excerpt":"Un Jour Une Oeuvre (UJUO) sera pr\u00e9sent\u00e9 au Carrefour des Possibles du 29 novembre 2010. J\u2019ai d\u00e9j\u00e0 eu le plaisir de r\u00e9p\u00e9ter devant les regards attentifs d\u2019Ivan et Jean-Fran\u00e7ois et leurs retours m\u2019ont permis d\u2019\u00eatre \u00abassez \u00e0 l\u2019aise\u00bb lors du brief de s\u00e9lection. Je vous encourage \u00e0 r\u00e9server votre date\u2026","rel":"","context":"In &quot;Interventions&quot;","block_context":{"text":"Interventions","link":"https:\/\/blog-alexis.monville.com\/en\/category\/interventions\/"},"img":{"alt_text":"","src":"https:\/\/i0.wp.com\/blog-alexis.monville.com\/wp-content\/uploads\/sites\/2\/2010\/11\/logo-ujuo-200.gif?resize=350%2C200&ssl=1","width":350,"height":200},"classes":[]},{"id":587,"url":"https:\/\/blog-alexis.monville.com\/en\/2009\/06\/05\/carrefour-des-possibles-2\/","url_meta":{"origin":843,"position":2},"title":"Carrefour des Possibles","author":"Alexis","date":"June 5, 2009","format":false,"excerpt":"Le 60\u00e8me carrefour des possibles s'est d\u00e9roul\u00e9 ce jeudi 4 juin \u00e0 la bourse du commerce de Paris. 10 projets ont \u00e9t\u00e9 pr\u00e9sent\u00e9s en respectant les principes de diversit\u00e9 autant dans les publics vis\u00e9s que dans les stades de d\u00e9veloppement : Moobz (moobz.fr) : Une solution de visualisation en 3\u2026","rel":"","context":"In &quot;Explorateurs&quot;","block_context":{"text":"Explorateurs","link":"https:\/\/blog-alexis.monville.com\/en\/category\/explorateurs\/"},"img":{"alt_text":"","src":"https:\/\/i0.wp.com\/www.carrefourdespossibles.org\/images\/carrefour\/logo.gif?resize=350%2C200","width":350,"height":200},"classes":[]},{"id":188,"url":"https:\/\/blog-alexis.monville.com\/en\/2008\/10\/05\/carrefour-des-possibles\/","url_meta":{"origin":843,"position":3},"title":"Carrefour des possibles","author":"Alexis","date":"October 5, 2008","format":false,"excerpt":"La 52\u00e8me \u00e9dition du Carrefour des possibles \u00e9tait organis\u00e9e par la FING en cl\u00f4ture de la premi\u00e8re journ\u00e9e des entretiens du nouveau monde industriel. La FING qui dans son introduction a pr\u00e9sent\u00e9e l\u2019enqu\u00eate qu\u2019elle r\u00e9alise dans le cadre du programme identit\u00e9s actives : r\u00e9v\u00e9lez votre profil 2.0. 3 coups de\u2026","rel":"","context":"In &quot;General&quot;","block_context":{"text":"General","link":"https:\/\/blog-alexis.monville.com\/en\/category\/all\/"},"img":{"alt_text":"","src":"","width":0,"height":0},"classes":[]},{"id":851,"url":"https:\/\/blog-alexis.monville.com\/en\/2010\/06\/26\/forum-des-usages-cooperatifs\/","url_meta":{"origin":843,"position":4},"title":"Forum des usages coop\u00e9ratifs","author":"Alexis","date":"June 26, 2010","format":false,"excerpt":"Le 4\u00e8me Forum des usages coop\u00e9ratifs se d\u00e9roule \u00e0 Brest du 30 juin au 2 juillet. Une occasion d'innover et d'entreprendre ensemble avec ce Forum bien install\u00e9 dans le paysage. Le programme de se Forum\u00a0allie sur 3 jours :\u00a0des conf\u00e9rences qui cadrent des probl\u00e9matiques,\u00a0des sessions th\u00e9matiques, rencontres professionnelles ouvertes,\u00a0des ateliers\u2026","rel":"","context":"In &quot;Explorateurs&quot;","block_context":{"text":"Explorateurs","link":"https:\/\/blog-alexis.monville.com\/en\/category\/explorateurs\/"},"img":{"alt_text":"","src":"https:\/\/i0.wp.com\/forum-usages-cooperatifs.net\/images\/thumb\/d\/da\/Logo-p.jpg\/120px-Logo-p.jpg?resize=350%2C200","width":350,"height":200},"classes":[]},{"id":845,"url":"https:\/\/blog-alexis.monville.com\/en\/2010\/06\/24\/afriqueauquinze\/","url_meta":{"origin":843,"position":5},"title":"AfriqueAuQuinze","author":"Alexis","date":"June 24, 2010","format":false,"excerpt":"La passion partag\u00e9e pendant cette ann\u00e9e avec l'\u00e9quipe de StarAfrica.com, m'a fait prendre conscience que je connaissais plusieurs personnes qui avaient des projets en Afrique. Leur int\u00e9r\u00eat pour l'Afrique, des m\u00e9tiers proches du num\u00e9rique, ne sont pas les seuls points communs qui m'ont attir\u00e9s. La passion qui les anime, les\u2026","rel":"","context":"In &quot;General&quot;","block_context":{"text":"General","link":"https:\/\/blog-alexis.monville.com\/en\/category\/all\/"},"img":{"alt_text":"AfriqueAuQuinze","src":"https:\/\/i0.wp.com\/blog-alexis.monville.com\/wp-content\/uploads\/sites\/2\/2010\/06\/afriqueauquinze.png?resize=350%2C200&ssl=1","width":350,"height":200},"classes":[]}],"jetpack_sharing_enabled":true,"_links":{"self":[{"href":"https:\/\/blog-alexis.monville.com\/en\/wp-json\/wp\/v2\/posts\/843","targetHints":{"allow":["GET"]}}],"collection":[{"href":"https:\/\/blog-alexis.monville.com\/en\/wp-json\/wp\/v2\/posts"}],"about":[{"href":"https:\/\/blog-alexis.monville.com\/en\/wp-json\/wp\/v2\/types\/post"}],"author":[{"embeddable":true,"href":"https:\/\/blog-alexis.monville.com\/en\/wp-json\/wp\/v2\/users\/1"}],"replies":[{"embeddable":true,"href":"https:\/\/blog-alexis.monville.com\/en\/wp-json\/wp\/v2\/comments?post=843"}],"version-history":[{"count":0,"href":"https:\/\/blog-alexis.monville.com\/en\/wp-json\/wp\/v2\/posts\/843\/revisions"}],"wp:attachment":[{"href":"https:\/\/blog-alexis.monville.com\/en\/wp-json\/wp\/v2\/media?parent=843"}],"wp:term":[{"taxonomy":"category","embeddable":true,"href":"https:\/\/blog-alexis.monville.com\/en\/wp-json\/wp\/v2\/categories?post=843"},{"taxonomy":"post_tag","embeddable":true,"href":"https:\/\/blog-alexis.monville.com\/en\/wp-json\/wp\/v2\/tags?post=843"}],"curies":[{"name":"wp","href":"https:\/\/api.w.org\/{rel}","templated":true}]}}