{"id":840,"date":"2010-06-19T23:52:28","date_gmt":"2010-06-19T21:52:28","guid":{"rendered":"https:\/\/blog-alexis.monville.com\/?p=840"},"modified":"2010-06-19T23:52:28","modified_gmt":"2010-06-19T21:52:28","slug":"rencontres-mondiales","status":"publish","type":"post","link":"https:\/\/blog-alexis.monville.com\/en\/2010\/06\/19\/rencontres-mondiales\/","title":{"rendered":"Rencontres Mondiales"},"content":{"rendered":"<p><a href=\"https:\/\/i0.wp.com\/blog-alexis.monville.com\/wp-content\/uploads\/sites\/2\/2010\/06\/RMLL_AFFICHE_800.png?ssl=1\"><img data-recalc-dims=\"1\" loading=\"lazy\" decoding=\"async\" data-attachment-id=\"841\" data-permalink=\"https:\/\/blog-alexis.monville.com\/en\/2010\/06\/19\/rencontres-mondiales\/rmll_affiche_800\/\" data-orig-file=\"https:\/\/i0.wp.com\/blog-alexis.monville.com\/en\/wp-content\/uploads\/sites\/2\/2010\/06\/RMLL_AFFICHE_800.png?fit=566%2C800&amp;ssl=1\" data-orig-size=\"566,800\" data-comments-opened=\"1\" data-image-meta=\"{&quot;aperture&quot;:&quot;0&quot;,&quot;credit&quot;:&quot;&quot;,&quot;camera&quot;:&quot;&quot;,&quot;caption&quot;:&quot;&quot;,&quot;created_timestamp&quot;:&quot;0&quot;,&quot;copyright&quot;:&quot;&quot;,&quot;focal_length&quot;:&quot;0&quot;,&quot;iso&quot;:&quot;0&quot;,&quot;shutter_speed&quot;:&quot;0&quot;,&quot;title&quot;:&quot;&quot;}\" data-image-title=\"RMLL_AFFICHE_800\" data-image-description=\"\" data-image-caption=\"\" data-large-file=\"https:\/\/i0.wp.com\/blog-alexis.monville.com\/en\/wp-content\/uploads\/sites\/2\/2010\/06\/RMLL_AFFICHE_800.png?fit=566%2C800&amp;ssl=1\" class=\"alignleft size-medium wp-image-841\" style=\"margin: 10px\" title=\"RMLL_AFFICHE_800\" src=\"https:\/\/i0.wp.com\/blog-alexis.monville.com\/files\/2010\/06\/RMLL_AFFICHE_800-212x300.png?resize=212%2C300&#038;ssl=1\" alt=\"\" width=\"212\" height=\"300\" srcset=\"https:\/\/i0.wp.com\/blog-alexis.monville.com\/en\/wp-content\/uploads\/sites\/2\/2010\/06\/RMLL_AFFICHE_800.png?resize=212%2C300&amp;ssl=1 212w, https:\/\/i0.wp.com\/blog-alexis.monville.com\/en\/wp-content\/uploads\/sites\/2\/2010\/06\/RMLL_AFFICHE_800.png?w=566&amp;ssl=1 566w\" sizes=\"auto, (max-width: 212px) 100vw, 212px\" \/><\/a>Les <a href=\"http:\/\/2010.rmll.info\/\" target=\"_blank\">11\u00e8me Rencontres Mondiales du Logiciel Libre<\/a> se tiendront du 6 au 11 juillet 2010 \u00e0 Bordeaux.\u00a0Au del\u00e0 des th\u00e8mes techniques classiques, les RMLL 2010 proposent les th\u00e8mes &#8220;D\u00e9veloppement durable&#8221; et &#8220;Accessibilit\u00e9 et handicap&#8221; qui seront les th\u00e8mes fils rouges de l&#8217;\u00e9v\u00e8nement, ainsi que\u00a0les th\u00e8mes &#8220;Loisirs, Culture, Arts et Libre Diffusion&#8221;, &#8220;Sciences, \u00c9ducation et \u00c9ducation Populaire&#8221;, &#8220;Entreprises et Logiciel Libre&#8221; et &#8220;Collectivit\u00e9s, Administrations et Politiques Publiques&#8221;.<\/p>\n<p>J&#8217;aurais le plaisir d&#8217;animer un atelier avec Ivan Sigg, <a href=\"http:\/\/2010.rmll.info\/Experimentons-la-mutualisation-des-regards.html\" target=\"_blank\">&#8220;Exp\u00e9rimentons la mutualisation des regards&#8221;<\/a> cet atelier est un prolongement du site Internet <a href=\"http:\/\/ujuo.org\" target=\"_blank\">Un Jour Une Oeuvre<\/a> qui propose de recueillir les regards des visiteurs sur les oeuvres publi\u00e9es r\u00e9guli\u00e8rement.<\/p>\n<p>Il n\u2019y a pas d\u2019INTER\u00caT \u00e0 regarder une oeuvre d\u2019art, il y a juste la possibilit\u00e9 d\u2019 ETRE en s\u2019autorisant \u00e0 VOIR SANS SAVOIR. Avec <a href=\"http:\/\/ujuo.org\" target=\"_blank\">UJUO<\/a> il s\u2019agit d\u2019une exp\u00e9rience de la r\u00e9alit\u00e9 par la perception, une exp\u00e9rience du non-savoir et du non-agir qui, par une ATTENTION TOTALE, permet \u00e0 la r\u00e9alit\u00e9, et donc \u00e0 l\u2019\u00eatre, de surgir toujours neufs. Il ne s\u2019agit pas de mesurer, de comparer, de juger, de s\u2019identifier ou de rejeter, il s\u2019agit de se d\u00e9couvrir et d\u2019apprendre d\u2019instant en instant, de d\u00e9cr\u00e9ter la libert\u00e9 maintenant.<\/p>\n<p>Cet atelier se d\u00e9roulera en deux sessions d&#8217;une heure le <strong>6 juillet entre 14h et 16h<\/strong>, nous y tenterons des liens entre ce travail d\u2019attention et le d\u00e9veloppement des logiciels libres.<\/p>\n","protected":false},"excerpt":{"rendered":"<p>Les 11\u00e8me Rencontres Mondiales du Logiciel Libre se tiendront du 6 au 11 juillet 2010 \u00e0 Bordeaux.\u00a0Au del\u00e0 des th\u00e8mes techniques classiques, les RMLL 2010 proposent les th\u00e8mes &#8220;D\u00e9veloppement durable&#8221; et &#8220;Accessibilit\u00e9 et handicap&#8221; qui seront les th\u00e8mes fils rouges de l&#8217;\u00e9v\u00e8nement, ainsi que\u00a0les th\u00e8mes &#8220;Loisirs, Culture, Arts et Libre Diffusion&#8221;, &#8220;Sciences, \u00c9ducation et \u00c9ducation [&hellip;]<\/p>\n","protected":false},"author":1,"featured_media":0,"comment_status":"open","ping_status":"open","sticky":false,"template":"","format":"standard","meta":{"advanced_seo_description":"","jetpack_seo_html_title":"","jetpack_seo_noindex":false,"jetpack_post_was_ever_published":false,"_jetpack_newsletter_access":"","_jetpack_dont_email_post_to_subs":false,"_jetpack_newsletter_tier_id":0,"_jetpack_memberships_contains_paywalled_content":false,"_jetpack_memberships_contains_paid_content":false,"footnotes":""},"categories":[8],"tags":[276],"class_list":["post-840","post","type-post","status-publish","format-standard","hentry","category-interventions","tag-logiciel-libre"],"jetpack_featured_media_url":"","jetpack_shortlink":"https:\/\/wp.me\/paNjQG-dy","jetpack-related-posts":[{"id":32,"url":"https:\/\/blog-alexis.monville.com\/en\/2006\/10\/17\/club-01-dsi\/","url_meta":{"origin":840,"position":0},"title":"Club 01 DSI","author":"Alexis","date":"October 17, 2006","format":false,"excerpt":"Je suis intervenu comme \"t\u00e9moin\" lors du Club 01 DSI co-organis\u00e9 avec Thales sur le th\u00e8me des logiciels libres dont voici le programme : Logiciels libre : Pourquoi y recourir ? A Quelles conditions ? Logiciels libres : zoom sur le double paradoxe fran\u00e7ais. (Matthieu Poujol, consultant senior chez Pierre\u2026","rel":"","context":"In &quot;Interventions&quot;","block_context":{"text":"Interventions","link":"https:\/\/blog-alexis.monville.com\/en\/category\/interventions\/"},"img":{"alt_text":"","src":"","width":0,"height":0},"classes":[]},{"id":671,"url":"https:\/\/blog-alexis.monville.com\/en\/2009\/10\/22\/colibri-ou-collibri\/","url_meta":{"origin":840,"position":1},"title":"Colibri ou CoLLibri ?","author":"Alexis","date":"October 22, 2009","format":false,"excerpt":"Le lancement de coLLibri se d\u00e9roulait le 20 octobre 2009 \u00e0 La Cantine Num\u00e9rique. L'objectif de la communaut\u00e9 coLLibri est de faire se rencontrer les acteurs du logiciel libre et ceux du web 2.0 afin de favoriser l'\u00e9mergence de projets communs. Open Innovation, coop\u00e9ration, intelligence collective, r\u00e9seaux sociaux, nouveaux mod\u00e8les\u2026","rel":"","context":"In &quot;General&quot;","block_context":{"text":"General","link":"https:\/\/blog-alexis.monville.com\/en\/category\/all\/"},"img":{"alt_text":"","src":"https:\/\/i0.wp.com\/collibri.org\/media\/collibri\/images\/head\/logo-collibri.png?resize=350%2C200","width":350,"height":200},"classes":[]},{"id":634,"url":"https:\/\/blog-alexis.monville.com\/en\/2009\/08\/01\/owf-owf2009le-facteur-humain-au-coeur-de-lindustrie-du-logiciel-libre\/","url_meta":{"origin":840,"position":2},"title":"Le facteur humain&#8230; au coeur de l&#8217;industrie du logiciel libre","author":"Alexis","date":"August 1, 2009","format":false,"excerpt":"Le FLOSS, l'OpenSource, le logiciel libre... Un truc de geek, de techos, de chevelus... Cette image est bien sur erron\u00e9e et les Directeurs des Syst\u00e8mes d'Information qui ont adopt\u00e9s des solutions sous licences libres se sont \u00e9galement fait les farouches partisants d'un mod\u00e8le qui leur permet de reprendre la ma\u00eetrise\u2026","rel":"","context":"In &quot;Interventions&quot;","block_context":{"text":"Interventions","link":"https:\/\/blog-alexis.monville.com\/en\/category\/interventions\/"},"img":{"alt_text":"OWF 2009","src":"http:\/\/openworldforum.org\/owf\/portal\/contact\/OWF_200x216.jpg\/image_preview","width":350,"height":200},"classes":[]},{"id":711,"url":"https:\/\/blog-alexis.monville.com\/en\/2009\/12\/31\/le-facteur-humain\/","url_meta":{"origin":840,"position":3},"title":"Le facteur humain","author":"Alexis","date":"December 31, 2009","format":false,"excerpt":"La lecture d'un billet r\u00e9cent du FramaBlog me donne l'envie de terminer 2009 en parlant \u00e0 nouveau du th\u00e8me qui m'int\u00e9resse probablement le plus : l'\u00e9volution des modes d'organisation. Ce th\u00e8me avait \u00e9t\u00e9 abord\u00e9 lors de la conf\u00e9rence Le facteur humain... au coeur de l'industrie du logiciel libre organis\u00e9e lors\u2026","rel":"","context":"In &quot;General&quot;","block_context":{"text":"General","link":"https:\/\/blog-alexis.monville.com\/en\/category\/all\/"},"img":{"alt_text":"","src":"","width":0,"height":0},"classes":[]},{"id":1519,"url":"https:\/\/blog-alexis.monville.com\/en\/2013\/03\/25\/materiel-libre\/","url_meta":{"origin":840,"position":4},"title":"Mat\u00e9riel libre","author":"Alexis","date":"March 25, 2013","format":false,"excerpt":"Cela fait plusieurs mois que j'ai en chantier un article dans lequel je voulais aborder plusieurs aspects du mat\u00e9riel libre. Si aujourd'hui, je me sens un peu press\u00e9 par le temps, c'est que je voulais terminer l'article par une invitation \u00e0 vous faire participer \u00e0 un \u00e9v\u00e9nement pr\u00e8s de chez\u2026","rel":"","context":"In &quot;General&quot;","block_context":{"text":"General","link":"https:\/\/blog-alexis.monville.com\/en\/category\/all\/"},"img":{"alt_text":"","src":"https:\/\/i0.wp.com\/blog-alexis.monville.com\/en\/wp-content\/uploads\/sites\/2\/2013\/03\/arduino_due_in_hand.jpg?fit=410%2C410&ssl=1&resize=350%2C200","width":350,"height":200},"classes":[]},{"id":643,"url":"https:\/\/blog-alexis.monville.com\/en\/2009\/09\/02\/le-facteur-humain-coeur-de-lindustrie-du-logiciel-libre\/","url_meta":{"origin":840,"position":5},"title":"Le facteur humain&#8230; coeur de l&#8217;Industrie du logiciel libre","author":"Alexis","date":"September 2, 2009","format":false,"excerpt":"Paris, le 2 octobre 2009, dans le cadre du forum mondial du libre (Open World Forum) se tiendra la conf\u00e9rence : \"Le facteur humain... coeur de l'Industrie du logiciel libre.\" Comment la dimension humaine collaborative et le mode de croissance organique du Logiciel Libre peuvent transformer en profondeur le monde\u2026","rel":"","context":"In &quot;ayeba&quot;","block_context":{"text":"ayeba","link":"https:\/\/blog-alexis.monville.com\/en\/category\/ayeba\/"},"img":{"alt_text":"OWF 2009","src":"http:\/\/openworldforum.org\/owf\/portal\/contact\/OWF_200x216.jpg\/image_preview","width":350,"height":200},"classes":[]}],"jetpack_sharing_enabled":true,"_links":{"self":[{"href":"https:\/\/blog-alexis.monville.com\/en\/wp-json\/wp\/v2\/posts\/840","targetHints":{"allow":["GET"]}}],"collection":[{"href":"https:\/\/blog-alexis.monville.com\/en\/wp-json\/wp\/v2\/posts"}],"about":[{"href":"https:\/\/blog-alexis.monville.com\/en\/wp-json\/wp\/v2\/types\/post"}],"author":[{"embeddable":true,"href":"https:\/\/blog-alexis.monville.com\/en\/wp-json\/wp\/v2\/users\/1"}],"replies":[{"embeddable":true,"href":"https:\/\/blog-alexis.monville.com\/en\/wp-json\/wp\/v2\/comments?post=840"}],"version-history":[{"count":0,"href":"https:\/\/blog-alexis.monville.com\/en\/wp-json\/wp\/v2\/posts\/840\/revisions"}],"wp:attachment":[{"href":"https:\/\/blog-alexis.monville.com\/en\/wp-json\/wp\/v2\/media?parent=840"}],"wp:term":[{"taxonomy":"category","embeddable":true,"href":"https:\/\/blog-alexis.monville.com\/en\/wp-json\/wp\/v2\/categories?post=840"},{"taxonomy":"post_tag","embeddable":true,"href":"https:\/\/blog-alexis.monville.com\/en\/wp-json\/wp\/v2\/tags?post=840"}],"curies":[{"name":"wp","href":"https:\/\/api.w.org\/{rel}","templated":true}]}}