{"id":836,"date":"2010-06-11T10:24:14","date_gmt":"2010-06-11T08:24:14","guid":{"rendered":"https:\/\/blog-alexis.monville.com\/?p=836"},"modified":"2014-01-08T22:17:28","modified_gmt":"2014-01-08T21:17:28","slug":"hausse-de-salaires","status":"publish","type":"post","link":"https:\/\/blog-alexis.monville.com\/en\/2010\/06\/11\/hausse-de-salaires\/","title":{"rendered":"Hausse de Salaires"},"content":{"rendered":"<p><a href=\"https:\/\/i0.wp.com\/blog-alexis.monville.com\/wp-content\/uploads\/sites\/2\/2010\/06\/money.jpg?ssl=1\"><img data-recalc-dims=\"1\" loading=\"lazy\" decoding=\"async\" data-attachment-id=\"837\" data-permalink=\"https:\/\/blog-alexis.monville.com\/en\/2010\/06\/11\/hausse-de-salaires\/money\/\" data-orig-file=\"https:\/\/i0.wp.com\/blog-alexis.monville.com\/en\/wp-content\/uploads\/sites\/2\/2010\/06\/money.jpg?fit=300%2C200&amp;ssl=1\" data-orig-size=\"300,200\" data-comments-opened=\"1\" data-image-meta=\"{&quot;aperture&quot;:&quot;10&quot;,&quot;credit&quot;:&quot;&quot;,&quot;camera&quot;:&quot;Canon EOS Kiss X2&quot;,&quot;caption&quot;:&quot;&quot;,&quot;created_timestamp&quot;:&quot;1252085176&quot;,&quot;copyright&quot;:&quot;&quot;,&quot;focal_length&quot;:&quot;34&quot;,&quot;iso&quot;:&quot;100&quot;,&quot;shutter_speed&quot;:&quot;1&quot;,&quot;title&quot;:&quot;&quot;,&quot;orientation&quot;:&quot;1&quot;}\" data-image-title=\"money\" data-image-description=\"\" data-image-caption=\"\" data-large-file=\"https:\/\/i0.wp.com\/blog-alexis.monville.com\/en\/wp-content\/uploads\/sites\/2\/2010\/06\/money.jpg?fit=300%2C200&amp;ssl=1\" class=\"alignleft size-full wp-image-837\" style=\"margin: 10px\" title=\"money\" src=\"https:\/\/i0.wp.com\/blog-alexis.monville.com\/wp-content\/uploads\/sites\/2\/2010\/06\/money.jpg?resize=300%2C200&#038;ssl=1\" alt=\"\" width=\"300\" height=\"200\" \/><\/a>L&#8217;INSEE a publi\u00e9 en juin 2010 son \u00e9tude sur les revenus d&#8217;activit\u00e9 2008. Le salaire net moyen passe \u00e0\u00a02 069 euros nets en hausse de\u00a03,6 % (alors que les prix montaient de 2,8 %).<\/p>\n<p>Cette hausse du salaire moyen est due en grande partie aux destructions d&#8217;emplois faiblement r\u00e9mun\u00e9r\u00e9s ce qui fait monter m\u00e9caniquement la moyenne. Le premier d\u00e9cile, les 10% de revenus les plus faibles, s&#8217;\u00e9tabli \u00e0 moins de\u00a01 123 euros. Le dernier d\u00e9cile \u00e0 plus de\u00a03 267 euros net et le dernier centile (les 1% de plus gros revenus) \u00e0 plus de\u00a07 890 euros.<\/p>\n<p>Pour plus de d\u00e9tail sur cette \u00e9tude \u00e0 lire : <a href=\"http:\/\/www.insee.fr\/fr\/themes\/document.asp?ref_id=ip1300\" target=\"_blank\">http:\/\/www.insee.fr\/fr\/themes\/document.asp?ref_id=ip1300<\/a><\/p>\n<p><em>La photographie est de <\/em><a href=\"http:\/\/www.sxc.hu\/photo\/1224079\" target=\"_blank\"><em>Ivan Prole<\/em><\/a><\/p>\n","protected":false},"excerpt":{"rendered":"<p>L&#8217;INSEE a publi\u00e9 en juin 2010 son \u00e9tude sur les revenus d&#8217;activit\u00e9 2008. Le salaire net moyen passe \u00e0\u00a02 069 euros nets en hausse de\u00a03,6 % (alors que les prix montaient de 2,8 %). Cette hausse du salaire moyen est due en grande partie aux destructions d&#8217;emplois faiblement r\u00e9mun\u00e9r\u00e9s ce qui fait monter m\u00e9caniquement la [&hellip;]<\/p>\n","protected":false},"author":1,"featured_media":0,"comment_status":"open","ping_status":"open","sticky":false,"template":"","format":"standard","meta":{"advanced_seo_description":"","jetpack_seo_html_title":"","jetpack_seo_noindex":false,"jetpack_post_was_ever_published":false,"_jetpack_newsletter_access":"","_jetpack_dont_email_post_to_subs":false,"_jetpack_newsletter_tier_id":0,"_jetpack_memberships_contains_paywalled_content":false,"_jetpack_memberships_contains_paid_content":false,"footnotes":""},"categories":[1],"tags":[],"class_list":["post-836","post","type-post","status-publish","format-standard","hentry","category-all"],"jetpack_featured_media_url":"","jetpack_shortlink":"https:\/\/wp.me\/paNjQG-du","jetpack-related-posts":[{"id":936,"url":"https:\/\/blog-alexis.monville.com\/en\/2010\/11\/14\/tva-revenu-universel\/","url_meta":{"origin":836,"position":0},"title":"TVA \u00e0 100% ?","author":"Alexis","date":"November 14, 2010","format":false,"excerpt":"Avec un produit int\u00e9rieur brut d'environ 2000 milliards d'euros et un budget cumul\u00e9 de l'Etat, des collectivit\u00e9s territoriales et des comptes sociaux d'environ 1000 milliards d'euros, c'est en effet \u00e0 100% qu'il faudrait fixer le taux de TVA afin de faire de cette taxe le seul imp\u00f4t pr\u00e9lev\u00e9 en France.\u2026","rel":"","context":"In &quot;Explorateurs&quot;","block_context":{"text":"Explorateurs","link":"https:\/\/blog-alexis.monville.com\/en\/category\/explorateurs\/"},"img":{"alt_text":"","src":"https:\/\/i0.wp.com\/blog-alexis.monville.com\/wp-content\/uploads\/sites\/2\/2010\/11\/piece-euro.png?resize=350%2C200&ssl=1","width":350,"height":200},"classes":[]},{"id":1384,"url":"https:\/\/blog-alexis.monville.com\/en\/2012\/02\/04\/revenu-de-vie-2\/","url_meta":{"origin":836,"position":1},"title":"Revenu de Vie","author":"Alexis","date":"February 4, 2012","format":false,"excerpt":"Le Centre des Jeunes Dirigeants a publi\u00e9 en novembre 2011 Objectif Oikos, un livre blanc pour mettre l'\u00e9conomie au service de la vie. Ce livre blanc contient 12 propositions pour 2012 destin\u00e9es \u00e0 interpeller les candidats \u00e0 l'\u00e9lection pr\u00e9sidentielle. Parmi ces propositions, la mise en place d'une allocation universelle (un\u2026","rel":"","context":"In &quot;ayeba&quot;","block_context":{"text":"ayeba","link":"https:\/\/blog-alexis.monville.com\/en\/category\/ayeba\/"},"img":{"alt_text":"","src":"https:\/\/i0.wp.com\/blog-alexis.monville.com\/wp-content\/uploads\/sites\/2\/2012\/02\/objectif-oikos-cjd.png?resize=350%2C200&ssl=1","width":350,"height":200},"classes":[]},{"id":163,"url":"https:\/\/blog-alexis.monville.com\/en\/2008\/09\/20\/patriotisme-economique\/","url_meta":{"origin":836,"position":2},"title":"Patriotisme \u00e9conomique","author":"Alexis","date":"September 20, 2008","format":false,"excerpt":"Le patriotisme \u00e9conomique : une nouvelle politique industrielle pour le XXIe si\u00e8cle ?\u00a0 Pour \u00e9clairer la question pos\u00e9e pour cette nouvelle session des Rencontres \u00e9conomiques de l\u2019IGPDE (18 septembre 2008), Martin Pi\u00e9tri, qui rempla\u00e7ait au pied lev\u00e9 l\u2019animateur habituel Didier Ad\u00e8s, citait une source anonyme (et \u00e9nerv\u00e9e) du SGDN\u00a0: \u00ab\u00a0avec\u2026","rel":"","context":"In &quot;General&quot;","block_context":{"text":"General","link":"https:\/\/blog-alexis.monville.com\/en\/category\/all\/"},"img":{"alt_text":"","src":"","width":0,"height":0},"classes":[]},{"id":2043,"url":"https:\/\/blog-alexis.monville.com\/en\/2015\/03\/28\/club-de-lecture\/","url_meta":{"origin":836,"position":3},"title":"Club de Lecture","author":"Alexis","date":"March 28, 2015","format":false,"excerpt":"Une session du Club de Lecture de Bordeaux s'est d\u00e9roul\u00e9e ce samedi 28 mars 2015, de 10h30 \u00e0 12h00. L'id\u00e9e de proposer cette session m'\u00e9tait venu suite \u00e0 la participation au club de Toulouse que j'ai racont\u00e9 ici. 1er RDV du Club de lecture #Bordeaux initi\u00e9 par @alexismonville avec le\u2026","rel":"","context":"In &quot;General&quot;","block_context":{"text":"General","link":"https:\/\/blog-alexis.monville.com\/en\/category\/all\/"},"img":{"alt_text":"","src":"https:\/\/i0.wp.com\/blog-alexis.monville.com\/en\/wp-content\/uploads\/sites\/2\/2015\/03\/20150328-Club-De-Lecture-Workout-e1427543334391.png?fit=1200%2C848&ssl=1&resize=350%2C200","width":350,"height":200,"srcset":"https:\/\/i0.wp.com\/blog-alexis.monville.com\/en\/wp-content\/uploads\/sites\/2\/2015\/03\/20150328-Club-De-Lecture-Workout-e1427543334391.png?fit=1200%2C848&ssl=1&resize=350%2C200 1x, https:\/\/i0.wp.com\/blog-alexis.monville.com\/en\/wp-content\/uploads\/sites\/2\/2015\/03\/20150328-Club-De-Lecture-Workout-e1427543334391.png?fit=1200%2C848&ssl=1&resize=525%2C300 1.5x, https:\/\/i0.wp.com\/blog-alexis.monville.com\/en\/wp-content\/uploads\/sites\/2\/2015\/03\/20150328-Club-De-Lecture-Workout-e1427543334391.png?fit=1200%2C848&ssl=1&resize=700%2C400 2x, https:\/\/i0.wp.com\/blog-alexis.monville.com\/en\/wp-content\/uploads\/sites\/2\/2015\/03\/20150328-Club-De-Lecture-Workout-e1427543334391.png?fit=1200%2C848&ssl=1&resize=1050%2C600 3x"},"classes":[]},{"id":99,"url":"https:\/\/blog-alexis.monville.com\/en\/2008\/06\/07\/les-leviers-de-la-croissance-francaise\/","url_meta":{"origin":836,"position":4},"title":"Les leviers de la croissance fran\u00e7aise","author":"Alexis","date":"June 7, 2008","format":false,"excerpt":"Cette session des Rencontres \u00e9conomiques du 5 juin 2008 abordait un th\u00e8me d'actualit\u00e9 depuis 1975 comme le rappelait l'animateur, Didier Ad\u00e8s, de retour pour cette session... Mauvais diagnostic ? fatalit\u00e9 fran\u00e7aise ? Jean-Louis LEVET, directeur g\u00e9n\u00e9ral de l'Institut de Recherches Economiques et Sociales (IRES), proposait de faire un diagnostique actuel\u2026","rel":"","context":"In &quot;General&quot;","block_context":{"text":"General","link":"https:\/\/blog-alexis.monville.com\/en\/category\/all\/"},"img":{"alt_text":"","src":"","width":0,"height":0},"classes":[]},{"id":816,"url":"https:\/\/blog-alexis.monville.com\/en\/2010\/05\/09\/revenu-de-vie\/","url_meta":{"origin":836,"position":5},"title":"Revenu de Vie","author":"Alexis","date":"May 9, 2010","format":false,"excerpt":"Avez-vous d\u00e9j\u00e0 entendu parler du Revenu de Vie ? Peut-\u00eatre \u00eates-vous d\u00e9j\u00e0 signataire de l'Appel pour un Revenu de Vie ? Peut-\u00eatre avez-vous envie d'en savoir plus avant de vous engager dans la promotion de cette \u00e9volution de notre soci\u00e9t\u00e9 ? Qu'est-ce que le Revenu de Vie ? L'id\u00e9e du\u2026","rel":"","context":"In &quot;General&quot;","block_context":{"text":"General","link":"https:\/\/blog-alexis.monville.com\/en\/category\/all\/"},"img":{"alt_text":"","src":"https:\/\/i0.wp.com\/blog-alexis.monville.com\/wp-content\/uploads\/sites\/2\/2010\/05\/pzado-pathway1.jpg?resize=350%2C200&ssl=1","width":350,"height":200},"classes":[]}],"jetpack_sharing_enabled":true,"_links":{"self":[{"href":"https:\/\/blog-alexis.monville.com\/en\/wp-json\/wp\/v2\/posts\/836","targetHints":{"allow":["GET"]}}],"collection":[{"href":"https:\/\/blog-alexis.monville.com\/en\/wp-json\/wp\/v2\/posts"}],"about":[{"href":"https:\/\/blog-alexis.monville.com\/en\/wp-json\/wp\/v2\/types\/post"}],"author":[{"embeddable":true,"href":"https:\/\/blog-alexis.monville.com\/en\/wp-json\/wp\/v2\/users\/1"}],"replies":[{"embeddable":true,"href":"https:\/\/blog-alexis.monville.com\/en\/wp-json\/wp\/v2\/comments?post=836"}],"version-history":[{"count":1,"href":"https:\/\/blog-alexis.monville.com\/en\/wp-json\/wp\/v2\/posts\/836\/revisions"}],"predecessor-version":[{"id":1715,"href":"https:\/\/blog-alexis.monville.com\/en\/wp-json\/wp\/v2\/posts\/836\/revisions\/1715"}],"wp:attachment":[{"href":"https:\/\/blog-alexis.monville.com\/en\/wp-json\/wp\/v2\/media?parent=836"}],"wp:term":[{"taxonomy":"category","embeddable":true,"href":"https:\/\/blog-alexis.monville.com\/en\/wp-json\/wp\/v2\/categories?post=836"},{"taxonomy":"post_tag","embeddable":true,"href":"https:\/\/blog-alexis.monville.com\/en\/wp-json\/wp\/v2\/tags?post=836"}],"curies":[{"name":"wp","href":"https:\/\/api.w.org\/{rel}","templated":true}]}}